{"id":343002,"date":"2026-01-15T23:25:09","date_gmt":"2026-01-15T23:25:09","guid":{"rendered":"https:\/\/www.europesays.com\/es\/343002\/"},"modified":"2026-01-15T23:25:09","modified_gmt":"2026-01-15T23:25:09","slug":"ee-uu-suspende-emision-de-visas-de-inmigrante-a-75-paises","status":"publish","type":"post","link":"https:\/\/www.europesays.com\/es\/343002\/","title":{"rendered":"EE. UU. suspende emisi\u00f3n de visas de inmigrante a 75 pa\u00edses"},"content":{"rendered":"<p>La medida debe entrar en vigor el 21 de enero. Seg\u00fan un documento interno del Departamento de Estado\u00a0al que la agencia de noticias Reuters tuvo acceso,\u00a0se est\u00e1n revisando exhaustivamente todas las pol\u00edticas, regulaciones e instrucciones para garantizar el m\u00e1ximo nivel de verificaci\u00f3n y seguridad para todos los solicitantes de <a class=\"internal-link\" href=\"https:\/\/www.dw.com\/es\/trump-presume-sitio-web-que-vender\u00e1-visas-de-residente\/a-72877937\" rel=\"nofollow noopener\" target=\"_blank\">visas estadounidenses<\/a>.<\/p>\n<p>El documento tambi\u00e9n se\u00f1ala que los solicitantes de estos pa\u00edses representan un alto riesgo de depender de la asistencia del Gobierno estadounidense.<\/p>\n<p>\u00abPosible carga para el erario p\u00fablico\u00bb<\/p>\n<p>\u00abEl Departamento de Estado ejercer\u00e1 su autoridad de larga data para descalificar a posibles inmigrantes que se conviertan en una carga para el erario p\u00fablico y se aprovechen de la generosidad del pueblo estadounidense\u00bb, declar\u00f3 el portavoz adjunto del Departamento de Estado, Tommy Pigott.<\/p>\n<p>El Departamento de Estado ha revocado m\u00e1s de 100.000 visas desde que Trump asumi\u00f3 el cargo, seg\u00fan inform\u00f3 el lunes. El Gobierno tambi\u00e9n ha adoptado una pol\u00edtica m\u00e1s estricta para la concesi\u00f3n de visas, con un <a class=\"internal-link\" href=\"https:\/\/www.dw.com\/es\/trump-planea-revisar-redes-sociales-de-turistas-antes-de-entrar-a-ee-uu\/a-75148516\" rel=\"nofollow noopener\" target=\"_blank\">control m\u00e1s riguroso de las redes sociales<\/a> y una revisi\u00f3n m\u00e1s exhaustiva.<\/p>\n<p>Nacionales latinoamericanos afectados<\/p>\n<p>La suspensi\u00f3n afecta a varios pa\u00edses latinoamericanos y caribe\u00f1os entre los que, esta vez, a diferencia de muchas de las m\u00e1s recientes medidas antiinmigraci\u00f3n estadounidenses, no aparece <a class=\"internal-link\" href=\"https:\/\/www.dw.com\/es\/venezuela\/t-17410652\" rel=\"nofollow noopener\" target=\"_blank\">Venezuela<\/a>.<\/p>\n<p>La lista completa publicada\u00a0por Reuters, citando a un funcionario estadounidense, incluye a:<\/p>\n<p>Afganist\u00e1n, Albania, Argelia, Antigua y Barbuda, Armenia, Azerbaiy\u00e1n, Bahamas, Bangladesh, Barbados, Bielorrusia, Belice, But\u00e1n, Bosnia, <a class=\"internal-link\" href=\"https:\/\/www.dw.com\/es\/brasil\/t-17411698\" rel=\"nofollow noopener\" target=\"_blank\">Brasil<\/a>, Camboya, Camer\u00fan, Cabo Verde, <a class=\"internal-link\" href=\"https:\/\/www.dw.com\/es\/colombia\/t-17411736\" rel=\"nofollow noopener\" target=\"_blank\">Colombia<\/a>, Rep\u00fablica Democr\u00e1tica del Congo, <a class=\"internal-link\" href=\"https:\/\/www.dw.com\/es\/cuba\/t-17411744\" rel=\"nofollow noopener\" target=\"_blank\">Cuba<\/a>, Dominica, Egipto, Eritrea, Etiop\u00eda, Fiyi, Gambia, Georgia, Ghana, Granada, <a class=\"internal-link\" href=\"https:\/\/www.dw.com\/es\/guatemala\/t-17412399\" rel=\"nofollow noopener\" target=\"_blank\">Guatemala<\/a>, Guinea, Hait\u00ed, Ir\u00e1n, Irak, Costa de Marfil, Jamaica, Jordania, Kazajist\u00e1n, Kosovo, Kuwait, Kirguist\u00e1n, Laos, L\u00edbano, Liberia, Libia, Macedonia del Norte, Moldavia, Mongolia, Montenegro, Marruecos, Myanmar, Nepal, <a class=\"internal-link\" href=\"https:\/\/www.dw.com\/es\/nicaragua\/t-19469056\" rel=\"nofollow noopener\" target=\"_blank\">Nicaragua<\/a>, Nigeria, Pakist\u00e1n, Rep\u00fablica del Congo, Rusia, Ruanda, San Crist\u00f3bal y Nieves, Santa Luc\u00eda, San Vicente y las Granadinas, Senegal, Sierra Leona, Somalia, Sud\u00e1n del Sur, Sud\u00e1n, Siria, Tanzania, Tailandia, Togo, T\u00fanez, Uganda, <a class=\"internal-link\" href=\"https:\/\/www.dw.com\/es\/uruguay\/t-17410617\" rel=\"nofollow noopener\" target=\"_blank\">Uruguay<\/a>, Uzbekist\u00e1n y Yemen.<\/p>\n<p><img data-format=\"MASTER_LANDSCAPE\" data-id=\"67084920\" data-url=\"https:\/\/static.dw.com\/image\/67084920_${formatId}.jpg\" data-aspect-ratio=\"16\/9\" alt=\"Bandera estadounidense, formulario de aplicaci\u00f3n para un visado, bol\u00edgrafo y pasaporte.\" style=\"padding-bottom: 56.25%; height: 0; max-height: 0;\"\/>Si bien Trump hizo campa\u00f1a para frenar la inmigraci\u00f3n ilegal a Estados Unidos, su administraci\u00f3n tambi\u00e9n dificulta la inmigraci\u00f3n legal.Imagen: Olga Yastremska\/Pond5 Images\/IMAGO <\/p>\n<p>Contra la inmigraci\u00f3n legal o ilegal<\/p>\n<p>Trump ha implementado una amplia ofensiva contra la inmigraci\u00f3n desde que asumi\u00f3 el cargo en enero. Su administraci\u00f3n ha priorizado en\u00e9rgicamente la aplicaci\u00f3n de las leyes migratorias, <a class=\"internal-link\" href=\"https:\/\/www.dw.com\/es\/trump-y-el-masivo-reclutamiento-de-agentes-del-ice-en-eeuu\/a-75510337\" rel=\"nofollow noopener\" target=\"_blank\">enviando agentes federales<\/a> a las principales ciudades de Estados Unidos, y provocando <a class=\"internal-link\" href=\"https:\/\/www.dw.com\/es\/minnesota-demanda-al-gobierno-por-las-operaciones-del-ice\/a-75481185\" rel=\"nofollow noopener\" target=\"_blank\">enfrentamientos violentos<\/a> tanto con migrantes como\u00a0<a class=\"internal-link\" href=\"https:\/\/www.dw.com\/es\/miles-protestan-en-eeuu-por-muerte-de-mujer-a-manos-del-ice\/a-75463031\" rel=\"nofollow noopener\" target=\"_blank\">con ciudadanos estadounidenses<\/a>.<\/p>\n<p>Si bien hizo campa\u00f1a para frenar la inmigraci\u00f3n ilegal a Estados Unidos, su administraci\u00f3n tambi\u00e9n ha dificultado la inmigraci\u00f3n legal, por ejemplo, al imponer nuevas y <a class=\"internal-link\" href=\"https:\/\/www.dw.com\/es\/c\u00f3mo-la-tasa-de-trump-a-la-visa-h-1b-afectar\u00eda-a-la-econom\u00eda-estadounidense\/a-74140594\" rel=\"nofollow noopener\" target=\"_blank\">costosas tarifas a los solicitantes de visas H-1B<\/a> para trabajadores altamente cualificados.<\/p>\n<p>\u00abEsta administraci\u00f3n ha demostrado tener la agenda m\u00e1s antiinmigraci\u00f3n legal en la historia de Estados Unidos\u00bb, declar\u00f3 David Bier, director de Estudios de Inmigraci\u00f3n del Instituto\u00a0Cato y presidente de la C\u00e1tedra de Pol\u00edtica de Inmigraci\u00f3n de la Fundaci\u00f3n Selz.<\/p>\n<p>\u00abEsta medida prohibir\u00e1 el ingreso de casi la mitad de los inmigrantes legales a Estados Unidos, rechazando a unos 315.000 inmigrantes legales solo durante el pr\u00f3ximo a\u00f1o\u00bb, a\u00f1adi\u00f3 Bier.<\/p>\n<p>Poco antes de\u00a0la Copa Mundial de la FIFA 2026<\/p>\n<p>Estados Unidos ser\u00e1 coanfitri\u00f3n de la Copa Mundial de la FIFA 2026 con M\u00e9xico y Canad\u00e1, y los Juegos Ol\u00edmpicos de 2028 se celebrar\u00e1n en Los \u00c1ngeles. Pero las visas de no inmigrante, o visas temporales de turismo o negocios, no se ver\u00e1n afectadas por esta regulaci\u00f3n.<\/p>\n<p>rml (reuters, ap)<\/p>\n","protected":false},"excerpt":{"rendered":"La medida debe entrar en vigor el 21 de enero. Seg\u00fan un documento interno del Departamento de Estado\u00a0al&hellip;\n","protected":false},"author":2,"featured_media":343003,"comment_status":"","ping_status":"","sticky":false,"template":"","format":"standard","meta":{"footnotes":""},"categories":[42],"tags":[17,18,13,14,11,61,62,63,64,19,20,9,10,15,16,12,21,22,65,66,67],"class_list":{"0":"post-343002","1":"post","2":"type-post","3":"status-publish","4":"format-standard","5":"has-post-thumbnail","7":"category-internacional","8":"tag-breaking-news","9":"tag-breakingnews","10":"tag-featured-news","11":"tag-featurednews","12":"tag-headlines","13":"tag-internacional","14":"tag-international","15":"tag-international-news","16":"tag-internationalnews","17":"tag-latest-news","18":"tag-latestnews","19":"tag-news","20":"tag-noticias","21":"tag-noticias-destacadas","22":"tag-noticiasdestacadas","23":"tag-titulares","24":"tag-ultimas-noticias","25":"tag-ultimasnoticias","26":"tag-world","27":"tag-world-news","28":"tag-worldnews"},"share_on_mastodon":{"url":"https:\/\/pubeurope.com\/@es\/115901702057766494","error":""},"_links":{"self":[{"href":"https:\/\/www.europesays.com\/es\/wp-json\/wp\/v2\/posts\/343002","targetHints":{"allow":["GET"]}}],"collection":[{"href":"https:\/\/www.europesays.com\/es\/wp-json\/wp\/v2\/posts"}],"about":[{"href":"https:\/\/www.europesays.com\/es\/wp-json\/wp\/v2\/types\/post"}],"author":[{"embeddable":true,"href":"https:\/\/www.europesays.com\/es\/wp-json\/wp\/v2\/users\/2"}],"replies":[{"embeddable":true,"href":"https:\/\/www.europesays.com\/es\/wp-json\/wp\/v2\/comments?post=343002"}],"version-history":[{"count":0,"href":"https:\/\/www.europesays.com\/es\/wp-json\/wp\/v2\/posts\/343002\/revisions"}],"wp:featuredmedia":[{"embeddable":true,"href":"https:\/\/www.europesays.com\/es\/wp-json\/wp\/v2\/media\/343003"}],"wp:attachment":[{"href":"https:\/\/www.europesays.com\/es\/wp-json\/wp\/v2\/media?parent=343002"}],"wp:term":[{"taxonomy":"category","embeddable":true,"href":"https:\/\/www.europesays.com\/es\/wp-json\/wp\/v2\/categories?post=343002"},{"taxonomy":"post_tag","embeddable":true,"href":"https:\/\/www.europesays.com\/es\/wp-json\/wp\/v2\/tags?post=343002"}],"curies":[{"name":"wp","href":"https:\/\/api.w.org\/{rel}","templated":true}]}}