{"id":343004,"date":"2026-01-15T23:26:08","date_gmt":"2026-01-15T23:26:08","guid":{"rendered":"https:\/\/www.europesays.com\/es\/343004\/"},"modified":"2026-01-15T23:26:08","modified_gmt":"2026-01-15T23:26:08","slug":"sanchez-anuncia-un-gran-fondo-soberano-para-compensar-el-fin-de-las-ayudas-europeas-expansion","status":"publish","type":"post","link":"https:\/\/www.europesays.com\/es\/343004\/","title":{"rendered":"S\u00e1nchez anuncia un &quot;gran fondo soberano&quot; para compensar el fin de las ayudas europeas &#8211; Expansi\u00f3n"},"content":{"rendered":"<ol>\n<li><a href=\"https:\/\/news.google.com\/rss\/articles\/CBMigAFBVV95cUxPYTRxbFA4UWotQVJSc2dNODN5d0w0Y1VfWmdhVkUyOVhqTTlkVXRrb2VLRzdYN3dwbVQ1VEJaSUN3NWVYTWFwSTVIcGdhc2VVZjFyZjFoT21VNTFyMWhXbWxHdzkxQldOLWJ6N0F1cEduYjhsQ0VrS25XUzVJZUpQZNIBgAFBVV95cUxOYnpqZFdXcVBaZ0R2TjJSSWY1RUttRTJCMEQxWDNUeEFYUnp3UzZlWUY5SWttaGVsMWxXVVZnNENMTGxpcmlQQ2Q5em5tU21JaUZ3eVU4MUdVM0xqMXNXeExIb1J6Z2lSOWlWdHBWVVA5aHhyRlFZc1RtZ1NiZ3ExRw?oc=5\" target=\"_blank\" rel=\"nofollow noopener\">S\u00e1nchez anuncia un \u00abgran fondo soberano\u00bb para compensar el fin de las ayudas europeas<\/a>&nbsp;&nbsp;Expansi\u00f3n<\/li>\n<li><a href=\"https:\/\/news.google.com\/rss\/articles\/CBMifEFVX3lxTE8xNnlVSG45X1daVzhzbDNhOG8tV09wS3VEOTNCc3JDQzRpYWdaVnpScjkzVkMySmxFdzhKMDhCTUtLdi1kdVUyT1d3VDZaMDJWblRnRlRibUtJQnlINXppSHBiOWdoMXVUSkRIck4zQ0R1SU9lclVEWDRMUVnSAXxBVV95cUxNeVBJS2Uya01EZ0tQWjBVSnB4MEF2ZnVYdWxBTUc2VmpKeU91TzFNNVBiSjdaamsxWHhFVjVfQUhvUUY3MXA4aDNEZ3E5a3l1RmhqX3hqTnpIRUtZeXB4a0NIc05aVHNqMnhpRTVSR3ZDeWFvclhBQk1kZnpQ?oc=5\" target=\"_blank\" rel=\"nofollow noopener\">S\u00e1nchez anuncia un nuevo fondo soberano gestionado por el ICO para sustituir el dinero de los Next Generation<\/a>&nbsp;&nbsp;El Mundo<\/li>\n<li><a href=\"https:\/\/news.google.com\/rss\/articles\/CBMiowFBVV95cUxNbjhKX3UxWmt3Q0plSUNPZTBKT2hST09Sbm5BODhtS3FaV08zUWZqQ0lxYlhUVEliaTJSNDZWa1hNM0pOUm5tRWdkcmlMRFJIY0JGYVl1SFozcUdoS0NHeWJHQ09qLVFBWVZLUnBwck1GQ0ZQQmJWbko2cWFjdUM0RVF4dzVYemYwc0ZOYzkxV0IxVHZyeFBteURQeTFrcndjUGdr?oc=5\" target=\"_blank\" rel=\"nofollow noopener\">S\u00e1nchez recicla las ayudas europeas para crear un fondo con el que intervendr\u00e1 en empresas<\/a>&nbsp;&nbsp;ABC<\/li>\n<li><a href=\"https:\/\/news.google.com\/rss\/articles\/CBMipgFBVV95cUxNLXZRZlczYUtnSGhNS19rYXRpRFhNVnVCYWdHQ3NsTTBtOWJWU3dZc2pxUDNEM2h0UGNaWVJmbFRBeXFTZ1p1WHZJVXg5NUVqNUx0SEhlZ2R6YnQzYm5YQ2htaDdiM2FXNGtzT2ttalJsa0VUWW5icE10RDAwMXdtUEFGbHhVYzFxX3JqMUNMRFo4X2hLSVROR3ZzZHI5b0Z4QzZOYWlB?oc=5\" target=\"_blank\" rel=\"nofollow noopener\">Qu\u00e9 son los fondos soberanos que ha anunciado el Gobierno y qu\u00e9 pa\u00edses cuentan con ellos<\/a>&nbsp;&nbsp;infoLibre<\/li>\n<li><a href=\"https:\/\/news.google.com\/rss\/articles\/CBMinwFBVV95cUxOWGVBWkh6cm9CbDBEWlVQSlQ0N2o5X0Ewa3lRMEYxQ0daV1NSYzFOZy1VTy1uSjJ1WXJUdzdkbWRJRG40R1hOc2t6ZmNZZGhSOWNXOXBNUFhxa2R4cjIxeUN1UkZWR3ZzMHEzY2hQVEZTLXd2LW9Gd0NsbXlVZVdteVRIT2lyekZ0WW9RYUdZNUtDblgxdWxEb1lEX1c2dmPSAZ8BQVVfeXFMT21TS2FTaDY1Q1hIV3l2RHZZYjhfUjl6a2ZhelgyUTRRS1BTaFFVdk1qSG9rSEJuWjg3QldQYjRjN0RBMHMwSVBJOXFOdXd2QnlCakJtYmsxY3ZsMFhmUXpkQXhUb3l3blNZOTJPYVVNdjdGTzE5cUxuZlFIOE93MnR6bzNIUnlNVXJCZ0dFb3BXbHo5eEFhc2xKTGM3bzc0?oc=5\" target=\"_blank\" rel=\"nofollow noopener\">S\u00e1nchez anuncia un fondo soberano para movilizar 120.000 millones tras los Next Generation<\/a>&nbsp;&nbsp;El Peri\u00f3dico<\/li>\n<\/ol>\n","protected":false},"excerpt":{"rendered":"S\u00e1nchez anuncia un \u00abgran fondo soberano\u00bb para compensar el fin de las ayudas europeas&nbsp;&nbsp;Expansi\u00f3n S\u00e1nchez anuncia un nuevo&hellip;\n","protected":false},"author":2,"featured_media":343005,"comment_status":"","ping_status":"","sticky":false,"template":"","format":"standard","meta":{"footnotes":""},"categories":[8],"tags":[17,18,95,25,24,13,14,11,19,20,9,10,15,16,23,12,21,22],"class_list":{"0":"post-343004","1":"post","2":"type-post","3":"status-publish","4":"format-standard","5":"has-post-thumbnail","7":"category-espana","8":"tag-breaking-news","9":"tag-breakingnews","10":"tag-economia","11":"tag-es","12":"tag-espana","13":"tag-featured-news","14":"tag-featurednews","15":"tag-headlines","16":"tag-latest-news","17":"tag-latestnews","18":"tag-news","19":"tag-noticias","20":"tag-noticias-destacadas","21":"tag-noticiasdestacadas","22":"tag-spain","23":"tag-titulares","24":"tag-ultimas-noticias","25":"tag-ultimasnoticias"},"share_on_mastodon":{"url":"https:\/\/pubeurope.com\/@es\/115901706068777574","error":""},"_links":{"self":[{"href":"https:\/\/www.europesays.com\/es\/wp-json\/wp\/v2\/posts\/343004","targetHints":{"allow":["GET"]}}],"collection":[{"href":"https:\/\/www.europesays.com\/es\/wp-json\/wp\/v2\/posts"}],"about":[{"href":"https:\/\/www.europesays.com\/es\/wp-json\/wp\/v2\/types\/post"}],"author":[{"embeddable":true,"href":"https:\/\/www.europesays.com\/es\/wp-json\/wp\/v2\/users\/2"}],"replies":[{"embeddable":true,"href":"https:\/\/www.europesays.com\/es\/wp-json\/wp\/v2\/comments?post=343004"}],"version-history":[{"count":0,"href":"https:\/\/www.europesays.com\/es\/wp-json\/wp\/v2\/posts\/343004\/revisions"}],"wp:featuredmedia":[{"embeddable":true,"href":"https:\/\/www.europesays.com\/es\/wp-json\/wp\/v2\/media\/343005"}],"wp:attachment":[{"href":"https:\/\/www.europesays.com\/es\/wp-json\/wp\/v2\/media?parent=343004"}],"wp:term":[{"taxonomy":"category","embeddable":true,"href":"https:\/\/www.europesays.com\/es\/wp-json\/wp\/v2\/categories?post=343004"},{"taxonomy":"post_tag","embeddable":true,"href":"https:\/\/www.europesays.com\/es\/wp-json\/wp\/v2\/tags?post=343004"}],"curies":[{"name":"wp","href":"https:\/\/api.w.org\/{rel}","templated":true}]}}