{"id":343006,"date":"2026-01-15T23:27:17","date_gmt":"2026-01-15T23:27:17","guid":{"rendered":"https:\/\/www.europesays.com\/es\/343006\/"},"modified":"2026-01-15T23:27:17","modified_gmt":"2026-01-15T23:27:17","slug":"un-comandante-del-ejercito-se-presenta-en-palacio","status":"publish","type":"post","link":"https:\/\/www.europesays.com\/es\/343006\/","title":{"rendered":"un comandante del ej\u00e9rcito se presenta en palacio"},"content":{"rendered":"<p data-gtm-element-container=\"modulo-texto-link\" class=\"paragraph\">\u2018<strong>La Promesa<\/strong>\u2019 regresa con un nuevo episodio. <strong>La 1<\/strong> de Televisi\u00f3n Espa\u00f1ola emite un \u00fanico cap\u00edtulo de la serie, justo despu\u00e9s de &#8216;Valle Salvaje&#8217; y antes de &#8216;Malas lenguas&#8217;. La ficci\u00f3n es un aut\u00e9ntico fen\u00f3meno y <strong>lidera todas las tardes <\/strong>frente a la telenovela de Antena 3 y los magacines de Telecinco.<\/p>\n<p>As\u00ed es &#8216;La Promesa&#8217;: sinopsis inicial<\/p>\n<p data-gtm-element-container=\"modulo-texto-link\" class=\"paragraph\"><strong>1913<\/strong>. El mundo entero est\u00e1 al borde del abismo, pero hay remansos de paz aislados de los conflictos. Como el <strong>Palacio La Promesa<\/strong>, en el valle de Los Pedroches, propiedad de los Marqueses de Luj\u00e1n, uno de los mayores terratenientes del pa\u00eds.<\/p>\n<p>                <img loading=\"lazy\" decoding=\"async\" data-full-src=\"https:\/\/www.mundodeportivo.com\/uploads\/2026\/01\/11\/6963fe7b4e97c.jpeg\" alt=\"'La Promesa'\" width=\"449\" height=\"253\" src=\"https:\/\/www.europesays.com\/es\/wp-content\/uploads\/2026\/01\/6963fe7b4e97c.jpeg\" class=\"lazy\"\/><\/p>\n<p class=\"caption-title \">&#8216;La Promesa&#8217;<\/p>\n<p>                    RTVE<\/p>\n<p data-gtm-element-container=\"modulo-texto-link\" class=\"paragraph\">Ese d\u00eda el Palacio se viste de gala para celebrar la boda del heredero, Tom\u00e1s. Reci\u00e9n terminado el convite, la aparici\u00f3n de un aeroplano atrae la atenci\u00f3n de todos. Lo pilota Manuel, hijo de los Marqueses. De repente, <strong>el aparato pierde altura hasta estrellarse.<\/strong> Manuel est\u00e1 a punto de ser consumido por las llamas; pero alguien consigue salvarlo: Jana.<\/p>\n<p>Avance del cap\u00edtulo 756 del viernes 16 de enero<\/p>\n<p data-gtm-element-container=\"modulo-texto-link\" class=\"paragraph\">Mar\u00eda Fern\u00e1ndez y Carlo ponen las cartas sobre la mesa y discuten, neg\u00e1ndose a trabajar juntos. Teresa deduce que hay algo personal detr\u00e1s. <strong>Petra pide ayuda con la gesti\u00f3n del refugio y las cocineras se ofrecen con entusiasmo<\/strong>. Jacobo, por su parte, se disculpa con Martina. Ella no da cr\u00e9dito cuando se entera de que ha sido Adriano quien ha hecho recapacitar a su prometido.<\/p>\n<p>                <img loading=\"lazy\" decoding=\"async\" data-full-src=\"https:\/\/www.mundodeportivo.com\/uploads\/2026\/01\/11\/6963fd8a02345.jpeg\" alt=\"'La Promesa'\" width=\"449\" height=\"253\" src=\"https:\/\/www.europesays.com\/es\/wp-content\/uploads\/2026\/01\/6963fd8a02345.jpeg\" class=\"lazy\"\/><\/p>\n<p class=\"caption-title \">&#8216;La Promesa&#8217;<\/p>\n<p>                    RTVE<\/p>\n<p data-gtm-element-container=\"modulo-texto-link\" class=\"paragraph\">Vera escribe una carta a Lope y se descubre la importante casa en la que est\u00e1 trabajando ahora el cocinero. To\u00f1o y Enora informan a Manuel de que tienen nuevas empresas a las que contacta<strong>r. <\/strong>A pesar de todo lo ocurrido, Lorenzo pretende retomar los planes de boda con \u00c1ngela. <strong>Un comandante del ej\u00e9rcito se presenta en palacio con la intenci\u00f3n de hablar con Manuel. <\/strong>\u00bfSobre qu\u00e9?<\/p>\n","protected":false},"excerpt":{"rendered":"\u2018La Promesa\u2019 regresa con un nuevo episodio. La 1 de Televisi\u00f3n Espa\u00f1ola emite un \u00fanico cap\u00edtulo de la&hellip;\n","protected":false},"author":2,"featured_media":343007,"comment_status":"","ping_status":"","sticky":false,"template":"","format":"standard","meta":{"footnotes":""},"categories":[5],"tags":[17,18,25,24,13,14,11,19,20,9,10,15,16,23,12,21,22],"class_list":{"0":"post-343006","1":"post","2":"type-post","3":"status-publish","4":"format-standard","5":"has-post-thumbnail","7":"category-titulares","8":"tag-breaking-news","9":"tag-breakingnews","10":"tag-es","11":"tag-espana","12":"tag-featured-news","13":"tag-featurednews","14":"tag-headlines","15":"tag-latest-news","16":"tag-latestnews","17":"tag-news","18":"tag-noticias","19":"tag-noticias-destacadas","20":"tag-noticiasdestacadas","21":"tag-spain","22":"tag-titulares","23":"tag-ultimas-noticias","24":"tag-ultimasnoticias"},"share_on_mastodon":{"url":"https:\/\/pubeurope.com\/@es\/115901709881762679","error":""},"_links":{"self":[{"href":"https:\/\/www.europesays.com\/es\/wp-json\/wp\/v2\/posts\/343006","targetHints":{"allow":["GET"]}}],"collection":[{"href":"https:\/\/www.europesays.com\/es\/wp-json\/wp\/v2\/posts"}],"about":[{"href":"https:\/\/www.europesays.com\/es\/wp-json\/wp\/v2\/types\/post"}],"author":[{"embeddable":true,"href":"https:\/\/www.europesays.com\/es\/wp-json\/wp\/v2\/users\/2"}],"replies":[{"embeddable":true,"href":"https:\/\/www.europesays.com\/es\/wp-json\/wp\/v2\/comments?post=343006"}],"version-history":[{"count":0,"href":"https:\/\/www.europesays.com\/es\/wp-json\/wp\/v2\/posts\/343006\/revisions"}],"wp:featuredmedia":[{"embeddable":true,"href":"https:\/\/www.europesays.com\/es\/wp-json\/wp\/v2\/media\/343007"}],"wp:attachment":[{"href":"https:\/\/www.europesays.com\/es\/wp-json\/wp\/v2\/media?parent=343006"}],"wp:term":[{"taxonomy":"category","embeddable":true,"href":"https:\/\/www.europesays.com\/es\/wp-json\/wp\/v2\/categories?post=343006"},{"taxonomy":"post_tag","embeddable":true,"href":"https:\/\/www.europesays.com\/es\/wp-json\/wp\/v2\/tags?post=343006"}],"curies":[{"name":"wp","href":"https:\/\/api.w.org\/{rel}","templated":true}]}}