{"id":343026,"date":"2026-01-15T23:42:08","date_gmt":"2026-01-15T23:42:08","guid":{"rendered":"https:\/\/www.europesays.com\/es\/343026\/"},"modified":"2026-01-15T23:42:08","modified_gmt":"2026-01-15T23:42:08","slug":"terror-zombie-en-28-anos-despues","status":"publish","type":"post","link":"https:\/\/www.europesays.com\/es\/343026\/","title":{"rendered":"Terror zombie en &#8217;28 a\u00f1os despu\u00e9s&#8217;"},"content":{"rendered":"<p>Lo de que Julio Iglesias sea m\u00e1s truhan que se\u00f1or (y lo sabes) es lo que le faltaba a la semana negra del Real Madrid,  &#8230; s\u00f3lo superada por la de los Ayatol\u00e1s. Pero en este trocito infrafinanciado del levante tenemos un motivo de alegr\u00eda: las siete nominaciones a los Goya del producto local &#8216;Sorda&#8217;. No os la perd\u00e1is.<\/p>\n<p class=\"v-p\">Mientras vuelve a las salas tenemos estrenos. Destaca una de ciencia ficci\u00f3n de cat\u00e1strofes futuristas que vi\u00e9ndola se puede comprobar la degeneraci\u00f3n en que caen algunas sagas cinematogr\u00e1ficas que r\u00edete t\u00fa de la endogamia en las monta\u00f1as de Virginia Occidental. Eso sucede en &#8217;28 a\u00f1os despu\u00e9s: el templo de los huesos&#8217; (imprevisible alarde de originalidad en el t\u00edtulo sabiendo que es sucesora de &#8217;28 d\u00edas despu\u00e9s&#8217; y &#8217;28 semanas despu\u00e9s&#8217;).<\/p>\n<p class=\"v-p\">Por si alguien no ha visto las dos anteriores la cosa va de una extra\u00f1a infecci\u00f3n de rabia que convierte a todos los habitantes del Reino Unido en furiosos y violentos (vamos, en un hooligan). En la que llega hoy se ha consolidado una sociedad de supervivientes a lo Mad Max enfrentados a los infectados. La c\u00fapula del trueno aqu\u00ed es una especie de nueva religi\u00f3n que se convierte en un crisol averiado. La extraordinaria puesta en escena y la fidelidad al libro de estilo de la serie han propiciado una recaudaci\u00f3n record de m\u00e1s de 150 millones de d\u00f3lares.<\/p>\n<p class=\"v-p\">Leonie &#8216;La sala de profesores&#8217; Benesch se ha descubierto como una de las m\u00e1s s\u00f3lidas j\u00f3venes int\u00e9rpretes alemanas, y en &#8216;Turno de guardia&#8217;, una especie de cap\u00edtulo de serie de hospital dirigido por Aaron Sorkin, lo vuelve a demostrar. Un film esplendido donde la tensi\u00f3n arterial y las pulsaciones van subiendo sin parar para que comprendamos el estresante trabajo de las enfermeras (sobrina, va por ti).<\/p>\n<p class=\"v-p\">&#8216;El hombre menguante&#8217; no es un documental sobre S\u00e1nchez, sino una nueva versi\u00f3n (innecesaria) de una de las primeras historias del fant\u00e1stico en el cine, la de un hombre que empieza a perder volumen, hasta la inexorable extinci\u00f3n. Esta francesa cuenta con Jean Dujardin como el h\u00e9roe que debe sobrevivir. Cin\u00e9filos, en ella encontraremos la m\u00edtica escena del gato. <\/p>\n<p class=\"v-p\">Basada en una historia real llega a las pantallas &#8216;El sendero de la sal&#8217;. Un melodrama sin contemplaciones en que se cuenta el \u00faltimo viaje, por las costas inglesas, de un matrimonio que lo ha perdido todo justo cuando al marido le diagnostican una enfermedad terminal. Un camino de brasas ardiendo en la que el pa\u00f1uelo debe estar cerca para embalsar las l\u00e1grimas. No apta para usuarios del maravilloso Tel\u00e9fono de la Esperanza, a pesar de las buenas interpretaciones de Jason Isaacs y Gillian Anderson.<\/p>\n<p class=\"v-p\">El expl\u00edcito t\u00edtulo &#8216;Si pudiera, te dar\u00eda una patada&#8217; (pensamiento que todos hemos dedicado a alguien) es desde luego intrigante, aunque s\u00f3lo sea por averiguar de qu\u00e9 va. Y lo que cuenta es &#8216;Un d\u00eda de furia&#8217; (1993) de una mujer. Dram\u00f3n de primer orden, con una madre agotada y desesperanzada, con una situaci\u00f3n familiar parecida a la de los Maduro, que se lleva mal hasta con su psic\u00f3logo (y eso que le paga). Definitivamente no es el viernes propicio para depresivos. <\/p>\n<p class=\"v-p\">Estos d\u00edas se conocieron las nominaciones a los Goya, precisamente al tiempo que nos informaban que la taquilla del cine espa\u00f1ol hab\u00eda vuelto a bajar en 2025. La que tiene m\u00e1s nominaciones es &#8216;Los domingos&#8217;. Una pel\u00edcula maravillosamente impropia de estos tiempos. No es ni contemplativa ni combativa, ni trascendente ni mundana, ni siquiera es panfletaria en ning\u00fan sentido, es simplemente muy humana. I-m-p-r-e-s-c-i-n-d-i-b-l-e.<\/p>\n<p class=\"v-p\">Una belga de animaci\u00f3n cierra los estrenos con unos animales antropom\u00f3rficos (si te gusta eso, s\u00f3lo hay que ver la serie &#8216;Animal&#8217; donde los perros tienen dislexia). Un mont\u00f3n de aventuras a lo Indiana Jones, bueno, m\u00e1s bien a lo Tadeo Jones.<\/p>\n<p class=\"v-p\">Que teng\u00e1is una semana de cine.<\/p>\n","protected":false},"excerpt":{"rendered":"Lo de que Julio Iglesias sea m\u00e1s truhan que se\u00f1or (y lo sabes) es lo que le faltaba&hellip;\n","protected":false},"author":2,"featured_media":343027,"comment_status":"","ping_status":"","sticky":false,"template":"","format":"standard","meta":{"footnotes":""},"categories":[169],"tags":[988,177,987,146,147,25,24,176,175,23,6667,77975],"class_list":{"0":"post-343026","1":"post","2":"type-post","3":"status-publish","4":"format-standard","5":"has-post-thumbnail","7":"category-cine","8":"tag-anos","9":"tag-cine","10":"tag-despues","11":"tag-entertainment","12":"tag-entretenimiento","13":"tag-es","14":"tag-espana","15":"tag-film","16":"tag-movies","17":"tag-spain","18":"tag-terror","19":"tag-zombie"},"share_on_mastodon":{"url":"https:\/\/pubeurope.com\/@es\/115901768920758147","error":""},"_links":{"self":[{"href":"https:\/\/www.europesays.com\/es\/wp-json\/wp\/v2\/posts\/343026","targetHints":{"allow":["GET"]}}],"collection":[{"href":"https:\/\/www.europesays.com\/es\/wp-json\/wp\/v2\/posts"}],"about":[{"href":"https:\/\/www.europesays.com\/es\/wp-json\/wp\/v2\/types\/post"}],"author":[{"embeddable":true,"href":"https:\/\/www.europesays.com\/es\/wp-json\/wp\/v2\/users\/2"}],"replies":[{"embeddable":true,"href":"https:\/\/www.europesays.com\/es\/wp-json\/wp\/v2\/comments?post=343026"}],"version-history":[{"count":0,"href":"https:\/\/www.europesays.com\/es\/wp-json\/wp\/v2\/posts\/343026\/revisions"}],"wp:featuredmedia":[{"embeddable":true,"href":"https:\/\/www.europesays.com\/es\/wp-json\/wp\/v2\/media\/343027"}],"wp:attachment":[{"href":"https:\/\/www.europesays.com\/es\/wp-json\/wp\/v2\/media?parent=343026"}],"wp:term":[{"taxonomy":"category","embeddable":true,"href":"https:\/\/www.europesays.com\/es\/wp-json\/wp\/v2\/categories?post=343026"},{"taxonomy":"post_tag","embeddable":true,"href":"https:\/\/www.europesays.com\/es\/wp-json\/wp\/v2\/tags?post=343026"}],"curies":[{"name":"wp","href":"https:\/\/api.w.org\/{rel}","templated":true}]}}