{"id":343038,"date":"2026-01-15T23:49:11","date_gmt":"2026-01-15T23:49:11","guid":{"rendered":"https:\/\/www.europesays.com\/es\/343038\/"},"modified":"2026-01-15T23:49:11","modified_gmt":"2026-01-15T23:49:11","slug":"la-huelga-medica-concluye-con-buenas-noticias-para-la-privatizacion-sanitaria-nortes","status":"publish","type":"post","link":"https:\/\/www.europesays.com\/es\/343038\/","title":{"rendered":"La huelga m\u00e9dica concluye con buenas noticias para la privatizaci\u00f3n sanitaria\u00a0 &#8211; Nortes"},"content":{"rendered":"<p>El <strong>Servicio de Salud del Principado (Sespa)<\/strong> y el <strong>Sindicato M\u00e9dico Profesional de Asturias (Simpa)<\/strong> han suscrito este jueves un acuerdo que incluye la flexibilizaci\u00f3n de las guardias m\u00e9dicas para evitar las jornadas superiores a doce horas, reducir en un 60 por ciento la penalizaci\u00f3n por la falta de exclusividad, incrementar los salarios de los <strong>MIR<\/strong> y rebajar las agendas en Atenci\u00f3n Primaria.<\/p>\n<p>El <strong>Sespa<\/strong> y la organizaci\u00f3n sindical han firmado este acuerdo de salida de huelga en el segundo d\u00eda de paro convocado por el <strong>Simpa <\/strong>en el Principado para mostrar su rechazo al anteproyecto de Estatuto Marco elaborado por el Ministerio y tambi\u00e9n para exigir a la administraci\u00f3n asturiana mejoras laborales.<\/p>\n<p>\u201cEstamos satisfechos, porque es muy importante llegar a acuerdos con las organizaciones sindicales. Esto es un antes y un despu\u00e9s\u201d, ha destacado, en declaraciones a los periodistas, la consejera de Salud, <strong>Concepci\u00f3n Saavedra<\/strong>.<\/p>\n<p>El <strong>Sespa<\/strong> trabajar\u00e1 para introducir cambios en el modelo organizativo con el objetivo de flexibilidad de forma paulatina las guardias e ir a jornadas de doce horas, frente a las 17 y 24 horas establecidas, en aquellos \u201cservicios que lo soliciten o donde se pueda llevar a cabo\u201d en funci\u00f3n del n\u00famero de profesionales.\u00a0<\/p>\n<p>La reducci\u00f3n de la jornada laboral era una demanda de todo el sector, pero no as\u00ed el fin de la exclusividad con la p\u00fablica, que solo demandaba el<strong> Simpa<\/strong>, hegem\u00f3nico en la profesi\u00f3n.<\/p>\n","protected":false},"excerpt":{"rendered":"El Servicio de Salud del Principado (Sespa) y el Sindicato M\u00e9dico Profesional de Asturias (Simpa) han suscrito este&hellip;\n","protected":false},"author":2,"featured_media":343039,"comment_status":"","ping_status":"","sticky":false,"template":"","format":"standard","meta":{"footnotes":""},"categories":[8],"tags":[17,18,77977,4007,25,24,13,14,11,19,20,9,10,15,16,1811,59615,77978,23,12,21,22],"class_list":{"0":"post-343038","1":"post","2":"type-post","3":"status-publish","4":"format-standard","5":"has-post-thumbnail","7":"category-espana","8":"tag-breaking-news","9":"tag-breakingnews","10":"tag-concepcion-saavedra","11":"tag-destacado","12":"tag-es","13":"tag-espana","14":"tag-featured-news","15":"tag-featurednews","16":"tag-headlines","17":"tag-latest-news","18":"tag-latestnews","19":"tag-news","20":"tag-noticias","21":"tag-noticias-destacadas","22":"tag-noticiasdestacadas","23":"tag-sanidad","24":"tag-sespa","25":"tag-simpa","26":"tag-spain","27":"tag-titulares","28":"tag-ultimas-noticias","29":"tag-ultimasnoticias"},"share_on_mastodon":{"url":"https:\/\/pubeurope.com\/@es\/115901796521784993","error":""},"_links":{"self":[{"href":"https:\/\/www.europesays.com\/es\/wp-json\/wp\/v2\/posts\/343038","targetHints":{"allow":["GET"]}}],"collection":[{"href":"https:\/\/www.europesays.com\/es\/wp-json\/wp\/v2\/posts"}],"about":[{"href":"https:\/\/www.europesays.com\/es\/wp-json\/wp\/v2\/types\/post"}],"author":[{"embeddable":true,"href":"https:\/\/www.europesays.com\/es\/wp-json\/wp\/v2\/users\/2"}],"replies":[{"embeddable":true,"href":"https:\/\/www.europesays.com\/es\/wp-json\/wp\/v2\/comments?post=343038"}],"version-history":[{"count":0,"href":"https:\/\/www.europesays.com\/es\/wp-json\/wp\/v2\/posts\/343038\/revisions"}],"wp:featuredmedia":[{"embeddable":true,"href":"https:\/\/www.europesays.com\/es\/wp-json\/wp\/v2\/media\/343039"}],"wp:attachment":[{"href":"https:\/\/www.europesays.com\/es\/wp-json\/wp\/v2\/media?parent=343038"}],"wp:term":[{"taxonomy":"category","embeddable":true,"href":"https:\/\/www.europesays.com\/es\/wp-json\/wp\/v2\/categories?post=343038"},{"taxonomy":"post_tag","embeddable":true,"href":"https:\/\/www.europesays.com\/es\/wp-json\/wp\/v2\/tags?post=343038"}],"curies":[{"name":"wp","href":"https:\/\/api.w.org\/{rel}","templated":true}]}}