{"id":343040,"date":"2026-01-15T23:50:13","date_gmt":"2026-01-15T23:50:13","guid":{"rendered":"https:\/\/www.europesays.com\/es\/343040\/"},"modified":"2026-01-15T23:50:13","modified_gmt":"2026-01-15T23:50:13","slug":"la-fiscalia-del-tribunal-supremo-archiva-la-denuncia-del-psoe-contra-el-alcalde-de-algeciras-por-malversacion-y-acoso","status":"publish","type":"post","link":"https:\/\/www.europesays.com\/es\/343040\/","title":{"rendered":"La Fiscal\u00eda del Tribunal Supremo archiva la denuncia del PSOE contra el alcalde de Algeciras por \u00abmalversaci\u00f3n y acoso\u00bb"},"content":{"rendered":"<p class=\"article-text\">\n        La Fiscal\u00eda del Tribunal Supremo ha decidido archivar la denuncia presentada por la secretaria general del PSOE de Algeciras y parlamentaria andaluza, Roc\u00edo Arrabal (contra la que <a href=\"https:\/\/www.eldiario.es\/andalucia\/cadiz\/alcalde-algeciras-querella-rocio-arrabal-psoe-injurias-calumnias-denuncias-abusos_1_12889893.html\" target=\"_blank\" data-mrf-recirculation=\"links-noticia\" class=\"link\" rel=\"nofollow noopener\">se querell\u00f3 el regidor por injurias<\/a>), y por la vicesecretaria de Acci\u00f3n Pol\u00edtica del PSOE local, Isabel Beneroso, contra el alcalde de la ciudad, Jos\u00e9 Ignacio Landaluce, que se\u00f1alaba supuestos delitos de \u201cmalversaci\u00f3n de caudales p\u00fablicos, tr\u00e1fico de influencias y acoso o abuso sexual\u201d.\n    <\/p>\n<p>    <a href=\"https:\/\/www.eldiario.es\/andalucia\/cadiz\/dirigente-pp-edil-algeciras-desequilibrio-mental-airear-supuestos-abusos-alcalde-rectificar-trastorno-presiono_1_12853461.html\" data-mrf-recirculation=\"saber-mas\" data-dl-event=\"saber-mas\" rel=\"nofollow noopener\" target=\"_blank\"><\/p>\n<p class=\"know-more__title\">Un dirigente del PP presion\u00f3 a la edil que aire\u00f3 los supuestos abusos del alcalde de Algeciras para fingir un trastorno y rectificar<\/p>\n<p>            <img decoding=\"async\" class=\"lazy\" loading=\"lazy\" data-src=\"https:\/\/static.eldiario.es\/clip\/18e59aeb-8ab3-4fd6-8aea-9d04c2ae47a1_16-9-aspect-ratio_default_0.jpg\" src=\"data:image\/svg+xml,%3Csvg xmlns=\" http:=\"\" viewbox=\"0 0 880 495\" alt=\"Un dirigente del PP presion\u00f3 a la edil que aire\u00f3 los supuestos abusos del alcalde de Algeciras para fingir un trastorno y rectificar\"\/><\/p>\n<p>                        <\/a><\/p>\n<p class=\"article-text\">\n        Seg\u00fan consta en el auto al que ha tenido acceso Europa Press, el fiscal jefe de la Sala de lo Penal indica que, mediante decreto del fiscal instructor del pasado 9 de enero, se ha acordado el archivo de las diligencias.\n    <\/p>\n<p class=\"article-text\">\n        La decisi\u00f3n se adopta al amparo de los art\u00edculos 773.2 de la Ley de Enjuiciamiento Criminal y 5.1 del Estatuto Org\u00e1nico del Ministerio Fiscal, al no existir en la actualidad investigaciones activas en las que pudiera formalizarse la personaci\u00f3n interesada.\n    <\/p>\n<p class=\"article-text\">\n        Como consecuencia de la denuncia de los socialistas, y ante el terremoto pol\u00edtico que desat\u00f3, Landaluce <a href=\"https:\/\/www.eldiario.es\/andalucia\/alcalde-algeciras-suspende-militancia-pp-denuncia-acoso-malversacion_1_12833479.html\" target=\"_blank\" data-mrf-recirculation=\"links-noticia\" class=\"link\" rel=\"nofollow noopener\">renunci\u00f3 el 10 de diciembre a la presidencia del PP local<\/a> y a todos sus cargos org\u00e1nicos. En la actualidad se mantiene como alcalde pero en calidad de concejal no adscrito, tras formalizar el pasado 2 de enero su salida del grupo municipal del PP. La misma situaci\u00f3n se repite en su condici\u00f3n como senador: no ha renunciado al acta, pero no pertenece al grupo popular.\n    <\/p>\n<p>    Aclaraci\u00f3n de su papel como alcalde<\/p>\n<p class=\"article-text\">\n        Precisamente, el Ayuntamiento de Algeciras ha convocado para el pr\u00f3ximo lunes una Junta de Portavoces para dar informaci\u00f3n \u201cclara, directa y con base jur\u00eddica\u201d sobre la situaci\u00f3n institucional del Consistorio tras la comunicaci\u00f3n registrada el 2 de enero relativa a la baja del alcalde, Jos\u00e9 Ignacio Landaluce, en el grupo municipal del PP.\n    <\/p>\n<p class=\"article-text\">\n        Seg\u00fan ha indicado en una nota, el objetivo es informar \u201ccon transparencia y sin interpretaciones interesadas\u201d, antes de que se produzca la correspondiente daci\u00f3n de cuenta al pleno, tal y como establece la normativa municipal. En este sentido, ha a\u00f1adido que el Ayuntamiento considera \u201cimprescindible que todos los grupos municipales dispongan de la misma informaci\u00f3n, al mismo tiempo y con total rigor\u201d.\n    <\/p>\n<p>    <a href=\"https:\/\/www.eldiario.es\/andalucia\/moreno-descarta-forzar-salida-alcalde-algeciras-denunciado-abusos-sexuales-no-pp_1_12855470.html\" data-mrf-recirculation=\"saber-mas-abajo\" data-dl-event=\"saber-mas-abajo\" rel=\"nofollow noopener\" target=\"_blank\"><\/p>\n<p class=\"know-more__title\">El alcalde de Algeciras se atrinchera tras las denuncias de abusos y Moreno evita forzar su dimisi\u00f3n porque \u201cno es del PP\u201d<\/p>\n<p>            <img decoding=\"async\" class=\"lazy\" loading=\"lazy\" data-src=\"https:\/\/static.eldiario.es\/clip\/e31d7905-7146-4f53-a173-c893f4669134_16-9-aspect-ratio_default_0_x886y567.jpg\" src=\"data:image\/svg+xml,%3Csvg xmlns=\" http:=\"\" viewbox=\"0 0 880 495\" alt=\"El alcalde de Algeciras se atrinchera tras las denuncias de abusos y Moreno evita forzar su dimisi\u00f3n porque &quot;no es del PP&quot;\"\/><\/p>\n<p>                        <\/a><\/p>\n<p class=\"article-text\">\n        Asimismo, ha indicado que la realidad es que el alcalde pasa a la condici\u00f3n de concejal no adscrito, \u201cpero esto no afecta a su condici\u00f3n de alcalde ni supone cambio alguno en el ejercicio de sus atribuciones\u201d. \u201cEl Ayuntamiento sigue funcionando con normalidad, con estabilidad y con plena garant\u00eda legal\u201d, ha asegurado.\n    <\/p>\n<p class=\"article-text\">\n        A trav\u00e9s de nuestro <a href=\"https:\/\/t.me\/eldiarioand\" target=\"_blank\" data-mrf-recirculation=\"links-noticia\" class=\"link\" rel=\"nofollow\">canal en Telegram<\/a> trasladamos de forma inmediata lo que ocurre en Andaluc\u00eda: \u00faltimas noticias que van aconteciendo, o donde, simplemente, te ofrecemos un resumen de la informaci\u00f3n m\u00e1s relevante del d\u00eda.\n    <\/p>\n<p class=\"article-text\">\n        <a href=\"https:\/\/t.me\/eldiarioand\" target=\"_blank\" data-mrf-recirculation=\"links-noticia\" class=\"link\" rel=\"nofollow\">Suscr\u00edbete a nuestro canal en este enlace<\/a>.\n    <\/p>\n","protected":false},"excerpt":{"rendered":"La Fiscal\u00eda del Tribunal Supremo ha decidido archivar la denuncia presentada por la secretaria general del PSOE de&hellip;\n","protected":false},"author":2,"featured_media":343041,"comment_status":"","ping_status":"","sticky":false,"template":"","format":"standard","meta":{"footnotes":""},"categories":[5],"tags":[1705,259,17,18,2760,3854,25,24,13,14,494,11,1667,19,20,3855,9,10,15,16,1925,1171,23,12,21,22],"class_list":{"0":"post-343040","1":"post","2":"type-post","3":"status-publish","4":"format-standard","5":"has-post-thumbnail","7":"category-titulares","8":"tag-analisis","9":"tag-andalucia","10":"tag-breaking-news","11":"tag-breakingnews","12":"tag-cordoba","13":"tag-eldiario-es","14":"tag-es","15":"tag-espana","16":"tag-featured-news","17":"tag-featurednews","18":"tag-granada","19":"tag-headlines","20":"tag-informacion","21":"tag-latest-news","22":"tag-latestnews","23":"tag-malaga","24":"tag-news","25":"tag-noticias","26":"tag-noticias-destacadas","27":"tag-noticiasdestacadas","28":"tag-opinion","29":"tag-sevilla","30":"tag-spain","31":"tag-titulares","32":"tag-ultimas-noticias","33":"tag-ultimasnoticias"},"share_on_mastodon":{"url":"https:\/\/pubeurope.com\/@es\/115901800296249089","error":""},"_links":{"self":[{"href":"https:\/\/www.europesays.com\/es\/wp-json\/wp\/v2\/posts\/343040","targetHints":{"allow":["GET"]}}],"collection":[{"href":"https:\/\/www.europesays.com\/es\/wp-json\/wp\/v2\/posts"}],"about":[{"href":"https:\/\/www.europesays.com\/es\/wp-json\/wp\/v2\/types\/post"}],"author":[{"embeddable":true,"href":"https:\/\/www.europesays.com\/es\/wp-json\/wp\/v2\/users\/2"}],"replies":[{"embeddable":true,"href":"https:\/\/www.europesays.com\/es\/wp-json\/wp\/v2\/comments?post=343040"}],"version-history":[{"count":0,"href":"https:\/\/www.europesays.com\/es\/wp-json\/wp\/v2\/posts\/343040\/revisions"}],"wp:featuredmedia":[{"embeddable":true,"href":"https:\/\/www.europesays.com\/es\/wp-json\/wp\/v2\/media\/343041"}],"wp:attachment":[{"href":"https:\/\/www.europesays.com\/es\/wp-json\/wp\/v2\/media?parent=343040"}],"wp:term":[{"taxonomy":"category","embeddable":true,"href":"https:\/\/www.europesays.com\/es\/wp-json\/wp\/v2\/categories?post=343040"},{"taxonomy":"post_tag","embeddable":true,"href":"https:\/\/www.europesays.com\/es\/wp-json\/wp\/v2\/tags?post=343040"}],"curies":[{"name":"wp","href":"https:\/\/api.w.org\/{rel}","templated":true}]}}