{"id":343072,"date":"2026-01-16T00:13:13","date_gmt":"2026-01-16T00:13:13","guid":{"rendered":"https:\/\/www.europesays.com\/es\/343072\/"},"modified":"2026-01-16T00:13:13","modified_gmt":"2026-01-16T00:13:13","slug":"para-simples-tus-fotos-ensenando-los-cocos","status":"publish","type":"post","link":"https:\/\/www.europesays.com\/es\/343072\/","title":{"rendered":"Para simples, tus fotos ense\u00f1ando los cocos"},"content":{"rendered":"<p class=\"article-text\">\n        <strong>Sarah Santaolalla<\/strong> y <strong>Elisa Vigil<\/strong>, diputada del PP en la Asamblea de Madrid, han protagonizado un fuerte encontronazo en el plat\u00f3 de <strong>En boca de todos<\/strong> (Cuatro) este jueves 15 de enero.\n    <\/p>\n<p>    <a href=\"https:\/\/www.eldiario.es\/vertele\/videos\/actualidad\/ministra-vivienda-replica-banderas-critica-pedro-sanchez-hormiguero-admiro-no-comparto_7_12910609.html\" data-mrf-recirculation=\"saber-mas\" data-dl-event=\"saber-mas\" rel=\"nofollow noopener\" target=\"_blank\"><\/p>\n<p class=\"know-more__title\">La ministra de Vivienda replica a Banderas tras su cr\u00edtica a Pedro S\u00e1nchez y su reflexi\u00f3n pol\u00edtica en &#8216;El Hormiguero&#8217;<\/p>\n<p>            <img decoding=\"async\" class=\"lazy\" loading=\"lazy\" data-src=\"https:\/\/static.eldiario.es\/clip\/5d61877a-4ba3-4a4d-89e2-fef3fbe652b8_16-9-aspect-ratio_default_0.jpg\" src=\"data:image\/svg+xml,%3Csvg xmlns=\" http:=\"\" viewbox=\"0 0 880 495\" alt=\"La ministra de Vivienda replica a Banderas tras su cr\u00edtica a Pedro S\u00e1nchez y su reflexi\u00f3n pol\u00edtica en 'El Hormiguero'\"\/><\/p>\n<p>                            <img decoding=\"async\" class=\"ni-multimedia\" src=\"https:\/\/www.eldiario.es\/assets\/img\/svg\/icons\/gallery-video.h-2e826467718e0ad0cb33a0bdb174f603.svg\" alt=\"La ministra de Vivienda replica a Banderas tras su cr\u00edtica a Pedro S\u00e1nchez y su reflexi\u00f3n pol\u00edtica en 'El Hormiguero'\"\/><br \/>\n                        <\/a><\/p>\n<p class=\"article-text\">\n        El programa de <strong>Nacho Abad<\/strong> hab\u00eda invitado a Vigil despu\u00e9s de que esta publicara en las redes sociales un v\u00eddeo en el que se le ve bailando la danza \u201c\u00bfD\u00f3nde est\u00e1n los comunistas?\u201d, dedicada a \u201ctodos los rojos de este pa\u00eds\u201d que no han dicho \u201cni mu\u201d desde que Estados Unidos captur\u00f3 a <strong>Nicol\u00e1s Maduro<\/strong> el pasado 3 de enero. La diputada madrile\u00f1a mencion\u00f3 expl\u00edcitamente a Ram\u00f3n Espinar y a la propia Santaolalla, ambos presentes en el plat\u00f3.\n    <\/p>\n<p class=\"article-text\">\n        No tard\u00f3 en responder la analista para criticar que algunos pol\u00edticos tengan <strong>este tipo de comportamientos \u201cfrikis\u201d<\/strong> en las redes sociales. Dicho esto, se neg\u00f3 a recibir \u201clecciones\u201d de quienes han \u201capoyado el golpismo\u201d, las \u201cilegalidades\u201d y los \u201cbombardeos\u201d contra el Gobierno de Venezuela: \u201c\u00bfQu\u00e9 vais a hacer para sacar a Delcy Rodr\u00edguez, que dec\u00edais que no la quer\u00edais, y resulta que os hab\u00e9is doblegado ante un poderoso como Donald Trump?\u201d.\n    <\/p>\n<p class=\"article-text\">\n        Elisa Vigil esquiv\u00f3 la pregunta y <strong>calific\u00f3 de \u201csimplista\u201d<\/strong> el an\u00e1lisis de Santaolalla. Tan simplista \u201ccomo tus bailes\u201d, le espet\u00f3 la colaboradora, que no se esperaba un comentario c<strong>omo el que estaba a punto de recibir por parte de su interlocutora. <\/strong>\u201cPara simples tus fotos ense\u00f1ando los cocos con el escote hasta aqu\u00ed\u201d, solt\u00f3 la diputada del PP.\n    <\/p>\n<p class=\"article-text\">\n        Las palabras de Vigil dejaron estupefactos tanto a Santaolalla como al presentador del programa, que le pidi\u00f3 que no siguiera por ese camino. Por su parte, la tertuliana, completamente indignada, <strong>conden\u00f3 una y otra vez que esta \u201cchoni de los cojones\u201d hubiera lanzado contra ella semejante \u201cmachistada\u201d y \u201cvulgaridad\u201d<\/strong>. \u201c\u00bfTengo que aguantar yo que una tipa choni y vulgar insin\u00fae c\u00f3mo nos tenemos que vestir las mujeres en el a\u00f1o 2026?\u201d, pregunt\u00f3 a sus compa\u00f1eros de Mediaset. \u201cPor mujeres como t\u00fa nos violan en las calles, por mujeres como t\u00fa nos agreden en las casas y nos insultan en las redes sociales. Las mujeres podemos ir vestidas como nos salga de las partes de abajo y de arriba\u201d, prosigui\u00f3 mientras Nacho Abad intentaba poner orden entre ellas.\n    <\/p>\n<p class=\"article-text\">\n        Lo consigui\u00f3 al cabo de unos segundos, aunque Elisa Vigil retom\u00f3 la palabra para insistir en la idea de que \u201cla catedr\u00e1tica\u201d Sarah Santaolalla hab\u00eda hecho una \u201clectura simple\u201d de la relaci\u00f3n entre el PP, Venezuela y Donald Trump. No tardar\u00edan en enzarzarse de nuevo, as\u00ed que moderador de la tertulia dio por acabado el debate y les reproch\u00f3 que se hubieran descalificado de esa manera:<strong> \u201cLo de los cocos me parece fatal, de muy mala educaci\u00f3n. Y me parece muy mal que la llames &#8216;choni de los cojones&#8217; porque es una falta de respeto\u201d<\/strong>.\n    <\/p>\n<p class=\"article-text\">\n        Aunque Nacho Abad le dio la oportunidad de rectificar, Elisa Vigil se neg\u00f3 a hacerlo.\n    <\/p>\n<blockquote class=\"twitter-tweet\" data-media-max-width=\"560\">\n<p lang=\"es\" dir=\"ltr\">\u201cNo te lo voy a consentir, por tu culpa nos agreden a las mujeres\u201d<\/p>\n<p>\u2014 Sarah SantaOlalla (<a href=\"https:\/\/twitter.com\/SarahPerezSanta?ref_src=twsrc%5Etfw\" rel=\"nofollow noopener\" target=\"_blank\">@SarahPerezSanta<\/a>) retrata a la pen\u00faltima choni machirula, Eli Vigil (<a href=\"https:\/\/twitter.com\/elivigil_?ref_src=twsrc%5Etfw\" rel=\"nofollow noopener\" target=\"_blank\">@elivigil_<\/a>) copia barata de Ayuso, la \u00abpreocupada\u00bb por las mujeres de Ir\u00e1n. <br \/>Y esta \u00abse\u00f1ora\u00bb con su baile pat\u00e9tico por\u2026 <a href=\"https:\/\/t.co\/tU6SfWOU8R\" rel=\"nofollow\">pic.twitter.com\/tU6SfWOU8R<\/a><\/p>\n<p>\u2014 \ud835\uddfa\ud835\uddee\ud835\uddff\ud835\uddf6\ud835\uddee_\ud835\udddf\ud835\uddd4\ud835\ude01\ud835\uddee\ud835\ude01\ud835\ude02\ud835\ude00 \ud83d\udcab (@maria_LAtatus) <a href=\"https:\/\/twitter.com\/maria_LAtatus\/status\/2011769870505984483?ref_src=twsrc%5Etfw\" rel=\"nofollow noopener\" target=\"_blank\">January 15, 2026<\/a><\/p><\/blockquote>\n<p>    Sarah Santaolalla espera que el PP \u201ccondene\u201d el comentario de Elisa Vigil<\/p>\n<p class=\"article-text\">\n        Tras producirse este choque frontal en el plat\u00f3 de <strong>En boca de todos<\/strong>, Sarah Santaolalla ha difundido en las redes sociales parte de la discusi\u00f3n y ha sugerido que el PP deber\u00eda condenar las palabras de Elisa Vigil.\n    <\/p>\n<p>    <a href=\"https:\/\/www.eldiario.es\/vertele\/noticias\/ana-rosa-quintana-domina-cuarto-ano-horas-produccion-tv-auge-risto-buenafuente-2025_1_12909218.html\" data-mrf-recirculation=\"saber-mas-abajo\" data-dl-event=\"saber-mas-abajo\" rel=\"nofollow noopener\" target=\"_blank\"><\/p>\n<p class=\"know-more__title\">Ana Rosa Quintana domina por cuarto a\u00f1o las horas de producci\u00f3n en TV, con auge para Risto y Buenafuente en 2025<\/p>\n<p>            <img decoding=\"async\" class=\"lazy\" loading=\"lazy\" data-src=\"https:\/\/static.eldiario.es\/clip\/779e9ecd-f215-4208-af37-ef8d3b00c07e_16-9-aspect-ratio_default_0.jpg\" src=\"data:image\/svg+xml,%3Csvg xmlns=\" http:=\"\" viewbox=\"0 0 880 495\" alt=\"Ana Rosa Quintana domina por cuarto a\u00f1o las horas de producci\u00f3n en TV, con auge para Risto y Buenafuente en 2025\"\/><\/p>\n<p>                        <\/a><\/p>\n<p class=\"article-text\">\n        \u201cAcabo de sufrir un ataque machista por parte de un cargo p\u00fablico del PP en la televisi\u00f3n. Esta diputada ha utilizado mi forma de vestir para atacarme y mi f\u00edsico para humillarme. Es intolerable tanta violencia y odio hacia las mujeres. Espero la condena de su partido\u201d, dice el mensaje que ha publicado en X.\n    <\/p>\n<blockquote class=\"twitter-tweet\" data-lang=\"es\"><p><a href=\"https:\/\/twitter.com\/X\/status\/2011780041084915957?ref_src=twsrc%5Etfw\" rel=\"nofollow noopener\" target=\"_blank\"><\/p><\/blockquote>\n<p>                                    <script async src=\"https:\/\/platform.twitter.com\/widgets.js\" charset=\"utf-8\"><\/script><\/p>\n","protected":false},"excerpt":{"rendered":"Sarah Santaolalla y Elisa Vigil, diputada del PP en la Asamblea de Madrid, han protagonizado un fuerte encontronazo&hellip;\n","protected":false},"author":2,"featured_media":343073,"comment_status":"","ping_status":"","sticky":false,"template":"","format":"standard","meta":{"footnotes":""},"categories":[5],"tags":[1422,17,18,77988,954,77985,77986,9262,77987,25,24,13,14,1016,11,19,20,9,10,15,16,956,9260,9259,23,12,21,22],"class_list":{"0":"post-343072","1":"post","2":"type-post","3":"status-publish","4":"format-standard","5":"has-post-thumbnail","7":"category-titulares","8":"tag-ataque","9":"tag-breaking-news","10":"tag-breakingnews","11":"tag-cocos","12":"tag-cuatro","13":"tag-diputada","14":"tag-eli-vigil","15":"tag-en-boca-de-todos","16":"tag-ensenando","17":"tag-es","18":"tag-espana","19":"tag-featured-news","20":"tag-featurednews","21":"tag-fotos","22":"tag-headlines","23":"tag-latest-news","24":"tag-latestnews","25":"tag-news","26":"tag-noticias","27":"tag-noticias-destacadas","28":"tag-noticiasdestacadas","29":"tag-pp","30":"tag-santaolalla","31":"tag-sarah","32":"tag-spain","33":"tag-titulares","34":"tag-ultimas-noticias","35":"tag-ultimasnoticias"},"share_on_mastodon":{"url":"https:\/\/pubeurope.com\/@es\/115901890760671534","error":""},"_links":{"self":[{"href":"https:\/\/www.europesays.com\/es\/wp-json\/wp\/v2\/posts\/343072","targetHints":{"allow":["GET"]}}],"collection":[{"href":"https:\/\/www.europesays.com\/es\/wp-json\/wp\/v2\/posts"}],"about":[{"href":"https:\/\/www.europesays.com\/es\/wp-json\/wp\/v2\/types\/post"}],"author":[{"embeddable":true,"href":"https:\/\/www.europesays.com\/es\/wp-json\/wp\/v2\/users\/2"}],"replies":[{"embeddable":true,"href":"https:\/\/www.europesays.com\/es\/wp-json\/wp\/v2\/comments?post=343072"}],"version-history":[{"count":0,"href":"https:\/\/www.europesays.com\/es\/wp-json\/wp\/v2\/posts\/343072\/revisions"}],"wp:featuredmedia":[{"embeddable":true,"href":"https:\/\/www.europesays.com\/es\/wp-json\/wp\/v2\/media\/343073"}],"wp:attachment":[{"href":"https:\/\/www.europesays.com\/es\/wp-json\/wp\/v2\/media?parent=343072"}],"wp:term":[{"taxonomy":"category","embeddable":true,"href":"https:\/\/www.europesays.com\/es\/wp-json\/wp\/v2\/categories?post=343072"},{"taxonomy":"post_tag","embeddable":true,"href":"https:\/\/www.europesays.com\/es\/wp-json\/wp\/v2\/tags?post=343072"}],"curies":[{"name":"wp","href":"https:\/\/api.w.org\/{rel}","templated":true}]}}