{"id":343102,"date":"2026-01-16T00:35:11","date_gmt":"2026-01-16T00:35:11","guid":{"rendered":"https:\/\/www.europesays.com\/es\/343102\/"},"modified":"2026-01-16T00:35:11","modified_gmt":"2026-01-16T00:35:11","slug":"lluvias-de-200-litros-y-una-gran-nevada","status":"publish","type":"post","link":"https:\/\/www.europesays.com\/es\/343102\/","title":{"rendered":"lluvias de 200 litros y una gran nevada"},"content":{"rendered":"<p class=\"paragraph\">Aemet ya contempla la <b>dana <\/b>que se avecina sobre la Comunidad Valenciana. Durante los \u00faltimos d\u00edas tanto el modelo americano como el europeo han se\u00f1alado la formaci\u00f3n de un embolsamiento de aire fr\u00edo en altura que dejar\u00e1 lluvias de cierta intensidad. Ahora ECMWF ya concreta la <b>zona <\/b>que adem\u00e1s de las <b>lluvias <\/b>de 200 litros acumulados se prev\u00e9n <b>nevadas <\/b>durante los pr\u00f3ximos d\u00edas. El fin de semana empieza el baile.<\/p>\n<p class=\"paragraph\">Este <b>viernes <\/b>se espera una jornada de cielo nuboso y con probabilidad de precipitaciones d\u00e9biles en la Comunidad Valenciana, siendo m\u00e1s baja en pnutos del litoral. En las temperaturas, m\u00ednimas al alza y m\u00e1ximas que descender\u00e1n.<\/p>\n<p class=\"paragraph\">La situaci\u00f3n comienza a torcerse el <b>s\u00e1bado<\/b>, cuando Aemet ya contempla precipitaciones intensas en Castell\u00f3n y \u00aben la zona de la Marina Alta\u00bb. Este d\u00eda est\u00e1 marcado por una vaguada a punto de romperse del flujo, por lo que la inestabilidad estar\u00e1 presente en toda la Comunidad Valenciana, pero la previsi\u00f3n prev\u00e9 que en el litoral norte de Castell\u00f3n se registren lluvias \u00ablocalmente fuertes y acompa\u00f1adas de tormenta\u00bb, mientras que en el resto del territorio regional ser\u00e1n \u00abd\u00e9biles y dispersas\u00bb. La cota de nieve se situar\u00e1 a partir de los 1.000 y 1.200 metros en la comarca de Els Ports, en el interior norte de  Castell\u00f3n. En las temperaturas, m\u00ednimas al alza en el litoral norte y en descenso en el interior de Valencia y m\u00e1ximas que bajar\u00e1n en toda la regi\u00f3n menos en la costa de Castell\u00f3n.<\/p>\n<p class=\"paragraph\">El <b>domingo <\/b>ya se prev\u00e9 la formaci\u00f3n de una dana por parte del modelo europeo. Para este d\u00eda Aemet prev\u00e9 cielo nuboso con precipitaciones menos probables en el interior de la mitad sur, siendo persistentes en el norte de Castell\u00f3n. Adem\u00e1s, se espera que la cota de nieve se sit\u00fae a partir de los 1.000 y 1.200 metros en Els Ports. En las temperaturas, m\u00ednimas en descenso con heladas d\u00e9biles en el interior y m\u00e1ximas que bajar\u00e1n especialmente en el norte de Castell\u00f3n.<\/p>\n<p class=\"paragraph\">La previsi\u00f3n para el <b>lunes <\/b>mantiene la previsi\u00f3n de lluvias con posibles precipitaciones en Castell\u00f3n, \u00absin descartar en Valencia y Alicante\u00bb. Ser\u00e1 un d\u00eda lluvioso con pocas variaciones en las temperaturas m\u00ednimas, por lo que se mantendr\u00e1n las heladas.<\/p>\n<p class=\"c-detail__media__subtitle composite_image\">\n<p>        Mapa con la cantidad de lluvia prevista durante los pr\u00f3ximos d\u00edas por una dana en la Comunidad Valenciana, seg\u00fan el modelo ECMWF.Meteologix<\/p>\n<p class=\"paragraph\">La situaci\u00f3n, atendiendo tanto al modelo europeo como al americano empeora el <b>martes<\/b>. Ser\u00e1 una jornada de cuantiosas lluvias que azotar\u00e1n de nuevo, seg\u00fan el ECMWF, el extremo norte de Castell\u00f3n, donde los pluvi\u00f3metros podr\u00edan superar ya los 100 litros acumulados. Adem\u00e1s, se espera un intensa nevada en el interior de Castell\u00f3n, en las zonas m\u00e1s colindantes con Arag\u00f3n.<\/p>\n<p class=\"paragraph\">El <b>mi\u00e9rcoles <\/b>tambi\u00e9n parece que ser\u00e1 un d\u00eda con inestabilidad y lluvias, ya que seguir\u00e1 rondando una dana que dejar\u00e1 precipitaciones, aunque con tendencia a remitir. El modelo americano GFS se\u00f1ala la posibilidad de que en el entorno de Requena se registren 100 litros acumulados, mientras que en el tri\u00e1ngulo entre Gand\u00eda, Alcoy y J\u00e1vea podr\u00edan superarse los 100 litros. Para este 21 de enero el modelo europeo ECMWF contempla que en el extremo norte de Castell\u00f3n se registren ya cerca de 190 litros acumulados.<\/p>\n","protected":false},"excerpt":{"rendered":"Aemet ya contempla la dana que se avecina sobre la Comunidad Valenciana. Durante los \u00faltimos d\u00edas tanto el&hellip;\n","protected":false},"author":2,"featured_media":343103,"comment_status":"","ping_status":"","sticky":false,"template":"","format":"standard","meta":{"footnotes":""},"categories":[8],"tags":[17,18,25,24,13,14,11,19,20,9,10,15,16,23,12,21,22],"class_list":{"0":"post-343102","1":"post","2":"type-post","3":"status-publish","4":"format-standard","5":"has-post-thumbnail","7":"category-espana","8":"tag-breaking-news","9":"tag-breakingnews","10":"tag-es","11":"tag-espana","12":"tag-featured-news","13":"tag-featurednews","14":"tag-headlines","15":"tag-latest-news","16":"tag-latestnews","17":"tag-news","18":"tag-noticias","19":"tag-noticias-destacadas","20":"tag-noticiasdestacadas","21":"tag-spain","22":"tag-titulares","23":"tag-ultimas-noticias","24":"tag-ultimasnoticias"},"share_on_mastodon":{"url":"https:\/\/pubeurope.com\/@es\/115901977359562526","error":""},"_links":{"self":[{"href":"https:\/\/www.europesays.com\/es\/wp-json\/wp\/v2\/posts\/343102","targetHints":{"allow":["GET"]}}],"collection":[{"href":"https:\/\/www.europesays.com\/es\/wp-json\/wp\/v2\/posts"}],"about":[{"href":"https:\/\/www.europesays.com\/es\/wp-json\/wp\/v2\/types\/post"}],"author":[{"embeddable":true,"href":"https:\/\/www.europesays.com\/es\/wp-json\/wp\/v2\/users\/2"}],"replies":[{"embeddable":true,"href":"https:\/\/www.europesays.com\/es\/wp-json\/wp\/v2\/comments?post=343102"}],"version-history":[{"count":0,"href":"https:\/\/www.europesays.com\/es\/wp-json\/wp\/v2\/posts\/343102\/revisions"}],"wp:featuredmedia":[{"embeddable":true,"href":"https:\/\/www.europesays.com\/es\/wp-json\/wp\/v2\/media\/343103"}],"wp:attachment":[{"href":"https:\/\/www.europesays.com\/es\/wp-json\/wp\/v2\/media?parent=343102"}],"wp:term":[{"taxonomy":"category","embeddable":true,"href":"https:\/\/www.europesays.com\/es\/wp-json\/wp\/v2\/categories?post=343102"},{"taxonomy":"post_tag","embeddable":true,"href":"https:\/\/www.europesays.com\/es\/wp-json\/wp\/v2\/tags?post=343102"}],"curies":[{"name":"wp","href":"https:\/\/api.w.org\/{rel}","templated":true}]}}