{"id":34312,"date":"2025-08-08T17:53:18","date_gmt":"2025-08-08T17:53:18","guid":{"rendered":"https:\/\/www.europesays.com\/es\/34312\/"},"modified":"2025-08-08T17:53:18","modified_gmt":"2025-08-08T17:53:18","slug":"asi-queda-la-clasificacion-general-de-la-vuelta-a-burgos-2025-tras-la-victoria-de-caruso","status":"publish","type":"post","link":"https:\/\/www.europesays.com\/es\/34312\/","title":{"rendered":"As\u00ed queda la clasificaci\u00f3n general de la Vuelta a Burgos 2025 tras la victoria de Caruso"},"content":{"rendered":"<p class=\"ft-text\"><strong>Damiano<\/strong> <strong>Caruso <\/strong>es el vencedor de la cuarta etapa de la <strong>Vuelta a Burgos 2025<\/strong> y <strong>Leo Bisiaux <\/strong>sigue como l\u00edder de la clasificaci\u00f3n general.<\/p>\n<p class=\"ft-text\">El italiano, del Bahrain Victorious, gan\u00f3 en solitario en la meta en <strong>Regumiel de la Sierra<\/strong>, por delante de los portugueses <strong>Rui Costa <\/strong>y <strong>Rui Olivera <\/strong>(+01:26).<\/p>\n<p class=\"ft-text\">La victoria de <strong>Caruso <\/strong>no trae consigo grandes cambios en la clasificaci\u00f3n general. Bisiaux sigue de l\u00edder y le siguen <strong>Giulio Pelizzari <\/strong>(+00:22) y<strong> Isaac del Toro<\/strong> (+00:26).<\/p>\n<p class=\"ft-text\">Respecto a los espa\u00f1oles, <strong>Urko Berrade <\/strong>sigue siendo el mejor situado en la general. El ciclista del Equipo Kern Pharma ocupa la s\u00e9ptima posici\u00f3n de la general a 40 segundos del l\u00edder <strong>Bisiaux<\/strong>.<\/p>\n<p>\u00bfC\u00f3mo est\u00e1 la clasificaci\u00f3n general de la Vuelta a Burgos?<\/p>\n<p class=\"ft-text\">Cada d\u00eda, tras cada una de las etapas que conforman la presente edici\u00f3n, puedes consultar en <strong>SPORT <\/strong>todas las clasificaciones de la<strong> Vuelta a Burgos 2025<\/strong> con los resultados de las principales aspirantes al maillot de l\u00edder.<\/p>\n<p>\u00bfD\u00f3nde ver por TV la Vuelta a Burgos 2025?<\/p>\n<p class=\"ft-text\">En <strong>Espa\u00f1a<\/strong>, cada una de las etapas que componen la Vuelta a Burgos se podr\u00e1n ver gratis y en abierto por TV a trav\u00e9s de los diferentes canales de <strong>RTVE <\/strong>(<strong>La 1, La 2, Teledeporte<\/strong>), as\u00ed como online a trav\u00e9s de<strong> RTVE Play<\/strong>.<\/p>\n<p class=\"ft-text\">Otra opci\u00f3n alternativa para seguir la &#8216;Grande Boucle&#8217; online y en streaming son las plataformas de pago\u00a0<strong>Eurosport\u00a0<\/strong>y\u00a0<strong>Max<\/strong>, habituales en todo tipo de coberturas ciclistas.<\/p>\n<p class=\"ft-text\">Desde\u00a0<strong>SPORT<\/strong>, te contamos todo lo que suceda en cada una de las etapas de la prueba espa\u00f1ola con el mejor resumen, todas las\u00a0clasificaciones\u00a0actualizadas y las reacciones de los protagonistas.<\/p>\n","protected":false},"excerpt":{"rendered":"Damiano Caruso es el vencedor de la cuarta etapa de la Vuelta a Burgos 2025 y Leo Bisiaux&hellip;\n","protected":false},"author":2,"featured_media":34313,"comment_status":"","ping_status":"","sticky":false,"template":"","format":"standard","meta":{"footnotes":""},"categories":[273],"tags":[313,4616,312,168,25,24,4649,317,3015,5564,885,23,167,7682,316],"class_list":{"0":"post-34312","1":"post","2":"type-post","3":"status-publish","4":"format-standard","5":"has-post-thumbnail","7":"category-ciclismo","8":"tag-ciclismo","9":"tag-clasificacion","10":"tag-cycling","11":"tag-deportes","12":"tag-es","13":"tag-espana","14":"tag-femenino","15":"tag-francia","16":"tag-general","17":"tag-lider","18":"tag-resultados","19":"tag-spain","20":"tag-sports","21":"tag-tiempos","22":"tag-tour"},"share_on_mastodon":{"url":"","error":""},"_links":{"self":[{"href":"https:\/\/www.europesays.com\/es\/wp-json\/wp\/v2\/posts\/34312","targetHints":{"allow":["GET"]}}],"collection":[{"href":"https:\/\/www.europesays.com\/es\/wp-json\/wp\/v2\/posts"}],"about":[{"href":"https:\/\/www.europesays.com\/es\/wp-json\/wp\/v2\/types\/post"}],"author":[{"embeddable":true,"href":"https:\/\/www.europesays.com\/es\/wp-json\/wp\/v2\/users\/2"}],"replies":[{"embeddable":true,"href":"https:\/\/www.europesays.com\/es\/wp-json\/wp\/v2\/comments?post=34312"}],"version-history":[{"count":0,"href":"https:\/\/www.europesays.com\/es\/wp-json\/wp\/v2\/posts\/34312\/revisions"}],"wp:featuredmedia":[{"embeddable":true,"href":"https:\/\/www.europesays.com\/es\/wp-json\/wp\/v2\/media\/34313"}],"wp:attachment":[{"href":"https:\/\/www.europesays.com\/es\/wp-json\/wp\/v2\/media?parent=34312"}],"wp:term":[{"taxonomy":"category","embeddable":true,"href":"https:\/\/www.europesays.com\/es\/wp-json\/wp\/v2\/categories?post=34312"},{"taxonomy":"post_tag","embeddable":true,"href":"https:\/\/www.europesays.com\/es\/wp-json\/wp\/v2\/tags?post=34312"}],"curies":[{"name":"wp","href":"https:\/\/api.w.org\/{rel}","templated":true}]}}