{"id":343174,"date":"2026-01-16T01:22:24","date_gmt":"2026-01-16T01:22:24","guid":{"rendered":"https:\/\/www.europesays.com\/es\/343174\/"},"modified":"2026-01-16T01:22:24","modified_gmt":"2026-01-16T01:22:24","slug":"4-astronautas-amerizan-en-la-tierra-tras-ser-evacuados-de-la-estacion-espacial-internacional-debido-a-un-grave-problema-medico","status":"publish","type":"post","link":"https:\/\/www.europesays.com\/es\/343174\/","title":{"rendered":"4 astronautas amerizan en la Tierra tras ser evacuados de la Estaci\u00f3n Espacial Internacional debido a un \u00abgrave\u00bb problema m\u00e9dico"},"content":{"rendered":"<p><img fetchpriority=\"high\" decoding=\"async\" src=\"https:\/\/www.europesays.com\/es\/wp-content\/uploads\/2026\/01\/8d7c0ce0-f22e-11f0-ac16-976f13ab7530.jpg.webp.webp\"   alt=\"La astronauta de la NASA Zena Cardman, con un traje espacial blanco, saluda sonriente mientras dos personas la ayudan a salir de la nave espacial SpaceX Dragon Endeavour\" loading=\"eager\" width=\"870\" height=\"489\" style=\"aspect-ratio:870 \/ 489\" class=\"css-1seqhu9\"\/><\/p>\n<p class=\"css-by8ykd\" role=\"text\">Fuente de la imagen, Getty Images<\/p>\n<p>Pie de foto, La astronauta de la NASA Zena Cardman es una de las tripulantes de la EEI que regres\u00f3 a la Tierra.<strong id=\"article-byline\" aria-hidden=\"true\" class=\"css-2ozlq5\">Informaci\u00f3n del art\u00edculo<\/strong><\/p>\n<ul class=\"css-1dlgp3z\">\n<li class=\"css-1s1df59\">\n<ul role=\"list\" class=\"css-z50d25\">\n<li class=\"css-0\">Autor, Georgina Rannard<\/li>\n<li class=\"css-k1irjw\">T\u00edtulo del autor,  Reportera de Ciencia, BBC<\/li>\n<\/ul>\n<\/li>\n<li>\n<p>7 horas<\/p>\n<\/li>\n<li>\n<p>Tiempo de lectura: 5 min<\/p>\n<\/li>\n<\/ul>\n<p dir=\"ltr\" class=\"css-s4cjt0 e1yuyadm0\"><b>Cuatro astronautas evacuados de la Estaci\u00f3n Espacial Internacional amerizaron en la Tierra este jueves despu\u00e9s de que su estancia en el espacio se viera acortada en un mes debido a un problema m\u00e9dico \u00abgrave\u00bb.<\/b><\/p>\n<p dir=\"ltr\" class=\"css-s4cjt0 e1yuyadm0\">El capit\u00e1n de la tripulaci\u00f3n, el astronauta de la NASA Mike Fincke, sali\u00f3 primero de la nave espacial, sonriendo y tambale\u00e1ndose ligeramente antes de tumbarse en una camilla, siguiendo los procedimientos habituales.<\/p>\n<p dir=\"ltr\" class=\"css-s4cjt0 e1yuyadm0\">Le siguieron Zena Cardman, de la NASA, Kimiya Yui, de Jap\u00f3n, y el cosmonauta Oleg Platonov, quienes saludaron y sonrieron a las c\u00e1maras. \u00ab\u00a1Qu\u00e9 bien estar de vuelta en casa!\u00bb, dijo Cardman.<\/p>\n<p dir=\"ltr\" class=\"css-s4cjt0 e1yuyadm0\">Es la primera vez que astronautas son evacuados debido a un problema de salud desde que la estaci\u00f3n fue puesta en \u00f3rbita terrestre en 1998.<\/p>\n<p dir=\"ltr\" class=\"css-s4cjt0 e1yuyadm0\">El equipo, conocido como Crew-11, se someter\u00e1 ahora a ex\u00e1menes m\u00e9dicos antes de ser trasladado de regreso a tierra firme tras el amerizaje frente a la costa de California.<\/p>\n<p dir=\"ltr\" class=\"css-s4cjt0 e1yuyadm0\">En una rueda de prensa posterior al amerizaje, el administrador de la NASA, Jared Isaacman, declar\u00f3 que el astronauta enfermo se encuentra \u00abbien en este momento\u00bb y con \u00abbuen \u00e1nimo\u00bb.<\/p>\n<p dir=\"ltr\" class=\"css-s4cjt0 e1yuyadm0\">A juzgar por las comunicaciones anteriores de la NASA sobre la salud de los astronautas, es poco probable que se revele al p\u00fablico la identidad del miembro de la tripulaci\u00f3n enfermo ni los detalles de su problema de salud.<\/p>\n<p dir=\"ltr\" class=\"css-s4cjt0 e1yuyadm0\">El control de la Estaci\u00f3n Espacial Internacional (EEI) ha sido transferido al cosmonauta ruso Sergey Kud-Sverchkov y a otros dos miembros de la tripulaci\u00f3n.<\/p>\n<p dir=\"ltr\" class=\"css-s4cjt0 e1yuyadm0\">Los astronautas llegaron a la EEI el 1 de agosto del a\u00f1o pasado con la expectativa de completar una estancia est\u00e1ndar de seis meses y medio. Su regreso estaba previsto para mediados de febrero.<\/p>\n<p><img decoding=\"async\" src=\"https:\/\/www.europesays.com\/es\/wp-content\/uploads\/2026\/01\/2f73ccf0-f13e-11f0-bd56-9b1dc8f84e89.jpg.webp.webp\"   alt=\"Cuatro astronautas, vestidos con trajes espaciales blancos y cascos, posan para las c\u00e1maras sonriendo y haciendo gestos de coraz\u00f3n con las manos.\" loading=\"lazy\" width=\"2040\" height=\"1147\" style=\"aspect-ratio:2040 \/ 1147\" class=\"css-1seqhu9\"\/><\/p>\n<p class=\"css-by8ykd\" role=\"text\">Fuente de la imagen, NASA<\/p>\n<p>Pie de foto, Oleg Platonov, Mike Fincke, Zena Cardman y Kimiya Yui finalizaron su estancia en la Estaci\u00f3n Espacial Internacional un mes antes de lo previsto.<\/p>\n<p dir=\"ltr\" class=\"css-s4cjt0 e1yuyadm0\">Sin embargo, la semana pasada, una caminata espacial programada por Fincke y Cardman fue cancelada en el \u00faltimo minuto. Horas despu\u00e9s, la NASA revel\u00f3 que un miembro de la tripulaci\u00f3n se hab\u00eda enfermado.<\/p>\n<p dir=\"ltr\" class=\"css-s4cjt0 e1yuyadm0\">\u00abEs agridulce\u00bb, dijo Fincke al entregar las llaves de la EEI a Kud-Sverchkov el lunes.<\/p>\n<p dir=\"ltr\" class=\"css-s4cjt0 e1yuyadm0\">En una publicaci\u00f3n en redes sociales, enfatiz\u00f3 que todos los miembros de la tripulaci\u00f3n a bordo se encontraban \u00abestables, seguros y bien atendidos\u00bb.<\/p>\n<p>Una prueba importante para la NASA<\/p>\n<p dir=\"ltr\" class=\"css-s4cjt0 e1yuyadm0\">Orbitando la Tierra a una altitud de 400 kil\u00f3metros, la EEI realiza 16 \u00f3rbitas a nuestro planeta al d\u00eda, viajando a una velocidad aproximada de 28.000 kil\u00f3metros por hora.<\/p>\n<p dir=\"ltr\" class=\"css-s4cjt0 e1yuyadm0\">Est\u00e1 gestionada por cinco agencias espaciales y lleva a cabo una amplia gama de investigaciones cient\u00edficas sobre el espacio y los efectos de la microgravedad en humanos, animales y plantas.<\/p>\n<p dir=\"ltr\" class=\"css-s4cjt0 e1yuyadm0\">La EEI cuenta con algunos equipos m\u00e9dicos y los astronautas est\u00e1n capacitados para atender problemas de salud menores, pero no hay un m\u00e9dico a bordo.<\/p>\n<p dir=\"ltr\" class=\"css-s4cjt0 e1yuyadm0\">La evacuaci\u00f3n supuso una prueba importante para los procedimientos de la NASA en caso de emergencias m\u00e9dicas.<\/p>\n<p dir=\"ltr\" class=\"css-s4cjt0 e1yuyadm0\">Seg\u00fan todos los indicios, la prueba se super\u00f3 con \u00e9xito, aunque podr\u00edan surgir dudas sobre la capacidad de respuesta de la agencia si el astronauta hubiera sufrido una emergencia m\u00e9dica.<\/p>\n<p dir=\"ltr\" class=\"css-s4cjt0 e1yuyadm0\">La partida anticipada deja a la EEI con una tripulaci\u00f3n m\u00ednima de solo tres astronautas: Chris Williams, de la NASA, y los cosmonautas Kud-Sverchkov y Sergei Mikaev, hasta que lleguen otros cuatro en febrero.<\/p>\n<p dir=\"ltr\" class=\"css-s4cjt0 e1yuyadm0\">\u00abA pesar de todos los cambios y las dificultades, vamos a cumplir con nuestro trabajo a bordo de la EEI, realizando todas las tareas cient\u00edficas y de mantenimiento, pase lo que pase\u00bb, declar\u00f3 Kud-Sverchkov el lunes.<\/p>\n<p dir=\"ltr\" class=\"css-s4cjt0 e1yuyadm0\">Luego dio su primera orden: un abrazo grupal.<\/p>\n<p><img decoding=\"async\" src=\"https:\/\/www.europesays.com\/es\/wp-content\/uploads\/2026\/01\/36f9f570-f13f-11f0-bd56-9b1dc8f84e89.jpg.webp.webp\"   alt=\"Imagen de la Estaci\u00f3n Espacial Internacional\" loading=\"lazy\" width=\"634\" height=\"357\" style=\"aspect-ratio:634 \/ 357\" class=\"css-1seqhu9\"\/><\/p>\n<p class=\"css-by8ykd\" role=\"text\">Fuente de la imagen, NASA<\/p>\n<p>Pie de foto, La Estaci\u00f3n Espacial Internacional ha estado habitada de forma continua desde el a\u00f1o 2000.<\/p>\n<p dir=\"ltr\" class=\"css-s4cjt0 e1yuyadm0\">Este incidente no tiene precedentes en la historia de la EEI, una estaci\u00f3n que ha estado tripulada de forma permanente desde hace 26 a\u00f1os.<\/p>\n<p dir=\"ltr\" class=\"css-s4cjt0 e1yuyadm0\">Las misiones espaciales solo se han interrumpido prematuramente por problemas de salud en dos ocasiones anteriores.<\/p>\n<p dir=\"ltr\" class=\"css-s4cjt0 e1yuyadm0\">En 1985, el cosmonauta sovi\u00e9tico Vladimir Vasyutin y sus colegas regresaron cuatro meses antes de lo previsto de una misi\u00f3n a la estaci\u00f3n espacial Salyut 7 debido a un problema urol\u00f3gico.<\/p>\n<p dir=\"ltr\" class=\"css-s4cjt0 e1yuyadm0\">Y en 1987, una arritmia card\u00edaca oblig\u00f3 al cosmonauta sovi\u00e9tico Aleksandr Laveykin a abandonar la estaci\u00f3n espacial Mir antes de tiempo.<\/p>\n<p dir=\"ltr\" class=\"css-s4cjt0 e1yuyadm0\">Dado que cada vez m\u00e1s personas viajan al espacio, incluso con fines tur\u00edsticos y para una posible colonizaci\u00f3n de la Luna o incluso de Marte, los expertos espaciales afirman que ser\u00e1 necesario que los m\u00e9dicos participen en las misiones.<\/p>\n<p><img decoding=\"async\" src=\"https:\/\/www.europesays.com\/es\/wp-content\/uploads\/2026\/01\/bcb6a500-f22a-11f0-b385-5f48925de19a.png.webp.webp\"   alt=\"&quot;&quot;\" loading=\"lazy\" width=\"800\" height=\"100\" style=\"aspect-ratio:800 \/ 100\" class=\"css-1seqhu9\"\/><\/p>\n<p dir=\"ltr\" class=\"css-s4cjt0 e1yuyadm0\"><a href=\"https:\/\/www.bbc.com\/mundo\/send\/u184973209\" class=\"focusIndicatorReducedWidth css-n8oauk e1h2ur550\" rel=\"nofollow noopener\" target=\"_blank\">Suscr\u00edbete aqu\u00ed<\/a> a nuestro nuevo newsletter para recibir cada viernes una selecci\u00f3n de nuestro mejor contenido de la semana.<\/p>\n<p dir=\"ltr\" class=\"css-s4cjt0 e1yuyadm0\">Y recuerda que puedes recibir notificaciones en nuestra app. Descarga la \u00faltima versi\u00f3n y act\u00edvalas.<\/p>\n","protected":false},"excerpt":{"rendered":"Fuente de la imagen, Getty Images Pie de foto, La astronauta de la NASA Zena Cardman es una&hellip;\n","protected":false},"author":2,"featured_media":343175,"comment_status":"","ping_status":"","sticky":false,"template":"","format":"standard","meta":{"footnotes":""},"categories":[5],"tags":[17,18,25,24,13,14,11,19,20,9,10,15,16,23,12,21,22],"class_list":{"0":"post-343174","1":"post","2":"type-post","3":"status-publish","4":"format-standard","5":"has-post-thumbnail","7":"category-titulares","8":"tag-breaking-news","9":"tag-breakingnews","10":"tag-es","11":"tag-espana","12":"tag-featured-news","13":"tag-featurednews","14":"tag-headlines","15":"tag-latest-news","16":"tag-latestnews","17":"tag-news","18":"tag-noticias","19":"tag-noticias-destacadas","20":"tag-noticiasdestacadas","21":"tag-spain","22":"tag-titulares","23":"tag-ultimas-noticias","24":"tag-ultimasnoticias"},"share_on_mastodon":{"url":"https:\/\/pubeurope.com\/@es\/115902162128212862","error":""},"_links":{"self":[{"href":"https:\/\/www.europesays.com\/es\/wp-json\/wp\/v2\/posts\/343174","targetHints":{"allow":["GET"]}}],"collection":[{"href":"https:\/\/www.europesays.com\/es\/wp-json\/wp\/v2\/posts"}],"about":[{"href":"https:\/\/www.europesays.com\/es\/wp-json\/wp\/v2\/types\/post"}],"author":[{"embeddable":true,"href":"https:\/\/www.europesays.com\/es\/wp-json\/wp\/v2\/users\/2"}],"replies":[{"embeddable":true,"href":"https:\/\/www.europesays.com\/es\/wp-json\/wp\/v2\/comments?post=343174"}],"version-history":[{"count":0,"href":"https:\/\/www.europesays.com\/es\/wp-json\/wp\/v2\/posts\/343174\/revisions"}],"wp:featuredmedia":[{"embeddable":true,"href":"https:\/\/www.europesays.com\/es\/wp-json\/wp\/v2\/media\/343175"}],"wp:attachment":[{"href":"https:\/\/www.europesays.com\/es\/wp-json\/wp\/v2\/media?parent=343174"}],"wp:term":[{"taxonomy":"category","embeddable":true,"href":"https:\/\/www.europesays.com\/es\/wp-json\/wp\/v2\/categories?post=343174"},{"taxonomy":"post_tag","embeddable":true,"href":"https:\/\/www.europesays.com\/es\/wp-json\/wp\/v2\/tags?post=343174"}],"curies":[{"name":"wp","href":"https:\/\/api.w.org\/{rel}","templated":true}]}}