{"id":343184,"date":"2026-01-16T01:31:19","date_gmt":"2026-01-16T01:31:19","guid":{"rendered":"https:\/\/www.europesays.com\/es\/343184\/"},"modified":"2026-01-16T01:31:19","modified_gmt":"2026-01-16T01:31:19","slug":"modric-alecciona-a-nico-paz","status":"publish","type":"post","link":"https:\/\/www.europesays.com\/es\/343184\/","title":{"rendered":"Modric alecciona a Nico Paz"},"content":{"rendered":"<p class=\"\">Nadie lo hab\u00eda logrado esta temporada antes del Milan: los rossoneri s<b>on el primer equipo en vencer a el de Cesc F\u00e0bregas<\/b> en casa esta temporada. De hecho, no fue una haza\u00f1a f\u00e1cil.<\/p>\n<p class=\"\">Cumpliendo plenamente las expectativas del partido, el Como entr\u00f3 con intensidad, mientras que el Milan jug\u00f3 con m\u00e1s cautela, esperando la oportunidad ideal para contraatacar. Sin embargo, las estrategias del entrenador Allegri tuvieron que ajustarse ya en el 10\u2019, cuando el equipo de Cesc se adelant\u00f3 tras un c\u00f3rner desde la izquierda de Baturina, que <b>Kempf le gan\u00f3 a Fofana para el 1-0. Claramente una jugada planificada<\/b> que result\u00f3 efectiva mientras los rossoneri parec\u00edan tener dificultades para organizar su defensa. Poco despu\u00e9s del gol, Da Cunha recort\u00f3 hacia el interior y remat\u00f3 con maestr\u00eda con la zurda, aunque su toque fue algo alto.<\/p>\n<p class=\"\">Al Milan le costaba contener el ritmo del Como, y <b>Nico Paz amenaz\u00f3 dos veces<\/b>, una en el 24\u2019 tras un pase r\u00e1pido de Baturina, lo que provoc\u00f3 que el argentino intentase un zurdazo que Maignan apenas logr\u00f3 desviar con la mano. En ese momento, el Milan desplaz\u00f3 a Le\u00e3o y Saelemaekers a las bandas, con Nkunku como delantero centro en lugar de mantener un 4-4-2, pero el efecto positivo tard\u00f3 en materializarse. De hecho, tras media hora,<b> el Como volvi\u00f3 a atacar, esta vez con Moreno jugando por Paz, quien dispar\u00f3 un zurdazo<\/b>, obligando a Maignan a poner a prueba su t\u00e9cnica de nuevo.<\/p>\n<p><img decoding=\"async\" src=\"https:\/\/www.europesays.com\/es\/wp-content\/uploads\/2026\/01\/WBOB6PKCORHNHNAEDTL7DZKYFE.jpg\" alt=\"Modric alecciona a Nico Paz\" height=\"2579\" width=\"3879\"   loading=\"lazy\"\/>Nico Paz se lamenta tras una ocasi\u00f3n.Marco Luzzani<\/p>\n<p class=\"\">En el 40\u2019, un centro desde la derecha de Vojvoda a Da Cunha puso a\u00fan m\u00e1s en aprietos al Milan, que fue pr\u00e1cticamente sitiado por el Como hasta el final, incluso por Douvikas. Luego, en el 43\u2019, ocurri\u00f3 lo inesperado: un choque en el \u00e1rea entre Ram\u00f3n y Rabiot, que fue se\u00f1alado como penalti para los rossoneri.<b> Nkunku se adelant\u00f3 para lanzar el penalti<\/b>, que fue entendido y tocado en la trayectoria por Butez, pero la velocidad del bal\u00f3n permiti\u00f3 lograr el 1-1.<\/p>\n<p class=\"\">La segunda mitad comenz\u00f3 con otra r\u00e1pida atajada de Maignan a Nico Paz. Los dos jugadores se han desafiado de manera constante. En el 51\u2019, Moreno le rob\u00f3 el bal\u00f3n a Tomori y centr\u00f3 al potente zurdazo del argentino, pero el Milan fue el equipo que marc\u00f3 cuatro minutos despu\u00e9s. A pesar del dominio de los lariani, Saelemaekers cambi\u00f3 de banda a Le\u00e3o, quien ajust\u00f3 el bal\u00f3n y se lo filtr\u00f3 a Rabiot. <b>El franc\u00e9s entonces baj\u00f3 el bal\u00f3n con el pecho para poner el 2-1.<\/b> Un desafortunado Paz intent\u00f3 inmediatamente reanimar al Como, aprovechando otro pase de Moreno, pero su disparo se fue desviado.<\/p>\n<p>Noticias relacionadas<\/p>\n<p class=\"\">Con cambios en ambos equipos, el Como perdi\u00f3 algo de intensidad pero trat\u00f3 de manejar el bal\u00f3n y encontrar alg\u00fan hueco. Quien termin\u00f3 logr\u00e1ndolo fue otra vez Rabiot. <b>El mediocampista franc\u00e9s pate\u00f3 desde afuera del \u00e1rea con su pie izquierdo y sorprendi\u00f3 a Butez poniendo el 1-3.<\/b> El partido entonces lleg\u00f3 de a poco a su final, empatando a todos los equipos de la Serie A en cuanto a match jugados: el Milan es el primero que persigue al Inter puntero, un duelo milan\u00e9s en el que el N\u00e1poles, actual campe\u00f3n italiano, tiene un puesto fijo. La Juventus de Spalletti se recuper\u00f3, mientras que la Roma y el Como se aferran merecidamente a los puestos europeos restantes, al final de la jornada 20.<\/p>\n<p class=\"\"><b>\u00a1Tus opiniones importan!<\/b> Comenta en los art\u00edculos y suscr\u00edbete gratis a nuestra <a href=\"https:\/\/asfan.as.com\/newsletters\/\" target=\"_blank\" rel=\"nofollow noopener\" title=\"https:\/\/asfan.as.com\/newsletters\/\">newsletter<\/a> y a las alertas informativas en la <a href=\"https:\/\/as.com\/aplicacion-de-as-n\/\" target=\"_blank\" rel=\"nofollow noopener\" title=\"https:\/\/as.com\/aplicacion-de-as-n\/\">App<\/a> o el canal de <a href=\"https:\/\/www.whatsapp.com\/channel\/0029VaAasdA7j6g745nz9M10\" target=\"_blank\" rel=\"nofollow noopener\" title=\"https:\/\/www.whatsapp.com\/channel\/0029VaAasdA7j6g745nz9M10\">WhatsApp<\/a>. \u00bfBuscas licenciar contenido? Haz clic <a href=\"https:\/\/profesional.elpais.com\/soluciones-sindicacion?utm_medium=interno&amp;utm_source=crosslinking&amp;utm_campaign=sindicacion_as_pie_articulos\" target=\"_blank\" rel=\"nofollow noopener\" title=\"https:\/\/profesional.elpais.com\/soluciones-sindicacion?utm_medium=interno&amp;utm_source=crosslinking&amp;utm_campaign=sindicacion_as_pie_articulos\">aqu\u00ed<\/a><\/p>\n<p class=\"stat-tl ev-fw-tl\"><strong>Cambios<\/strong><\/p>\n<p class=\"ev-text-aux\">\n                            <strong>Diego Carlos<\/strong> (45&#8242;, Marc Oliver Kempf),                             <strong>Jes\u00fas Rodr\u00edguez<\/strong> (59&#8242;, Martin Baturina),                             <strong>Maxence Caqueret<\/strong> (59&#8242;, Lucas da Cunha),                             <strong>Niclas F\u00fcllkrug<\/strong> (62&#8242;, Christopher Nkunku),                             <strong>Nicolas K\u00fchn<\/strong> (65&#8242;, M\u00ebrgim Vojvoda),                             <strong>Samuele Ricci<\/strong> (69&#8242;, Youssouf Fofana),                             <strong>Ruben Loftus-Cheek<\/strong> (69&#8242;, Rafael Le\u00e3o),                             <strong>Sergi Roberto<\/strong> (75&#8242;, Alberto Moreno),                             <strong>Ardon Jashari<\/strong> (85&#8242;, Luka Modric),                             <strong>Zachary Athekame<\/strong> (85&#8242;, Alexis Saelemaekers)                        <\/p>\n<p class=\"stat-tl ev-fw-tl\"><strong>Goles<\/strong><\/p>\n<p class=\"ev-text-aux\">\n                                                                                                        1-0, 9&#8242;: <strong>Kempf<\/strong>,                                                                                 1-1, 45&#8242;: <strong>Nkunku<\/strong>,                                                                                 1-2, 54&#8242;: <strong>Rabiot<\/strong>,                                                                                 1-3, 87&#8242;: <strong>Rabiot<\/strong>                        <\/p>\n<p class=\"stat-tl ev-fw-tl\"><strong>Tarjetas<\/strong><\/p>\n<p class=\"ev-text-aux\">\n                Arbitro: Marco Guida<br \/>Arbitro VAR: Daniele Doveri, Aleandro Di Paolo<br \/><strong>Jacobo Ram\u00f3n<\/strong> (90&#8242;,Amarilla)                            <\/p>\n","protected":false},"excerpt":{"rendered":"Nadie lo hab\u00eda logrado esta temporada antes del Milan: los rossoneri son el primer equipo en vencer a&hellip;\n","protected":false},"author":2,"featured_media":343185,"comment_status":"","ping_status":"","sticky":false,"template":"","format":"standard","meta":{"footnotes":""},"categories":[268],"tags":[168,25,24,280,282,281,23,167],"class_list":{"0":"post-343184","1":"post","2":"type-post","3":"status-publish","4":"format-standard","5":"has-post-thumbnail","7":"category-futbol","8":"tag-deportes","9":"tag-es","10":"tag-espana","11":"tag-football","12":"tag-futbol","13":"tag-soccer","14":"tag-spain","15":"tag-sports"},"share_on_mastodon":{"url":"https:\/\/pubeurope.com\/@es\/115902197485466346","error":""},"_links":{"self":[{"href":"https:\/\/www.europesays.com\/es\/wp-json\/wp\/v2\/posts\/343184","targetHints":{"allow":["GET"]}}],"collection":[{"href":"https:\/\/www.europesays.com\/es\/wp-json\/wp\/v2\/posts"}],"about":[{"href":"https:\/\/www.europesays.com\/es\/wp-json\/wp\/v2\/types\/post"}],"author":[{"embeddable":true,"href":"https:\/\/www.europesays.com\/es\/wp-json\/wp\/v2\/users\/2"}],"replies":[{"embeddable":true,"href":"https:\/\/www.europesays.com\/es\/wp-json\/wp\/v2\/comments?post=343184"}],"version-history":[{"count":0,"href":"https:\/\/www.europesays.com\/es\/wp-json\/wp\/v2\/posts\/343184\/revisions"}],"wp:featuredmedia":[{"embeddable":true,"href":"https:\/\/www.europesays.com\/es\/wp-json\/wp\/v2\/media\/343185"}],"wp:attachment":[{"href":"https:\/\/www.europesays.com\/es\/wp-json\/wp\/v2\/media?parent=343184"}],"wp:term":[{"taxonomy":"category","embeddable":true,"href":"https:\/\/www.europesays.com\/es\/wp-json\/wp\/v2\/categories?post=343184"},{"taxonomy":"post_tag","embeddable":true,"href":"https:\/\/www.europesays.com\/es\/wp-json\/wp\/v2\/tags?post=343184"}],"curies":[{"name":"wp","href":"https:\/\/api.w.org\/{rel}","templated":true}]}}