{"id":343188,"date":"2026-01-16T01:34:39","date_gmt":"2026-01-16T01:34:39","guid":{"rendered":"https:\/\/www.europesays.com\/es\/343188\/"},"modified":"2026-01-16T01:34:39","modified_gmt":"2026-01-16T01:34:39","slug":"dos-esculturas-romanas-que-desafiaron-al-tiempo-y-al-expolio","status":"publish","type":"post","link":"https:\/\/www.europesays.com\/es\/343188\/","title":{"rendered":"Dos esculturas romanas que desafiaron al tiempo\u2026 y al expolio"},"content":{"rendered":"<p>El Museo Arqueol\u00f3gico Nacional (MAN) ha recibido dos grupos escult\u00f3ricos de bronce, creados en los albores del Imperio romano, que desaparecieron de un yacimiento del sur peninsular hace m\u00e1s de una d\u00e9cada y que ahora, tras un largo periplo internacional, vuelven a Espa\u00f1a.<\/p>\n<p>El acto de entrega reuni\u00f3 a representantes del Ministerio de Cultura y de la Polic\u00eda Nacional para oficializar una restituci\u00f3n largamente trabajada. Las esculturas, datadas entre los siglos I y II d. C., regresan tras haber sido blanqueadas y subastadas en 2012, un episodio que refleja la sofisticaci\u00f3n y persistencia de las redes internacionales dedicadas al tr\u00e1fico de antig\u00fcedades.<\/p>\n<p>Quienes se acerquen en los pr\u00f3ximos d\u00edas a las salas del MAN se encontrar\u00e1n con una imagen tan delicada como sorprendente: dos ni\u00f1as peque\u00f1as, fundidas en bronce, capturadas en pleno juego mientras persiguen perdices. La iconograf\u00eda es inusual en la escultura romana conocida y, por ello, especialmente valiosa.<\/p>\n<p>A su rareza tem\u00e1tica se suma la improbable fortuna de su conservaci\u00f3n: esculturas de bronce de \u00e9poca altoimperial sobreviven con dificultad, y hacerlo en pareja \u2014y con sus bases met\u00e1licas originales\u2014 es extraordinario.<\/p>\n<p>Cada detalle habla de manos expertas y de una sensibilidad que no suele asociarse al retrato infantil en la estatuaria romana. La postura de las figuras, el gesto concentrado de la persecuci\u00f3n y el dinamismo impl\u00edcito en la composici\u00f3n revelan la intenci\u00f3n de transmitir algo m\u00e1s que un motivo decorativo: un instante cotidiano detenido en el tiempo.<\/p>\n<p>El retorno de las piezas no ha sido fruto de un hallazgo fortuito, sino de una investigaci\u00f3n sostenida y compleja. La Polic\u00eda Nacional, en coordinaci\u00f3n con la embajada espa\u00f1ola en Suiza, la Subdirecci\u00f3n de Registros y Documentaci\u00f3n del Patrimonio Hist\u00f3rico y el propio MAN, ha seguido el rastro de las esculturas a trav\u00e9s de documentos alterados, ventas en el extranjero y movimientos aduaneros. El trabajo conjunto con la Agencia Tributaria y su Departamento de Aduanas result\u00f3 decisivo para localizar, identificar y recuperar los bronces.<\/p>\n<p>Las dos ni\u00f1as de bronce vuelven a casa. No solo para ocupar una vitrina, sino para recordarnos cu\u00e1nto puede perderse \u2014y cu\u00e1nto puede recuperarse\u2014 cuando el Estado, la investigaci\u00f3n y la cultura trabajan en la misma direcci\u00f3n.<\/p>\n","protected":false},"excerpt":{"rendered":"El Museo Arqueol\u00f3gico Nacional (MAN) ha recibido dos grupos escult\u00f3ricos de bronce, creados en los albores del Imperio&hellip;\n","protected":false},"author":2,"featured_media":343189,"comment_status":"","ping_status":"","sticky":false,"template":"","format":"standard","meta":{"footnotes":""},"categories":[173],"tags":[229,233,231,230,232,234,146,147,25,24,23],"class_list":{"0":"post-343188","1":"post","2":"type-post","3":"status-publish","4":"format-standard","5":"has-post-thumbnail","7":"category-arte-y-diseno","8":"tag-arte","9":"tag-arte-y-diseno","10":"tag-arts","11":"tag-arts-and-design","12":"tag-design","13":"tag-diseno","14":"tag-entertainment","15":"tag-entretenimiento","16":"tag-es","17":"tag-espana","18":"tag-spain"},"share_on_mastodon":{"url":"https:\/\/pubeurope.com\/@es\/115902209250394703","error":""},"_links":{"self":[{"href":"https:\/\/www.europesays.com\/es\/wp-json\/wp\/v2\/posts\/343188","targetHints":{"allow":["GET"]}}],"collection":[{"href":"https:\/\/www.europesays.com\/es\/wp-json\/wp\/v2\/posts"}],"about":[{"href":"https:\/\/www.europesays.com\/es\/wp-json\/wp\/v2\/types\/post"}],"author":[{"embeddable":true,"href":"https:\/\/www.europesays.com\/es\/wp-json\/wp\/v2\/users\/2"}],"replies":[{"embeddable":true,"href":"https:\/\/www.europesays.com\/es\/wp-json\/wp\/v2\/comments?post=343188"}],"version-history":[{"count":0,"href":"https:\/\/www.europesays.com\/es\/wp-json\/wp\/v2\/posts\/343188\/revisions"}],"wp:featuredmedia":[{"embeddable":true,"href":"https:\/\/www.europesays.com\/es\/wp-json\/wp\/v2\/media\/343189"}],"wp:attachment":[{"href":"https:\/\/www.europesays.com\/es\/wp-json\/wp\/v2\/media?parent=343188"}],"wp:term":[{"taxonomy":"category","embeddable":true,"href":"https:\/\/www.europesays.com\/es\/wp-json\/wp\/v2\/categories?post=343188"},{"taxonomy":"post_tag","embeddable":true,"href":"https:\/\/www.europesays.com\/es\/wp-json\/wp\/v2\/tags?post=343188"}],"curies":[{"name":"wp","href":"https:\/\/api.w.org\/{rel}","templated":true}]}}