{"id":343206,"date":"2026-01-16T01:44:10","date_gmt":"2026-01-16T01:44:10","guid":{"rendered":"https:\/\/www.europesays.com\/es\/343206\/"},"modified":"2026-01-16T01:44:10","modified_gmt":"2026-01-16T01:44:10","slug":"trump-aplaza-el-ataque-tras-posponer-iran-las-ejecuciones-de-detenidos-en-las-protestas","status":"publish","type":"post","link":"https:\/\/www.europesays.com\/es\/343206\/","title":{"rendered":"Trump aplaza el ataque tras posponer Ir\u00e1n las ejecuciones de detenidos en las protestas"},"content":{"rendered":"<p style=\"\">Cuando el ataque de Estados Unidos a Ir\u00e1n parec\u00eda inminente, Washington y Teher\u00e1n rebajaron el tono sus declaraciones y volvi\u00f3 una sensaci\u00f3n de aparente tranquilidad a la rep\u00fablica isl\u00e1mica. El r\u00e9gimen insisti\u00f3 en que tiene \u00abla situaci\u00f3n bajo control\u00bb, pero el servicio de internet permaneci\u00f3  &#8230; cortado por s\u00e9ptimo d\u00eda y las calles de ciudades como Teher\u00e1n se llenaron de puestos de control ante el temor de nuevas protestas en el inicio del fin de semana iran\u00ed, que es jueves y viernes. Es una inc\u00f3gnita saber la capacidad de movilizaci\u00f3n tras el ba\u00f1o de sangre y el alejamiento de la \u00abayuda\u00bb <a href=\"https:\/\/www.abc.es\/internacional\/ministro-exteriores-irani-dice-planes-ahorcar-manifestantes-20260115024111-nt.html\" target=\"_self\" data-voc-vtm-id=\"in-text-traffic\" title=\"anunciada por Donald Trump\" rel=\"nofollow noopener\">anunciada por Donald Trump<\/a> a los manifestantes. Despu\u00e9s de varias horas de cierre total, el espacio a\u00e9reo de Ir\u00e1n volvi\u00f3 a abrirse y las principales aerol\u00edneas retomaron los vuelos al pa\u00eds. <\/p>\n<p class=\"voc-p\" style=\"\">48 horas despu\u00e9s de llamar a los iran\u00edes a mantenerse en las calles y tomar las instituciones, <a href=\"https:\/\/www.abc.es\/internacional\/qatar-confirma-evacuacion-parte-personal-base-eeuu-20260114173121-nt.html\" target=\"_self\" data-voc-vtm-id=\"in-text-traffic\" title=\"Trump declar\u00f3 que su Administraci\u00f3n\" rel=\"nofollow noopener\">Trump declar\u00f3 que su Administraci\u00f3n<\/a> hab\u00eda sido informada \u00abpor fuentes muy fiables\u00bb de que \u00ablas muertes en Ir\u00e1n est\u00e1n disminuyendo y no hay planes de ejecuciones\u00bb. El presidente, sin embargo, no descart\u00f3 la intervenci\u00f3n y en Teher\u00e1n no bajaron la guardia porque tienen la experiencia del verano, cuando Israel les atac\u00f3 en medio de las conversaciones nucleares con los estadounidenses. La aparente rebaja de la tensi\u00f3n no significa el final de la crisis, pero ofrece un par\u00e9ntesis a los ayatol\u00e1s para intentar retomar el control interno. <\/p>\n<p class=\"voc-p\" style=\"\">Junto a la muerte de manifestantes, entre <strong>2.500 y 3.600 seg\u00fan diferentes organizaciones de derechos humanos<\/strong>, Trump se\u00f1al\u00f3 a las ejecuciones como una l\u00ednea roja y el r\u00e9gimen, en este punto, recul\u00f3. Tras anunciar el aceleramiento de los juicios y los preparativos de ejecuciones de personas detenidas en las protestas, bajo cargos de &#8216;moharebeh&#8217; (guerra contra Dios) o \u00abterrorismo\u00bb, el ministro de Exteriores, <strong>Abbas Araghchi,<\/strong> afirm\u00f3 a \u00faltima hora del mi\u00e9rcoles que \u00abla horca est\u00e1 fuera de toda consideraci\u00f3n\u00bb y que \u00abno habr\u00e1 ahorcamientos ni hoy ni ma\u00f1ana\u00bb.<\/p>\n<p class=\"voc-p\" style=\"\">Araghchi eligi\u00f3 la cadena Fox News para conceder una entrevista y enviar este mensaje directamente al despacho de Trump. El jefe de la diplomacia aprovech\u00f3 para pedir al presidente \u00abque no repita el mismo error que cometi\u00f3 en junio. Si intenta repetir una experiencia fallida, obtendr\u00e1 el mismo resultado\u00bb, en alusi\u00f3n a la guerra de doce d\u00edas del verano en la que Estados Unidos apoy\u00f3 a Israel. <\/p>\n<p class=\"voc-p\" style=\"\">El nombre del joven del <a href=\"https:\/\/www.abc.es\/internacional\/erfan-soltani-primer-condenado-muerte-protestas-iran-20260114170215-nt.html\" target=\"_self\" data-voc-vtm-id=\"in-text-traffic\" title=\"Erfan Soltani\" rel=\"nofollow noopener\">Erfan Soltani<\/a>, de 26 a\u00f1os, es el que salt\u00f3 a los medios como el primer posible condenado a la horca. La Fiscal\u00eda asegur\u00f3 que las noticias sobre su inminente ahorcamiento fueron \u00abfabricadas\u00bb con el objetivo de enga\u00f1ar a Trump. Soltani fue detenido el s\u00e1bado durante los disturbios y acusado formalmente de \u00abreuni\u00f3n y conspiraci\u00f3n contra la seguridad interna del pa\u00eds\u00bb y de \u00abactividades de propaganda\u00bb contra la rep\u00fablica isl\u00e1mica. El joven permanece detenido en la prisi\u00f3n central de Karaj, ciudad pr\u00f3xima a la capital.<\/p>\n<p>\nOportunidad a la diplomacia\n<\/p>\n<p class=\"voc-p\" style=\"\">Trump puso en marcha la cuenta atr\u00e1s para la intervenci\u00f3n<a href=\"https:\/\/www.abc.es\/internacional\/numero-muertos-iran-protestas-asciende-2571-segun-20260114075544-nt.html\" target=\"_self\" data-voc-vtm-id=\"in-text-traffic\" title=\" cuando salieron a la luz\" rel=\"nofollow noopener\"> cuando salieron a la luz<\/a> las primeras im\u00e1genes de cientos de cuerpos en una morgue de Teher\u00e1n. Israel y la oposici\u00f3n en el exterior, con el hijo del sah a la cabeza, presionaron para que diera el paso y lanzara una operaci\u00f3n a gran escala que sirviera para derrocar al r\u00e9gimen. Los pa\u00edses vecinos, como Turqu\u00eda y las monarqu\u00edas del Golfo, pidieron a Washington que diera una oportunidad a la diplomacia por el temor a que el conflicto se extendiera a toda la regi\u00f3n. <\/p>\n<p class=\"voc-p\" style=\"\">El diario paquistan\u00ed &#8216;Dawn&#8217; revel\u00f3 a \u00faltima hora del mi\u00e9rcoles que Estados Unidos comunic\u00f3 a Ir\u00e1n que <strong>no ten\u00eda intenci\u00f3n de atacar<\/strong> y pidi\u00f3 a Teher\u00e1n que mostrara contenci\u00f3n con las protestas, de acuerdo con las palabras del embajador iran\u00ed en Islamabad, Reza Amiri Moghadam.<\/p>\n<p class=\"voc-p\" style=\"\">El analista israel\u00ed <strong>Danny Citrinowicz<\/strong>, exresponsable del departamento de Ir\u00e1n en la Inteligencia militar, escribi\u00f3 en su perfil de X que Trump \u00abtiene una clara preferencia: guerras cortas y decisivas que entreguen una victoria visible y comercializable. Ir\u00e1n presenta un desaf\u00edo fundamental a ese modelo. No hay un camino cre\u00edble para lograr un resultado estrat\u00e9gico decisivo a trav\u00e9s de una campa\u00f1a limitada y de corta duraci\u00f3n\u00bb. <\/p>\n<p class=\"voc-p\" style=\"\">La inc\u00f3gnita sobre la capacidad de resistencia del r\u00e9gimen, unida a la divisi\u00f3n de la oposici\u00f3n en el exterior, el riesgo de situaciones como la del cierre del estrecho de Ormuz, por donde circula el entre el 20 y el 30 por ciento del petr\u00f3leo que se comercializa por mar en el mundo, o el ataque a bases estadounidenses en la regi\u00f3n, habr\u00edan llevado a la Casa Blanca a reconsiderar la operaci\u00f3n. <\/p>\n<p class=\"voc-p\" style=\"\">Lo que s\u00ed lleg\u00f3 desde Estados Unidos fue una nueva ronda de sanciones a dirigentes del r\u00e9gimen. El secretario del Tesoro, <strong>Scott Bessent,<\/strong> declar\u00f3 que su pa\u00eds \u00abse encuentra firmemente del lado del pueblo iran\u00ed en su llamado a la libertad y la justicia. Por orden del presidente Trump, el Departamento del Tesoro sanciona a l\u00edderes involucrados en la brutal represi\u00f3n. El Tesoro utilizar\u00e1 todas las herramientas a su alcance para dirigirse contra aquellos responsables de la tir\u00e1nica opresi\u00f3n del r\u00e9gimen a los derechos humanos\u00bb. Unas sanciones que no servir\u00e1n de mucho apoyo para aquellos iran\u00edes que esperaban otro tipo de ayuda en su pulso con las autoridades isl\u00e1micas. <\/p>\n","protected":false},"excerpt":{"rendered":"Cuando el ataque de Estados Unidos a Ir\u00e1n parec\u00eda inminente, Washington y Teher\u00e1n rebajaron el tono sus declaraciones&hellip;\n","protected":false},"author":2,"featured_media":343207,"comment_status":"","ping_status":"","sticky":false,"template":"","format":"standard","meta":{"footnotes":""},"categories":[42],"tags":[1422,17,18,1562,43813,13,14,11,61,62,63,64,3137,19,20,9,10,15,16,43003,2315,12,936,21,22,65,66,67],"class_list":{"0":"post-343206","1":"post","2":"type-post","3":"status-publish","4":"format-standard","5":"has-post-thumbnail","7":"category-internacional","8":"tag-ataque","9":"tag-breaking-news","10":"tag-breakingnews","11":"tag-detenidos","12":"tag-ejecuciones","13":"tag-featured-news","14":"tag-featurednews","15":"tag-headlines","16":"tag-internacional","17":"tag-international","18":"tag-international-news","19":"tag-internationalnews","20":"tag-iran","21":"tag-latest-news","22":"tag-latestnews","23":"tag-news","24":"tag-noticias","25":"tag-noticias-destacadas","26":"tag-noticiasdestacadas","27":"tag-pospone","28":"tag-protestas","29":"tag-titulares","30":"tag-trump","31":"tag-ultimas-noticias","32":"tag-ultimasnoticias","33":"tag-world","34":"tag-world-news","35":"tag-worldnews"},"share_on_mastodon":{"url":"https:\/\/pubeurope.com\/@es\/115902248688939171","error":""},"_links":{"self":[{"href":"https:\/\/www.europesays.com\/es\/wp-json\/wp\/v2\/posts\/343206","targetHints":{"allow":["GET"]}}],"collection":[{"href":"https:\/\/www.europesays.com\/es\/wp-json\/wp\/v2\/posts"}],"about":[{"href":"https:\/\/www.europesays.com\/es\/wp-json\/wp\/v2\/types\/post"}],"author":[{"embeddable":true,"href":"https:\/\/www.europesays.com\/es\/wp-json\/wp\/v2\/users\/2"}],"replies":[{"embeddable":true,"href":"https:\/\/www.europesays.com\/es\/wp-json\/wp\/v2\/comments?post=343206"}],"version-history":[{"count":0,"href":"https:\/\/www.europesays.com\/es\/wp-json\/wp\/v2\/posts\/343206\/revisions"}],"wp:featuredmedia":[{"embeddable":true,"href":"https:\/\/www.europesays.com\/es\/wp-json\/wp\/v2\/media\/343207"}],"wp:attachment":[{"href":"https:\/\/www.europesays.com\/es\/wp-json\/wp\/v2\/media?parent=343206"}],"wp:term":[{"taxonomy":"category","embeddable":true,"href":"https:\/\/www.europesays.com\/es\/wp-json\/wp\/v2\/categories?post=343206"},{"taxonomy":"post_tag","embeddable":true,"href":"https:\/\/www.europesays.com\/es\/wp-json\/wp\/v2\/tags?post=343206"}],"curies":[{"name":"wp","href":"https:\/\/api.w.org\/{rel}","templated":true}]}}