{"id":343210,"date":"2026-01-16T01:46:18","date_gmt":"2026-01-16T01:46:18","guid":{"rendered":"https:\/\/www.europesays.com\/es\/343210\/"},"modified":"2026-01-16T01:46:18","modified_gmt":"2026-01-16T01:46:18","slug":"para-simples-tus-fotos-ensenando-los-cocos-2","status":"publish","type":"post","link":"https:\/\/www.europesays.com\/es\/343210\/","title":{"rendered":"Para simples tus fotos ense\u00f1ando los cocos"},"content":{"rendered":"<p class=\"paragraph\" id=\"paragraph_1\"><strong>Tenso enfrentamiento entre Eli Vigil, diputada del PP madrile\u00f1o, y Sarah Santaolalla<\/strong>, que dej\u00f3 el plat\u00f3 completamente revolucionado. <a href=\"https:\/\/www.elespanol.com\/bluper\/20251102\/sarah-santaolalla-anos-recuerda-primeros-dias-television-comparti-programa-perfiles-extremos\/1003743996311_0.html?utm_cmp_rs=linksinline\" rel=\"nofollow noopener\" target=\"_blank\">No es la primera vez que la periodista se ve envuelta en pol\u00e9micas<\/a>: su car\u00e1cter directo y su forma de expresarse sin filtros suelen generar controversia.<\/p>\n<p class=\"paragraph\" id=\"paragraph_2\">La periodista est\u00e1 m\u00e1s que acostumbrada a este tipo de enfrentamientos, especialmente con <strong>Antonio Naranjo<\/strong>, <strong>cuyas posturas suelen chocar con sus principios y convicciones<\/strong>. Este jueves, ha protagonizado un nuevo encontronazo, enfrent\u00e1ndose a una diputada del PP.<\/p>\n<p class=\"paragraph\" id=\"paragraph_3\">Todo ocurr\u00eda durante una conexi\u00f3n en directo con <strong data-end=\"62\" data-start=\"49\">Eli Vigil<\/strong> para comentar un v\u00eddeo que hab\u00eda compartido en sus redes sociales. En \u00e9l, tras la detenci\u00f3n de Maduro, <strong>aparec\u00eda bailando al ritmo de la canci\u00f3n \u00ab<\/strong><strong>\u00bfD\u00f3nde est\u00e1n los comunistas?\u00bb, que se ha vuelto viral.<\/strong><\/p>\n<p><img loading=\"lazy\" decoding=\"async\" alt=\"Antonio Banderas en 'El Hormiguero'\" height=\"180\" src=\"https:\/\/www.europesays.com\/es\/wp-content\/uploads\/2026\/01\/1003744090291_260922441_320x180.jpg\" width=\"320\" data-lazy-status=\"processed\" data-lazy-info=\"remove loading item 1\"\/><\/p>\n<p class=\"paragraph\" id=\"paragraph_4\">\u00abMi opini\u00f3n es que ver a pol\u00edticos bailando no aporta, yo <strong>espero otros comportamientos menos frikis<\/strong>\u00ab, apuntaba la colaboradora tras la emisi\u00f3n del fragmento.<\/p>\n<p class=\"paragraph\" id=\"paragraph_5\">\u00ab<strong>A m\u00ed me gusta ver a los pol\u00edticos en otros \u00e1mbitos<\/strong>, entiendo que la tecnolog\u00eda y que ahora hay una captaci\u00f3n en las redes y que hay que hacer estos shows y unas performances de bailes y tik-tok\u00bb, a\u00f1ad\u00eda Santaolalla.<\/p>\n<p><img decoding=\"async\" alt=\"Isa Pantoja es uno de los nombres m\u00e1s potentes del casting de 'Decomasters'.\" height=\"180\" loading=\"lazy\" width=\"320\" data-lazy-status=\"processed\" id=\"944c0432bc\" src=\"https:\/\/www.elespanol.com\/bluper\/20260115\/brutal-bronca-sarah-santaolalla-diputada-pp-simples-fotos-ensenando-cocos\/[\" https:=\"\" data-lazy-info=\"changed src\"\/><\/p>\n<p class=\"paragraph\" data-end=\"288\" data-start=\"0\" id=\"paragraph_6\">El enfrentamiento se desat\u00f3 cuando <strong>Santaolalla dej\u00f3 claro que no iba a aceptar lecciones de nadie<\/strong>. Se\u00f1al\u00f3 que llevan meses e incluso a\u00f1os hablando sobre la situaci\u00f3n en Venezuela y que quienes antes apoyaban el golpismo o la ilegalidad no tienen autoridad moral para darle lecciones.<\/p>\n<p class=\"paragraph\" data-end=\"603\" data-is-last-node=\"\" data-is-only-node=\"\" data-start=\"290\" id=\"paragraph_7\">\u00abMi pregunta es, <strong>\u00bfqu\u00e9 vais a hacer para sacar a Delcy Rodr\u00edguez?<\/strong> Antes no la quer\u00edais porque la considerabais una golpista, y ahora os somet\u00e9is ante alguien tan poderoso como Trump\u201d, subrayando la incoherencia que, seg\u00fan ella, percibe en sus actitudes.<\/p>\n<p><img decoding=\"async\" alt=\"Sarah Santaolalla y Elisa Vigil en el programa 'En boca de todos'\" data-imgm=\"true\" height=\"180\" loading=\"lazy\"  src=\"https:\/\/www.europesays.com\/es\/wp-content\/uploads\/2026\/01\/1003744091720_260939562_1024x576.jpg\"  width=\"320\"\/><\/p>\n<p>                                                            Sarah Santaolalla y Elisa Vigil en el programa &#8216;En boca de todos&#8217;<\/p>\n<p>                    Cuatro<\/p>\n<p class=\"paragraph\" id=\"paragraph_8\">\u00abA m\u00ed me parece un an\u00e1lisis tan simplista que me da pena\u00bb, le ha respondido la del PP. \u00ab<strong>Pues como tus bailes<\/strong>\u00ab, replic\u00f3 la analista pol\u00edtica.<\/p>\n<p class=\"paragraph\" id=\"paragraph_9\">\u00ab<strong>Para simples tus fotos ense\u00f1ando los cocos con el escote hasta aqu\u00ed<\/strong>\u00ab, soltaba Eli Vigil. \u00ab<strong>Oye nooooo, noo, no. Cocos no<\/strong>\u00ab, espetaba Nacho Abad intentando poner calma. \u00abPero y estas machistadas\u00bb, contestaba indignada Sarah.<\/p>\n<p class=\"paragraph\" id=\"paragraph_10\">Tras esto, la colaboradora de En boca de todos no ha dejado intervenir al presentador, declarando: \u00ab<strong>Por mujeres como t\u00fa nos violan en las calles, nos agreden en las casas y nos insultan en las redes sociales\u00bb.<\/strong><\/p>\n<p class=\"paragraph\" id=\"paragraph_11\">\u00abPodemos ir vestidas como nos salga de las partes de abajo y arriba sin tener que <strong>aguantar machistadas de un cargo p\u00fablico<\/strong> al que le pagamos el sueldo y que no estamos dispuestas a que nos manden a la cocina. Gu\u00e1rdese esas machistadas\u201d.<\/p>\n<p><img decoding=\"async\" alt=\"Ana Obrego\u0301n y Mari\u0301a Patin\u0303o en un montaje de BLUPER\" height=\"180\" loading=\"lazy\" width=\"320\" data-lazy-status=\"processed\" id=\"8084293111\" src=\"https:\/\/www.elespanol.com\/bluper\/20260115\/brutal-bronca-sarah-santaolalla-diputada-pp-simples-fotos-ensenando-cocos\/[\" https:=\"\" data-lazy-info=\"changed src\"\/><\/p>\n<p class=\"paragraph\" id=\"paragraph_12\">Despu\u00e9s del programa, Sarah Santaolalla ha publicado el v\u00eddeo en sus redes sociales denunciando el momento: \u00ab<strong>Acabo de sufrir un ataque machista<\/strong> por parte de un cargo p\u00fablico del PP en la televisi\u00f3n. Esta diputada ha utilizado mi forma de vestir para atacarme y mi f\u00edsico para humillarme. Es intolerable tanta violencia y odio hacia las mujeres. Espero la condena de su partido\u00bb.<\/p>\n","protected":false},"excerpt":{"rendered":"Tenso enfrentamiento entre Eli Vigil, diputada del PP madrile\u00f1o, y Sarah Santaolalla, que dej\u00f3 el plat\u00f3 completamente revolucionado.&hellip;\n","protected":false},"author":2,"featured_media":343211,"comment_status":"","ping_status":"","sticky":false,"template":"","format":"standard","meta":{"footnotes":""},"categories":[5],"tags":[1535,17,18,954,9262,25,24,13,14,11,19,20,9,10,15,16,23,12,21,22],"class_list":{"0":"post-343210","1":"post","2":"type-post","3":"status-publish","4":"format-standard","5":"has-post-thumbnail","7":"category-titulares","8":"tag-bluper","9":"tag-breaking-news","10":"tag-breakingnews","11":"tag-cuatro","12":"tag-en-boca-de-todos","13":"tag-es","14":"tag-espana","15":"tag-featured-news","16":"tag-featurednews","17":"tag-headlines","18":"tag-latest-news","19":"tag-latestnews","20":"tag-news","21":"tag-noticias","22":"tag-noticias-destacadas","23":"tag-noticiasdestacadas","24":"tag-spain","25":"tag-titulares","26":"tag-ultimas-noticias","27":"tag-ultimasnoticias"},"share_on_mastodon":{"url":"https:\/\/pubeurope.com\/@es\/115902256549923686","error":""},"_links":{"self":[{"href":"https:\/\/www.europesays.com\/es\/wp-json\/wp\/v2\/posts\/343210","targetHints":{"allow":["GET"]}}],"collection":[{"href":"https:\/\/www.europesays.com\/es\/wp-json\/wp\/v2\/posts"}],"about":[{"href":"https:\/\/www.europesays.com\/es\/wp-json\/wp\/v2\/types\/post"}],"author":[{"embeddable":true,"href":"https:\/\/www.europesays.com\/es\/wp-json\/wp\/v2\/users\/2"}],"replies":[{"embeddable":true,"href":"https:\/\/www.europesays.com\/es\/wp-json\/wp\/v2\/comments?post=343210"}],"version-history":[{"count":0,"href":"https:\/\/www.europesays.com\/es\/wp-json\/wp\/v2\/posts\/343210\/revisions"}],"wp:featuredmedia":[{"embeddable":true,"href":"https:\/\/www.europesays.com\/es\/wp-json\/wp\/v2\/media\/343211"}],"wp:attachment":[{"href":"https:\/\/www.europesays.com\/es\/wp-json\/wp\/v2\/media?parent=343210"}],"wp:term":[{"taxonomy":"category","embeddable":true,"href":"https:\/\/www.europesays.com\/es\/wp-json\/wp\/v2\/categories?post=343210"},{"taxonomy":"post_tag","embeddable":true,"href":"https:\/\/www.europesays.com\/es\/wp-json\/wp\/v2\/tags?post=343210"}],"curies":[{"name":"wp","href":"https:\/\/api.w.org\/{rel}","templated":true}]}}