{"id":343220,"date":"2026-01-16T01:56:16","date_gmt":"2026-01-16T01:56:16","guid":{"rendered":"https:\/\/www.europesays.com\/es\/343220\/"},"modified":"2026-01-16T01:56:16","modified_gmt":"2026-01-16T01:56:16","slug":"el-real-valladolid-mueve-el-pequeno-mercado","status":"publish","type":"post","link":"https:\/\/www.europesays.com\/es\/343220\/","title":{"rendered":"El Real Valladolid mueve el peque\u00f1o mercado"},"content":{"rendered":"<p class=\"paragraph\">El club no ha efectuado movimientos destacados en las \u00faltimas horas pero ha registrado novedades interesantes. La principal es la incorporaci\u00f3n de Aitor Unzu\u00e9 como segundo entrenador, a las \u00f3rdenes de Tevenet.<\/p>\n<p class=\"paragraph\">Hijo del tambi\u00e9n t\u00e9cnico y ex portero Juan Carlos Unzu\u00e9, a sus 34 a\u00f1os ha formado parte en Espa\u00f1a de los cuerpos t\u00e9cnicos de Celta y Girona, adem\u00e1s de PSG y la selecci\u00f3n, a los que lleg\u00f3 de la mano de Luis Enrique. En Italia ha formado parte del G\u00e9nova, con el que ha rescindido para firmar con el Pucela.<\/p>\n<p class=\"paragraph\">\u00abLo conozco desde que era cr\u00edo, cuando yo jugaba con su padre. Su aportaci\u00f3n al cuerpo t\u00e9cnico es una oportunidad muy buena para el equipo. Ha trabajado durante muchos a\u00f1os a nivel top. Vamos a aprovechar al m\u00e1ximo los aprendizajes que ha tenido con entrenadores importantes\u00bb, dice Tevenet.<\/p>\n<p class=\"paragraph\">Quien deja otra ficha libre junto a Arnu en la delantera es Jorge Delgado. El mostole\u00f1o se marcha cedido al Chaves, cuarto de la Segunda Divisi\u00f3n portuguesa, que se guarda una opci\u00f3n de compra. Con el Real Valladolid s\u00f3lo ha jugado 270 minutos, marcando un gol, en la derrota 2-3 ante el Sporting.<\/p>\n<p class=\"c-detail__media__subtitle\">\n<p>        Hugo Mantec\u00f3n, en los Anexos.REAL VALLADOLID<\/p>\n<p class=\"paragraph\">El Promesas ya cuenta con un relevo del lesionado portero Wauthier, operado de menisco. Hugo Mantec\u00f3n llega libre tras dejar el Real Madrid C, y firma hasta final de temporada, m\u00e1s dos opcionales. Una operaci\u00f3n que probablemente est\u00e9 ligada a la de Arnu.<\/p>\n","protected":false},"excerpt":{"rendered":"El club no ha efectuado movimientos destacados en las \u00faltimas horas pero ha registrado novedades interesantes. La principal&hellip;\n","protected":false},"author":2,"featured_media":343221,"comment_status":"","ping_status":"","sticky":false,"template":"","format":"standard","meta":{"footnotes":""},"categories":[268],"tags":[168,25,24,280,282,628,114,5299,5298,6544,281,23,167],"class_list":{"0":"post-343220","1":"post","2":"type-post","3":"status-publish","4":"format-standard","5":"has-post-thumbnail","7":"category-futbol","8":"tag-deportes","9":"tag-es","10":"tag-espana","11":"tag-football","12":"tag-futbol","13":"tag-italia","14":"tag-mercados","15":"tag-pucela","16":"tag-real-valladolid-cf","17":"tag-seleccion-espanola-de-futbol","18":"tag-soccer","19":"tag-spain","20":"tag-sports"},"share_on_mastodon":{"url":"https:\/\/pubeurope.com\/@es\/115902295882752656","error":""},"_links":{"self":[{"href":"https:\/\/www.europesays.com\/es\/wp-json\/wp\/v2\/posts\/343220","targetHints":{"allow":["GET"]}}],"collection":[{"href":"https:\/\/www.europesays.com\/es\/wp-json\/wp\/v2\/posts"}],"about":[{"href":"https:\/\/www.europesays.com\/es\/wp-json\/wp\/v2\/types\/post"}],"author":[{"embeddable":true,"href":"https:\/\/www.europesays.com\/es\/wp-json\/wp\/v2\/users\/2"}],"replies":[{"embeddable":true,"href":"https:\/\/www.europesays.com\/es\/wp-json\/wp\/v2\/comments?post=343220"}],"version-history":[{"count":0,"href":"https:\/\/www.europesays.com\/es\/wp-json\/wp\/v2\/posts\/343220\/revisions"}],"wp:featuredmedia":[{"embeddable":true,"href":"https:\/\/www.europesays.com\/es\/wp-json\/wp\/v2\/media\/343221"}],"wp:attachment":[{"href":"https:\/\/www.europesays.com\/es\/wp-json\/wp\/v2\/media?parent=343220"}],"wp:term":[{"taxonomy":"category","embeddable":true,"href":"https:\/\/www.europesays.com\/es\/wp-json\/wp\/v2\/categories?post=343220"},{"taxonomy":"post_tag","embeddable":true,"href":"https:\/\/www.europesays.com\/es\/wp-json\/wp\/v2\/tags?post=343220"}],"curies":[{"name":"wp","href":"https:\/\/api.w.org\/{rel}","templated":true}]}}