{"id":343234,"date":"2026-01-16T02:06:11","date_gmt":"2026-01-16T02:06:11","guid":{"rendered":"https:\/\/www.europesays.com\/es\/343234\/"},"modified":"2026-01-16T02:06:11","modified_gmt":"2026-01-16T02:06:11","slug":"el-astronauta-japones-yui-kimiya-regresa-a-la-tierra-desde-la-estacion-espacial-internacional","status":"publish","type":"post","link":"https:\/\/www.europesays.com\/es\/343234\/","title":{"rendered":"El astronauta japon\u00e9s Yui Kimiya regresa a la Tierra desde la Estaci\u00f3n Espacial Internacional"},"content":{"rendered":"<p class=\"csp-catelogo\">\n\t\t\t\t\tNoticias\n\t\t\t\t<\/p>\n<p>\t\t\t\t\t\t\t\t\t\t\t\t\t<a class=\"c-cate c-cate0\" href=\"https:\/\/www.nippon.com\/es\/articlelist.html?f=ncf-category&amp;s=Ciencia\" rel=\"nofollow noopener\" target=\"_blank\">Ciencia<\/a><br \/>\n\t\t\t\t\t\t\t\t\t\t\t\t\t\t\t\t\t\t\t\t\t\t\t\t\t<a class=\"c-cate c-cate2\" href=\"https:\/\/www.nippon.com\/es\/articlelist.html?f=ncf-category&amp;s=Sociedad\" rel=\"nofollow noopener\" target=\"_blank\">Sociedad<\/a><\/p>\n<p>\t\t\t\t16\/01\/2026<\/p>\n<p>Tokio, 15 de enero (Jiji Press)\u2014El japon\u00e9s Yui Kimiya y otros tres astronautas regresaron el jueves a la Tierra desde la Estaci\u00f3n Espacial Internacional a bordo de la nave estadounidense Crew Dragon.<\/p>\n<p>La nave ameriz\u00f3 en aguas de la costa de California alrededor de las 17:40, hora japonesa, y su escotilla se abri\u00f3 a las 18:20, aproximadamente. Yui, de 55 a\u00f1os y tercer miembro de la tripulaci\u00f3n en salir, salud\u00f3 a las c\u00e1maras sonriente mientras el equipo de rescate daba la bienvenida a los astronautas con un aplauso.<\/p>\n<p>El regreso de los astronautas se adelant\u00f3 alrededor de un mes respecto al plan inicial para febrero debido a un problema de salud de uno de los miembros de la tripulaci\u00f3n. Es la primera vez en la historia de la EEI que una misi\u00f3n se acorta por razones de salud.<\/p>\n<p>Los cuatro astronautas llegaron a bordo de una nave Crew Dragon a la EEI en agosto de 2025 para una estancia de larga duraci\u00f3n junto a colegas de los Estados Unidos y Rusia.<\/p>\n<p class=\"photo_box_c_v2\"><a href=\"https:\/\/www.europesays.com\/es\/wp-content\/uploads\/2026\/01\/2938186.jpg\" class=\"fancybox\" rel=\"gallery\" data-libid=\"2938186\"><img decoding=\"async\" src=\"https:\/\/www.europesays.com\/es\/wp-content\/uploads\/2026\/01\/2938186.jpg\" data-libid=\"2938186\" alt=\"\"\/><\/a><\/p>\n<p>[Copyright The Jiji Press, Ltd.]<\/p>\n<p class=\"c-keywords\">\n\t\t\t\t\t\t\t\t\t\t\t\t <a href=\"\">Estaci\u00f3n Espacial Internacional<\/a><br \/>\n\t\t\t\t\t \t\t\t\t\t\t\t <a href=\"\">Jiji Press<\/a><br \/>\n\t\t\t\t\t \t\t\t\t\t\t\t <a href=\"\">Astronauta<\/a>\n\t\t\t\t\t \t\t\t\t\t\t<\/p>\n","protected":false},"excerpt":{"rendered":"Noticias Ciencia Sociedad 16\/01\/2026 Tokio, 15 de enero (Jiji Press)\u2014El japon\u00e9s Yui Kimiya y otros tres astronautas regresaron&hellip;\n","protected":false},"author":2,"featured_media":343235,"comment_status":"","ping_status":"","sticky":false,"template":"","format":"standard","meta":{"footnotes":""},"categories":[81],"tags":[22572,119,123,124,25,24,12337,14602,117,121,122,23,118,120],"class_list":{"0":"post-343234","1":"post","2":"type-post","3":"status-publish","4":"format-standard","5":"has-post-thumbnail","7":"category-ciencia-y-tecnologia","8":"tag-astronauta","9":"tag-ciencia","10":"tag-ciencia-y-tecnologia","11":"tag-cienciaytecnologia","12":"tag-es","13":"tag-espana","14":"tag-estacion-espacial-internacional","15":"tag-jiji-press","16":"tag-science","17":"tag-science-and-technology","18":"tag-scienceandtechnology","19":"tag-spain","20":"tag-technology","21":"tag-tecnologia"},"share_on_mastodon":{"url":"https:\/\/pubeurope.com\/@es\/115902335430805370","error":""},"_links":{"self":[{"href":"https:\/\/www.europesays.com\/es\/wp-json\/wp\/v2\/posts\/343234","targetHints":{"allow":["GET"]}}],"collection":[{"href":"https:\/\/www.europesays.com\/es\/wp-json\/wp\/v2\/posts"}],"about":[{"href":"https:\/\/www.europesays.com\/es\/wp-json\/wp\/v2\/types\/post"}],"author":[{"embeddable":true,"href":"https:\/\/www.europesays.com\/es\/wp-json\/wp\/v2\/users\/2"}],"replies":[{"embeddable":true,"href":"https:\/\/www.europesays.com\/es\/wp-json\/wp\/v2\/comments?post=343234"}],"version-history":[{"count":0,"href":"https:\/\/www.europesays.com\/es\/wp-json\/wp\/v2\/posts\/343234\/revisions"}],"wp:featuredmedia":[{"embeddable":true,"href":"https:\/\/www.europesays.com\/es\/wp-json\/wp\/v2\/media\/343235"}],"wp:attachment":[{"href":"https:\/\/www.europesays.com\/es\/wp-json\/wp\/v2\/media?parent=343234"}],"wp:term":[{"taxonomy":"category","embeddable":true,"href":"https:\/\/www.europesays.com\/es\/wp-json\/wp\/v2\/categories?post=343234"},{"taxonomy":"post_tag","embeddable":true,"href":"https:\/\/www.europesays.com\/es\/wp-json\/wp\/v2\/tags?post=343234"}],"curies":[{"name":"wp","href":"https:\/\/api.w.org\/{rel}","templated":true}]}}