{"id":343238,"date":"2026-01-16T02:08:14","date_gmt":"2026-01-16T02:08:14","guid":{"rendered":"https:\/\/www.europesays.com\/es\/343238\/"},"modified":"2026-01-16T02:08:14","modified_gmt":"2026-01-16T02:08:14","slug":"savina-paul-piloto-de-airbus-330-explica-por-que-es-mejor-sentarse-en-esta-zona-del-avion-hace-un-efecto-palanca","status":"publish","type":"post","link":"https:\/\/www.europesays.com\/es\/343238\/","title":{"rendered":"Savina Pa\u00fcl, piloto de Airbus 330, explica por qu\u00e9 es mejor sentarse en esta zona del avi\u00f3n: \u00abHace un efecto palanca\u00bb"},"content":{"rendered":"<p style=\"\"><a href=\"https:\/\/www.abc.es\/recreo\/experto-viajes-menciona-planes-turisticos-recomienda-bastante-20250708131527-nt.html\" title=\"www.abc.es\" data-voc-vtm-id=\"in-text-traffic\" data-mrf-link=\"www.abc.es\" rel=\"nofollow noopener\" target=\"_blank\">Viajar <\/a>es una actividad que realizamos con cierta frecuencia, ya sea para visitar a un ser querido, por trabajo o por ocio. Cuando se trata de distancias largas y destinos muy lejanos, el medio de transporte m\u00e1s adecuado suele ser <strong>el avi\u00f3n<\/strong>. <\/p>\n<p style=\"\">Gracias a  &#8230; ello podemos visitar otros pa\u00edses y <strong>reducir el tiempo de viaje<\/strong> de varias horas a solo una o un para en nuestro propio pa\u00eds, por ejemplo cuando queremos ir desde una zona del sur a una del norte.<\/p>\n<p class=\"voc-p\" style=\"\">A d\u00eda de hoy, el avi\u00f3n es <strong>un medio de transporte seguro<\/strong>, muchos incluso indican que es el menos peligroso, pero, a\u00fan as\u00ed, hay quien tiene miedo a montar en en \u00e9l y considera que s\u00ed existen riesgos al surcar el cielo en una aeronave. <\/p>\n<p class=\"voc-p\" style=\"\"><strong>Las turbulencias, por ejemplo, suelen ser uno de los grandes miedos de muchos pasajeros<\/strong>, ya que puede dar la sensaci\u00f3n de que el avi\u00f3n se va a caer o que el piloto va a perder el control. Aunque muchos profesionales del sector han explicado que las turbulencias no provocan las mencionadas consecuencias y que es algo normal en los vuelos, <strong>hay algunos trucos o recomendaciones<\/strong> para notarlas menos seg\u00fan d\u00f3nde estemos situados en el avi\u00f3n. <\/p>\n<p>\nLa piloto Savina Pa\u00fcl explica el motivo por el que es mejor sentarse en esta parte del avi\u00f3n\n<\/p>\n<p class=\"voc-p\" style=\"\">Esto es lo que ha explicado <strong>Savina Pa\u00fcl, piloto de Airbus 330<\/strong> que suele <a href=\"https:\/\/www.instagram.com\/p\/DSMqzCwjVaC\/?hl=es\" target=\"_blank\" title=\"www.instagram.com\" data-voc-vtm-id=\"in-text-traffic\" data-mrf-link=\"www.instagram.com\" rel=\"nofollow noopener\">compartir parte de su trabajo <\/a>en redes sociales, al participar en el podcast &#8216;B3tter&#8217;. Durante la charla, el entrevistador le ha lanzado varias <strong>preguntas acerca de la aviaci\u00f3n <\/strong>y han hablado sobre curiosidades que pueden llamar la atenci\u00f3n de los pasajeros. <\/p>\n<p class=\"voc-p\" style=\"\">As\u00ed, una de las cuestiones que ha respondido es la siguiente: <strong>\u00ab\u00bfD\u00f3nde nos tenemos que sentar en un avi\u00f3n por si acaso hubiera una desgracia, que no va a pasar nunca? \u00bfCu\u00e1l es la zona m\u00e1s segura para sentarte en un avi\u00f3n?\u00bb<\/strong>, dec\u00eda el entrevistador.<\/p>\n<p class=\"voc-p\" style=\"\">Al escucharlo, la piloto confiesa que le encanta que le hagan ese tipo de preguntas: <strong>\u00abPara m\u00ed son cosas obvias, pero en realidad mucha gente no las sabe <\/strong>y es superinteresante\u00bb. As\u00ed, comienza su explicaci\u00f3n dando unas pinceladas b\u00e1sicas de la f\u00edsica del avi\u00f3n: <\/p>\n<p class=\"voc-p\" style=\"\">\u00ab<strong>El centro de gravedad de un avi\u00f3n no est\u00e1 exactamente en el centro, sino un poco m\u00e1s adelante<\/strong>, normalmente en la zona de las alas, m\u00e1s cerca del morro\u00bb, cuenta mientras muestra con gestos manuales d\u00f3nde estar\u00eda ese punto de gravedad de la aeronave: \u00abEsto hace que si el avi\u00f3n est\u00e1 as\u00ed (mientras gesticula como se puede ver en el v\u00eddeo de la entrevista), <strong>el avi\u00f3n hace un efecto palanca con los movimientos de la atm\u00f3sfera<\/strong>\u00bb. <\/p>\n<p>\n\u00abLa zona delantera, por delante del centro de gravedad, se mueve menos\u00bb\n<\/p>\n<p class=\"voc-p\" style=\"\">Ese movimiento de palanca que indica Savina hace que<strong> la parte del final del avi\u00f3n, de la cola o de detr\u00e1s del centro de gravedad, se mueva \u00absiempre un poco m\u00e1s<\/strong>, mientas que la zona delantera, por delante del centro de gravedad, se mueve menos\u00bb. Savina refuerza esta idea exponiendo que, como piloto, <strong>desde la cabina suelen notar las turbulencias menos <\/strong>que alguien que va sentado en la cola del avi\u00f3n. <\/p>\n<p class=\"voc-p\" style=\"\">As\u00ed, revela su recomendaci\u00f3n sobre donde sentarnos: \u00abSiempre digo que si tienes miedo a volar, o te incomodan los movimientos, o te agobia que el avi\u00f3n se mueva, aunque realmente no pasa nada, <strong>lo mejor es sentarte delante, m\u00e1s cerca de las alas o entre las alas y la cabina<\/strong>\u00bb. <\/p>\n<p class=\"voc-p\" style=\"\">La piloto tambi\u00e9n explica que desde la cabina est\u00e1n constantemente en comunicaci\u00f3n con los compa\u00f1eros de la cola: \u00abSi por lo que sea notamos movimiento pero pensamos que no es tanto, ellos pueden llamarnos y decirnos: <strong>&#8216;Oye, se est\u00e1 moviendo mucho. Por favor, pon cinturones, porque si alguien se levanta aqu\u00ed detr\u00e1s igual se cae&#8217;<\/strong>\u00bb. <\/p>\n<p class=\"voc-p\" style=\"\">Es conclusi\u00f3n, los asientos situacdos en parte trasera del avi\u00f3n es en los que m\u00e1s se sienten las turbulencias pero tambi\u00e9n la <strong>vibraci\u00f3n, los giros, las subidas y bajadas o el cambio de velocidad<\/strong>, entre otros movimientos. <\/p>\n<p><script async src=\"\/\/www.instagram.com\/embed.js\"><\/script><\/p>\n","protected":false},"excerpt":{"rendered":"Viajar es una actividad que realizamos con cierta frecuencia, ya sea para visitar a un ser querido, por&hellip;\n","protected":false},"author":2,"featured_media":343239,"comment_status":"","ping_status":"","sticky":false,"template":"","format":"standard","meta":{"footnotes":""},"categories":[42],"tags":[78020,56905,3197,17,18,3427,5134,13,14,11,61,62,63,64,19,20,1684,9,10,15,16,9757,9359,14725,78019,78021,12,21,22,65,66,67,6420],"class_list":{"0":"post-343238","1":"post","2":"type-post","3":"status-publish","4":"format-standard","5":"has-post-thumbnail","7":"category-internacional","8":"tag-78020","9":"tag-airbus","10":"tag-avion","11":"tag-breaking-news","12":"tag-breakingnews","13":"tag-efecto","14":"tag-explica","15":"tag-featured-news","16":"tag-featurednews","17":"tag-headlines","18":"tag-internacional","19":"tag-international","20":"tag-international-news","21":"tag-internationalnews","22":"tag-latest-news","23":"tag-latestnews","24":"tag-mejor","25":"tag-news","26":"tag-noticias","27":"tag-noticias-destacadas","28":"tag-noticiasdestacadas","29":"tag-palanca","30":"tag-paul","31":"tag-piloto","32":"tag-savina","33":"tag-sentarse","34":"tag-titulares","35":"tag-ultimas-noticias","36":"tag-ultimasnoticias","37":"tag-world","38":"tag-world-news","39":"tag-worldnews","40":"tag-zona"},"share_on_mastodon":{"url":"","error":"Validation failed: Text character limit of 500 exceeded"},"_links":{"self":[{"href":"https:\/\/www.europesays.com\/es\/wp-json\/wp\/v2\/posts\/343238","targetHints":{"allow":["GET"]}}],"collection":[{"href":"https:\/\/www.europesays.com\/es\/wp-json\/wp\/v2\/posts"}],"about":[{"href":"https:\/\/www.europesays.com\/es\/wp-json\/wp\/v2\/types\/post"}],"author":[{"embeddable":true,"href":"https:\/\/www.europesays.com\/es\/wp-json\/wp\/v2\/users\/2"}],"replies":[{"embeddable":true,"href":"https:\/\/www.europesays.com\/es\/wp-json\/wp\/v2\/comments?post=343238"}],"version-history":[{"count":0,"href":"https:\/\/www.europesays.com\/es\/wp-json\/wp\/v2\/posts\/343238\/revisions"}],"wp:featuredmedia":[{"embeddable":true,"href":"https:\/\/www.europesays.com\/es\/wp-json\/wp\/v2\/media\/343239"}],"wp:attachment":[{"href":"https:\/\/www.europesays.com\/es\/wp-json\/wp\/v2\/media?parent=343238"}],"wp:term":[{"taxonomy":"category","embeddable":true,"href":"https:\/\/www.europesays.com\/es\/wp-json\/wp\/v2\/categories?post=343238"},{"taxonomy":"post_tag","embeddable":true,"href":"https:\/\/www.europesays.com\/es\/wp-json\/wp\/v2\/tags?post=343238"}],"curies":[{"name":"wp","href":"https:\/\/api.w.org\/{rel}","templated":true}]}}