{"id":343242,"date":"2026-01-16T02:10:21","date_gmt":"2026-01-16T02:10:21","guid":{"rendered":"https:\/\/www.europesays.com\/es\/343242\/"},"modified":"2026-01-16T02:10:21","modified_gmt":"2026-01-16T02:10:21","slug":"aprobados-y-suspensos-del-valencia-sadiq-emerge-entre-la-lluvia","status":"publish","type":"post","link":"https:\/\/www.europesays.com\/es\/343242\/","title":{"rendered":"Aprobados y suspensos del Valencia: Sadiq emerge entre la lluvia"},"content":{"rendered":"<p class=\"\"><b>Dimitrievski<\/b>: Titular tambi\u00e9n en Copa. Puerta a cero. Bien colocado, en el primer palo, tras una buena incursi\u00f3n de Mollejo. Respondi\u00f3 con gran decisi\u00f3n en los balones a\u00e9reos que puso el Burgos. En la segunda mitad, buena intervenci\u00f3n a un cabezazo de Appin.<\/p>\n<p class=\"\"><b>Iranzo<\/b>: Titularidad para el canterano y golazo. Se elev\u00f3, en el \u00e1rea, tras un c\u00f3rner botado por Almeida, para cabecear a la red. Pero no se qued\u00f3 ah\u00ed, subi\u00f3 la banda en varias ocasiones con mucho criterio.<\/p>\n<p class=\"\"><b>T\u00e1rrega<\/b>: Bien al corte y en el juego a\u00e9reo. En una de ellas, al l\u00edmite ante Mariano. Acci\u00f3n defensiva valor-gol. Jug\u00f3 solo la primera mitad por gesti\u00f3n de esfuerzos.<\/p>\n<p class=\"\"><b>C\u00f6mert<\/b>: Dubitativo. Le comi\u00f3 la tostada Mollejo, en un bal\u00f3n colgado al \u00e1rea que pudo acabar en gol del Burgos. Aunque al final mantuvo el tipo, demostr\u00f3 por qu\u00e9 Corber\u00e1n quiere otro central de manera urgente.<\/p>\n<p class=\"\"><b>V\u00e1zquez<\/b>: Intent\u00f3 mantener la posici\u00f3n ante las distintas acometidas de Mollejo y otros jugadores burgaleses. Fue ganando en seguridad conforme pasaban los minutos.<\/p>\n<p class=\"\"><b>Diego L\u00f3pez<\/b>: Luch\u00f3 como siempre aunque su idilio con el gol ya hace tiempo que se interrumpi\u00f3. Nada m\u00e1s empezar la segunda mitad, tuvo un disparo, desde la frontal, para que el Valencia cogiera m\u00e1s ventaja. Poco despu\u00e9s, inici\u00f3 la jugada que acab\u00f3 en gol de Sadiq.<\/p>\n<p class=\"\"><b>Santamar\u00eda<\/b>: Ejerci\u00f3 de hombre ancla en el centro del campo y lo hizo con jerarqu\u00eda, adapt\u00e1ndose a las circunstancias del juego y del terreno de juego. No se le not\u00f3 su inactividad.<\/p>\n<p><a href=\"https:\/\/as.com\/resultados\/ficha\/equipo\/valencia\/17\/\" rel=\"nofollow noopener\" target=\"_blank\"><img decoding=\"async\" src=\"https:\/\/www.europesays.com\/es\/wp-content\/uploads\/2026\/01\/17.png\" alt=\"Aprobados y suspensos del Valencia: Sadiq emerge entre la lluvia\" height=\"80\" width=\"80\"  loading=\"lazy\" data-error-image=\"https:\/\/static.as.com\/dist\/resources\/images\/placeholder-team.png\"\/><\/a><\/p>\n<p class=\"\"><b>Javi Guerra<\/b>: Le cost\u00f3 adaptarse al terreno de juego encharcado. Aun as\u00ed, realiz\u00f3 un par de conducciones, en la que exhibi\u00f3 zancada. Acab\u00f3 muy entero el partido, dando ox\u00edgeno a su equipo cuando el Burgos apretaba.<\/p>\n<p class=\"\"><b>Almeida<\/b>: Sac\u00f3 perfecto el c\u00f3rner del gol de Iranzo. Pese a que el c\u00e9sped no estaba para sus caracter\u00edsticas se mostr\u00f3 en el centro del campo. Dio sentido a los ataques valencianistas.<\/p>\n<p class=\"\"><b>Ramazani<\/b>: Mostr\u00f3 velocidad aunque le falt\u00f3 algo de calma en el \u00faltimo pase. Se entendi\u00f3 bien con Sadiq. Fruto de ese entendimiento lleg\u00f3 el segundo gol del Valencia.<\/p>\n<p class=\"\"><b>Sadiq<\/b>: Le da un poso al equipo que no ten\u00eda. Su juego no es est\u00e9tico pero s\u00ed efectivo. Trenz\u00f3 varias jugadas de peligro a pesar de lo dificultoso que era debido al c\u00e9sped encharcado y pesado. La lluvia no le pes\u00f3. Enorme zancada para ganarle la partida al defensa y marcar el 0-2.<\/p>\n<p class=\"\"><b>Suplentes<\/b>:<\/p>\n<p class=\"\"><b>Copete<\/b>: Gran actuaci\u00f3n del central. Sali\u00f3 en el descanso y enseguida supo qu\u00e9 suelo pisaba. No se amedrent\u00f3 en el juego, cuerpo a cuerpo, de los jugadores burgaleses. Le reba\u00f1\u00f3 un bal\u00f3n a Mollejo cuando este ya encaraba a Dimitrievski. Despu\u00e9s, otra salvada abajo que ol\u00eda a gol. Se creci\u00f3 con el paso de los minutos.<\/p>\n<p class=\"\"><b>Hugo Duro<\/b>: Volvi\u00f3 a jugar unos minutos y no dispuso de ninguna ocasi\u00f3n. Su trabajo consisti\u00f3 m\u00e1s en la lucha y el esfuerzo que en otra cosa.<\/p>\n<p class=\"\"><b>Rioja<\/b>: Sali\u00f3 en la segunda mitad para seguir trabajando la banda derecha. Ninguna acci\u00f3n rese\u00f1able en ataque.<\/p>\n<p class=\"\"><b>Danjuma<\/b>: Tuvo una ocasi\u00f3n, en la segunda mitad, para volver a marcar pero se entretuvo demasiado. Poca confianza en su disparo de primeras. En el descuento, volvi\u00f3 a plantarse ante el portero del Burgos pero su disparo, de puntera, fue al mu\u00f1eco.<\/p>\n<p>Noticias relacionadas<\/p>\n<p class=\"\"><b>Foulquier<\/b>: Sali\u00f3 en los \u00faltimos minutos para taponar la banda derecha.<\/p>\n<p class=\"\"><b>\u00a1Tus opiniones importan!<\/b> Comenta en los art\u00edculos y suscr\u00edbete gratis a nuestra <a href=\"https:\/\/asfan.as.com\/newsletters\/\" target=\"_blank\" rel=\"nofollow noopener\" title=\"https:\/\/asfan.as.com\/newsletters\/\">newsletter<\/a> y a las alertas informativas en la <a href=\"https:\/\/as.com\/aplicacion-de-as-n\/\" target=\"_blank\" rel=\"nofollow noopener\" title=\"https:\/\/as.com\/aplicacion-de-as-n\/\">App<\/a> o el canal de <a href=\"https:\/\/www.whatsapp.com\/channel\/0029VaAasdA7j6g745nz9M10\" target=\"_blank\" rel=\"nofollow noopener\" title=\"https:\/\/www.whatsapp.com\/channel\/0029VaAasdA7j6g745nz9M10\">WhatsApp<\/a>. \u00bfBuscas licenciar contenido? Haz clic <a href=\"https:\/\/profesional.elpais.com\/soluciones-sindicacion?utm_medium=interno&amp;utm_source=crosslinking&amp;utm_campaign=sindicacion_as_pie_articulos\" target=\"_blank\" rel=\"nofollow noopener\" title=\"https:\/\/profesional.elpais.com\/soluciones-sindicacion?utm_medium=interno&amp;utm_source=crosslinking&amp;utm_campaign=sindicacion_as_pie_articulos\">aqu\u00ed<\/a><\/p>\n","protected":false},"excerpt":{"rendered":"Dimitrievski: Titular tambi\u00e9n en Copa. Puerta a cero. Bien colocado, en el primer palo, tras una buena incursi\u00f3n&hellip;\n","protected":false},"author":2,"featured_media":343243,"comment_status":"","ping_status":"","sticky":false,"template":"","format":"standard","meta":{"footnotes":""},"categories":[5],"tags":[17,18,25,24,13,14,11,19,20,9,10,15,16,23,12,21,22],"class_list":{"0":"post-343242","1":"post","2":"type-post","3":"status-publish","4":"format-standard","5":"has-post-thumbnail","7":"category-titulares","8":"tag-breaking-news","9":"tag-breakingnews","10":"tag-es","11":"tag-espana","12":"tag-featured-news","13":"tag-featurednews","14":"tag-headlines","15":"tag-latest-news","16":"tag-latestnews","17":"tag-news","18":"tag-noticias","19":"tag-noticias-destacadas","20":"tag-noticiasdestacadas","21":"tag-spain","22":"tag-titulares","23":"tag-ultimas-noticias","24":"tag-ultimasnoticias"},"share_on_mastodon":{"url":"https:\/\/pubeurope.com\/@es\/115902350840948429","error":""},"_links":{"self":[{"href":"https:\/\/www.europesays.com\/es\/wp-json\/wp\/v2\/posts\/343242","targetHints":{"allow":["GET"]}}],"collection":[{"href":"https:\/\/www.europesays.com\/es\/wp-json\/wp\/v2\/posts"}],"about":[{"href":"https:\/\/www.europesays.com\/es\/wp-json\/wp\/v2\/types\/post"}],"author":[{"embeddable":true,"href":"https:\/\/www.europesays.com\/es\/wp-json\/wp\/v2\/users\/2"}],"replies":[{"embeddable":true,"href":"https:\/\/www.europesays.com\/es\/wp-json\/wp\/v2\/comments?post=343242"}],"version-history":[{"count":0,"href":"https:\/\/www.europesays.com\/es\/wp-json\/wp\/v2\/posts\/343242\/revisions"}],"wp:featuredmedia":[{"embeddable":true,"href":"https:\/\/www.europesays.com\/es\/wp-json\/wp\/v2\/media\/343243"}],"wp:attachment":[{"href":"https:\/\/www.europesays.com\/es\/wp-json\/wp\/v2\/media?parent=343242"}],"wp:term":[{"taxonomy":"category","embeddable":true,"href":"https:\/\/www.europesays.com\/es\/wp-json\/wp\/v2\/categories?post=343242"},{"taxonomy":"post_tag","embeddable":true,"href":"https:\/\/www.europesays.com\/es\/wp-json\/wp\/v2\/tags?post=343242"}],"curies":[{"name":"wp","href":"https:\/\/api.w.org\/{rel}","templated":true}]}}