{"id":343248,"date":"2026-01-16T02:19:14","date_gmt":"2026-01-16T02:19:14","guid":{"rendered":"https:\/\/www.europesays.com\/es\/343248\/"},"modified":"2026-01-16T02:19:14","modified_gmt":"2026-01-16T02:19:14","slug":"la-ultima-hora-de-javi-puado","status":"publish","type":"post","link":"https:\/\/www.europesays.com\/es\/343248\/","title":{"rendered":"La \u00faltima hora de Javi Puado"},"content":{"rendered":"<p data-gtm-element-container=\"modulo-texto-link\" class=\"paragraph\"><strong>Javi Puado<\/strong> ha empezado ya a descontar los d\u00edas que necesita para recuperarse de su grave lesi\u00f3n y volver a vestirse de corto con el Espanyol para seguir siendo el gran referente y capit\u00e1n del equipo blanquiazul.\u00a0<\/p>\n<p data-gtm-element-container=\"modulo-texto-link\" class=\"paragraph\">Este jueves el ariete ha sido operado<strong> con \u00e9xito por el doctor Ram\u00f3n Cugat <\/strong>de\u00a0la rotura del ligamento cruzado anterior de la rodilla derecha que se produjo en el partido del pasado domingo en el Ciutat de Val\u00e8ncia cuando apenas llevaba un par de minutos en el c\u00e9sped y por culpa de un choque fortuito con un jugador granota. Una l\u00e1stima pues el capit\u00e1n hab\u00eda reaparecido en el derbi y era el <strong>gran fichaje invernal para Manolo.<\/strong>\u00a0<\/p>\n<p>    Lee tambi\u00e9n<\/p>\n<p data-gtm-element-container=\"modulo-texto-link\" class=\"paragraph\">Por delante ahora le quedan varios meses para recuperarse totalmente de la grave lesi\u00f3n, m\u00ednimo entre ocho y nueve, por lo que si todo evoluciona muy bien,<strong> podr\u00eda incorporarse ya iniciado el pr\u00f3ximo campeonato de Liga. <\/strong>Finales de 2026.<\/p>\n<blockquote class=\"twitter-tweet\" data-lang=\"es\"><p>\n<a href=\"https:\/\/twitter.com\/RCDEspanyol\/status\/2011899089924063306\" rel=\"nofollow noopener\" target=\"_blank\">\n<\/p><\/blockquote>\n<p data-gtm-element-container=\"modulo-texto-link\" class=\"paragraph\">Con contrato<strong> hasta 2030, Puado es uno de los activos<\/strong> m\u00e1s importantes del vestuario, tanto por sus goles, como por su entrega, lectura t\u00e1ctica y liderazgo dentro y fuera del verde.\u00a0<\/p>\n<p data-gtm-element-container=\"modulo-texto-link\" class=\"paragraph\">\u201cEs una pena porque es un a\u00f1o bonito. Ven\u00eda en el mejor momento de su carrera. \u00c9l sabe lo que es, va a volver fuerte. Tenemos que intentar que se recupere lo mejor posible. Por nuestra parte nos gustar\u00eda poder dedicarle la victoria\u00bb, ha dicho <strong>Manolo Gonz\u00e1lez <\/strong>en la previa del partido ante el Girona de este viernes. <strong>Un triunfo por Puado, el mantra del derbi para los pericos.<\/strong><\/p>\n<p><script async src=\"https:\/\/platform.twitter.com\/widgets.js\" charset=\"utf-8\"><\/script><\/p>\n","protected":false},"excerpt":{"rendered":"Javi Puado ha empezado ya a descontar los d\u00edas que necesita para recuperarse de su grave lesi\u00f3n y&hellip;\n","protected":false},"author":2,"featured_media":343249,"comment_status":"","ping_status":"","sticky":false,"template":"","format":"standard","meta":{"footnotes":""},"categories":[268],"tags":[168,25,24,280,282,281,23,167],"class_list":{"0":"post-343248","1":"post","2":"type-post","3":"status-publish","4":"format-standard","5":"has-post-thumbnail","7":"category-futbol","8":"tag-deportes","9":"tag-es","10":"tag-espana","11":"tag-football","12":"tag-futbol","13":"tag-soccer","14":"tag-spain","15":"tag-sports"},"share_on_mastodon":{"url":"https:\/\/pubeurope.com\/@es\/115902386400791111","error":""},"_links":{"self":[{"href":"https:\/\/www.europesays.com\/es\/wp-json\/wp\/v2\/posts\/343248","targetHints":{"allow":["GET"]}}],"collection":[{"href":"https:\/\/www.europesays.com\/es\/wp-json\/wp\/v2\/posts"}],"about":[{"href":"https:\/\/www.europesays.com\/es\/wp-json\/wp\/v2\/types\/post"}],"author":[{"embeddable":true,"href":"https:\/\/www.europesays.com\/es\/wp-json\/wp\/v2\/users\/2"}],"replies":[{"embeddable":true,"href":"https:\/\/www.europesays.com\/es\/wp-json\/wp\/v2\/comments?post=343248"}],"version-history":[{"count":0,"href":"https:\/\/www.europesays.com\/es\/wp-json\/wp\/v2\/posts\/343248\/revisions"}],"wp:featuredmedia":[{"embeddable":true,"href":"https:\/\/www.europesays.com\/es\/wp-json\/wp\/v2\/media\/343249"}],"wp:attachment":[{"href":"https:\/\/www.europesays.com\/es\/wp-json\/wp\/v2\/media?parent=343248"}],"wp:term":[{"taxonomy":"category","embeddable":true,"href":"https:\/\/www.europesays.com\/es\/wp-json\/wp\/v2\/categories?post=343248"},{"taxonomy":"post_tag","embeddable":true,"href":"https:\/\/www.europesays.com\/es\/wp-json\/wp\/v2\/tags?post=343248"}],"curies":[{"name":"wp","href":"https:\/\/api.w.org\/{rel}","templated":true}]}}