{"id":343269,"date":"2026-01-16T02:32:10","date_gmt":"2026-01-16T02:32:10","guid":{"rendered":"https:\/\/www.europesays.com\/es\/343269\/"},"modified":"2026-01-16T02:32:10","modified_gmt":"2026-01-16T02:32:10","slug":"antidroga-se-opone-a-una-querella-por-narcotrafico-contra-zapatero-y-avisa-al-juez-de-que-recurrira-en-apelacion-si-se-admite-a-tramite-tribunales","status":"publish","type":"post","link":"https:\/\/www.europesays.com\/es\/343269\/","title":{"rendered":"Antidroga se opone a una querella por narcotr\u00e1fico contra Zapatero y avisa al juez de que recurrir\u00e1 en apelaci\u00f3n si se admite a tr\u00e1mite | Tribunales"},"content":{"rendered":"<p>La Fiscal\u00eda Especial Antidroga ha informado contra la admisi\u00f3n a tr\u00e1mite de una querella que present\u00f3 HazteO\u00edr contra el expresidente <a href=\"https:\/\/cadenaser.com\/nacional\/2025\/12\/18\/el-pp-citara-a-zapatero-en-la-comision-koldo-del-senado-por-su-reunion-con-el-directivo-de-plus-ultra-cadena-ser\/\" target=\"_blank\" rel=\"noreferrer nofollow noopener\" title=\"https:\/\/cadenaser.com\/nacional\/2025\/12\/18\/el-pp-citara-a-zapatero-en-la-comision-koldo-del-senado-por-su-reunion-con-el-directivo-de-plus-ultra-cadena-ser\/\">Jos\u00e9 Luis Rodr\u00edguez Zapatero<\/a> se\u00f1al\u00e1ndole en relaci\u00f3n a las acusaciones de narcotr\u00e1fico que pesan en Estados Unidos contra Nicol\u00e1s Maduro. En su informe, dice que \u00abel \u00fanico aut\u00e9ntico hecho indiciario\u00bb en que se apoya la asociaci\u00f3n es que en 2020, se present\u00f3 una acusaci\u00f3n formal contra el expresidente venezolano que nada tiene que ver con el espa\u00f1ol. Avisa de que recurrir\u00e1 en apelaci\u00f3n si no se archiva la querella. <\/p>\n<p>M\u00e1s informaci\u00f3n<\/p>\n<p>La iniciativa recay\u00f3 por reparto hace unos d\u00edas en el Juzgado Central de Instrucci\u00f3n n\u00famero 6, donde el magistrado Antonio Pi\u00f1a abri\u00f3 diligencias para analizar el escrito y se lo envi\u00f3 a la Fiscal\u00eda Antidroga para que informase sobre la competencia de este \u00f3rgano para abrir una investigaci\u00f3n. Y s\u00ed, la conclusi\u00f3n es que la Audiencia Nacional tendr\u00eda capacidad de abrir causa, pero no hay ni el m\u00e1s m\u00ednimo indicio que sustente esa decisi\u00f3n. <\/p>\n<p>Para el fiscal, la iniciativa \u00abpretende deducir del mero conocimiento\u00bb de aquella primera acusaci\u00f3n formal contra Maduro, que Zapatero \u00abse habr\u00eda convertido en coautor, colaborador o part\u00edcipe de los delitos de narcoterrorismo, trafico de drogas all\u00ed imputados\u00bb al exdirigente chavista \u00abo blanqueador del producto de estos delitos\u00bb. <\/p>\n<p>\u00abPero del hecho cierto de la existencia de una acusaci\u00f3n formal contra Maduro no se puede deducir en modo alguno la implicaci\u00f3n del aqu\u00ed querellado en esas actividades de tr\u00e1fico de drogas\u00bb, dice el informe de Antidroga. <\/p>\n<p>A\u00f1ade adem\u00e1s el fiscal que \u00abla habitual y exitosa colaboraci\u00f3n de esta Fiscal\u00eda con las autoridades americanas en la persecuci\u00f3n de delitos de tr\u00e1fico de droga nos permite afirmar que en el caso de existir cualquier indicio de la comisi\u00f3n por el querellado de un delito de tr\u00e1fico de drogas nos hubiera sido comunicada directamente por las autoridades judiciales\u00bb. <\/p>\n<p>Se detiene en la menci\u00f3n que hace la querella al C\u00e1rtel de los Soles para subrayar que \u00abni siquiera es ya mencionada en la vigente acusaci\u00f3n formal\u00bb norteamericana contra Maduro, como tampoco en la que pesa sobre el que fue jefe del servicio de informaci\u00f3n en Venezuela, Hugo Armando Carvajal, tambi\u00e9n en EE.UU. <\/p>\n<p>No hay &#8216;hechos&#8217; \u00absusceptibles de acusaci\u00f3n<\/p>\n<p>Explica la Fiscal\u00eda que \u00ab\u00fanicamente\u00bb se menciona ese C\u00e1rtel de los Soles \u00aben unas conversaciones entre otros acusados y agentes de la DEA en otro procedimiento, sin ninguna menci\u00f3n ni relaci\u00f3n ni conexi\u00f3n con el ahora querellado\u00bb. \u00abDif\u00edcilmente se podr\u00e1 afirmar la pertenencia del querellado a una aut\u00e9ntica organizaci\u00f3n criminal dedicada al tr\u00e1fico de drogas si ni siquiera la acusaci\u00f3n norteamericana en que se basa la querella lo concept\u00faa ya como tal\u00bb, a\u00f1ade. <\/p>\n<p>En este sentido, abunda que la querella \u00abtampoco explica m\u00ednimamente el papel concreto que el querellado habr\u00eda desempe\u00f1ado en el organigrama de la supuesta organizaci\u00f3n criminal C\u00e1rtel de los Soles, ni los supuestos hechos presuntamente cometidos\u00bb que pudieran encajar en el delito de tr\u00e1fico de drogas y \u00abtodo lo que cita no son aut\u00e9nticos hechos que permitan deducir el m\u00e1s m\u00ednimo acto de preparaci\u00f3n, favorecimiento o ejecuci\u00f3n\u00bb de ese il\u00edcito. <\/p>\n<p>\u00abNo son &#8216;hechos&#8217; susceptibles de sustentar una acusaci\u00f3n penal, ni siquiera en este momento inicial del procedimiento, ni individualmente considerados ni en su apreciaci\u00f3n conjunta\u00bb, dice el informe, que llega a la misma conclusi\u00f3n respecto del blanqueo de capitales que atribuye la querella a Zapatero: \u00abno se describen hechos que se puedan incluir, ni siquiera de manera indiciaria\u00bb, en ese tipo penal. <\/p>\n<p>Por eso, concluye el fiscal que lo que persigue el querellante es una causa \u00abciertamente prospectiva\u00bb a partir del los \u00fanicos \u00abautenticos &#8216;hechos'\u00bb que se\u00f1ala y que son las declaraciones de bienes y actividades de Zapatero en el final de su mandato. Los aportaron para que se considerasen como \u00abpunto de partida patrimonial\u00bb del expresidente del Gobierno. <\/p>\n<p>\u00abPero despu\u00e9s de estos datos ciertos e incontestables -prosigue- todo lo dem\u00e1s deja de tener base f\u00e1ctica y se convierte en meras informaciones publicadas claramente insuficientes para fundamentar, ni siquiera de modo indiciario, una investigaci\u00f3n penal\u00bb. <\/p>\n<p>Antidroga sostiene de hecho que la querella se tendr\u00eda que haber inadmitido \u00absin que hubiera habido siquiera necesidad de plantearse la competencia\u00bb de la Audiencia Nacional para abrir causa. Por eso, el informe dice que si el juez no est\u00e1 de acuerdo en archivar la iniciativa, servir\u00e1 el mismo texto como recurso de reforma y apelaci\u00f3n en su caso. <\/p>\n","protected":false},"excerpt":{"rendered":"La Fiscal\u00eda Especial Antidroga ha informado contra la admisi\u00f3n a tr\u00e1mite de una querella que present\u00f3 HazteO\u00edr contra&hellip;\n","protected":false},"author":2,"featured_media":343270,"comment_status":"","ping_status":"","sticky":false,"template":"","format":"standard","meta":{"footnotes":""},"categories":[8],"tags":[17,18,25,24,13,14,11,19,20,9,10,15,16,23,12,21,22],"class_list":{"0":"post-343269","1":"post","2":"type-post","3":"status-publish","4":"format-standard","5":"has-post-thumbnail","7":"category-espana","8":"tag-breaking-news","9":"tag-breakingnews","10":"tag-es","11":"tag-espana","12":"tag-featured-news","13":"tag-featurednews","14":"tag-headlines","15":"tag-latest-news","16":"tag-latestnews","17":"tag-news","18":"tag-noticias","19":"tag-noticias-destacadas","20":"tag-noticiasdestacadas","21":"tag-spain","22":"tag-titulares","23":"tag-ultimas-noticias","24":"tag-ultimasnoticias"},"share_on_mastodon":{"url":"https:\/\/pubeurope.com\/@es\/115902437752813960","error":""},"_links":{"self":[{"href":"https:\/\/www.europesays.com\/es\/wp-json\/wp\/v2\/posts\/343269","targetHints":{"allow":["GET"]}}],"collection":[{"href":"https:\/\/www.europesays.com\/es\/wp-json\/wp\/v2\/posts"}],"about":[{"href":"https:\/\/www.europesays.com\/es\/wp-json\/wp\/v2\/types\/post"}],"author":[{"embeddable":true,"href":"https:\/\/www.europesays.com\/es\/wp-json\/wp\/v2\/users\/2"}],"replies":[{"embeddable":true,"href":"https:\/\/www.europesays.com\/es\/wp-json\/wp\/v2\/comments?post=343269"}],"version-history":[{"count":0,"href":"https:\/\/www.europesays.com\/es\/wp-json\/wp\/v2\/posts\/343269\/revisions"}],"wp:featuredmedia":[{"embeddable":true,"href":"https:\/\/www.europesays.com\/es\/wp-json\/wp\/v2\/media\/343270"}],"wp:attachment":[{"href":"https:\/\/www.europesays.com\/es\/wp-json\/wp\/v2\/media?parent=343269"}],"wp:term":[{"taxonomy":"category","embeddable":true,"href":"https:\/\/www.europesays.com\/es\/wp-json\/wp\/v2\/categories?post=343269"},{"taxonomy":"post_tag","embeddable":true,"href":"https:\/\/www.europesays.com\/es\/wp-json\/wp\/v2\/tags?post=343269"}],"curies":[{"name":"wp","href":"https:\/\/api.w.org\/{rel}","templated":true}]}}