{"id":343279,"date":"2026-01-16T02:43:09","date_gmt":"2026-01-16T02:43:09","guid":{"rendered":"https:\/\/www.europesays.com\/es\/343279\/"},"modified":"2026-01-16T02:43:09","modified_gmt":"2026-01-16T02:43:09","slug":"rosa-lopez-rompe-tabues-y-confiesa-que-sufre-los-primeros-sintomas-de-la-premenopausia","status":"publish","type":"post","link":"https:\/\/www.europesays.com\/es\/343279\/","title":{"rendered":"Rosa L\u00f3pez rompe tab\u00faes y confiesa que sufre los primeros s\u00edntomas de la premenopausia"},"content":{"rendered":"<p><a title=\"Rosa L\u00f3pez\" href=\"https:\/\/www.larazon.es\/gente\/famosos\/rosa-lopez-abre-corazon-confesion-mas-dura-carrera-como-lucha-bienestar_20251124692464ef6c137a69877abab5.html\" target=\"_blank\" rel=\"nofollow noopener\">Rosa L\u00f3pez<\/a> siente que est\u00e1 en uno de los momentos m\u00e1s plenos de su vida. <b>Su carrera ha experimentado subidas y bajadas que le han hecho sentirse en una aut\u00e9ntica monta\u00f1a rusa<\/b>, pero ahora ha reformulado sus expectativas y se siente realizada con lo que ha conseguido y tambi\u00e9n con lo que est\u00e1 por alcanzar. Siempre tiene proyectos entre manos que le hacen mantenerse en contacto con sus fieles seguidores, creando m\u00fasica y regalando momentos en televisi\u00f3n. Pero tambi\u00e9n siendo <b>reclamo en el papel cuch\u00e9 con contundentes declaraciones. <\/b><\/p>\n<p>Hace tiempo que la cantante comparte sus buenas nuevas con el mundo a trav\u00e9s de entrevistas en el kiosco rosa. De nuevo, hace una incursi\u00f3n para la revista \u2018Lecturas\u2019, confesando en qu\u00e9 momento vital se encuentra. Despu\u00e9s de triunfar en diversos formatos televisivos, prepara pegar fuerte de nuevo en la m\u00fasica con el lanzamiento de un nuevo disco, \u201912 diamantes negros\u2019, que presentar\u00e1 con una gira que le har\u00e1 recorrer Espa\u00f1a de punta a punta. Pero no solo ha hablado de trabajo, <b>tambi\u00e9n de algo muy personal como es la premenopausia que considera que padece. <\/b><\/p>\n<p>Rosa L\u00f3pez habla de su premenopausia<\/p>\n<p>Poco a poco se han ido rompiendo barreras, superando l\u00edmites y acabando con tab\u00faes. Aun as\u00ed, la menopausia parece un tema muy poco tratado en los medios de comunicaci\u00f3n, m\u00e1s all\u00e1 de \u00e1mbitos especializados en salud. De ah\u00ed la importancia que personajes p\u00fablicos como Rosa L\u00f3pez acerquen su testimonio y su propia experiencia al p\u00fablico, para <b>animar a generar debate y, con ello, eliminar falsas creencias y posibles estigmas.<\/b><\/p>\n<p><img decoding=\"async\" loading=\"lazy\" src=\"https:\/\/www.europesays.com\/es\/wp-content\/uploads\/2026\/01\/rosa-lopez-inaki-garcia_58.jpg\" alt=\"Rosa L\u00f3pez e I\u00f1aki Garc\u00eda\" width=\"1920\" height=\"1280\"\/><b>Rosa L\u00f3pez e I\u00f1aki Garc\u00eda<\/b>Gtres<\/p>\n<p>As\u00ed lo ha hecho la artista al confesarse con la citada publicaci\u00f3n. <b>\u201cUna se siente m\u00e1s mayor, aunque con alegr\u00eda. Me gusta decir que el de ahora es mi mejor momento\u201d<\/b>, asegura Rosa L\u00f3pez, que sentencia que \u201cla verdad es que soy feliz\u201d. A sus 45 a\u00f1os, sigue sumando experiencia y sabidur\u00eda al contador, pero tambi\u00e9n arrugas y achaques propios de la edad. Ella, a pesar de mantener una <a title=\"vida activa centrada en el deporte y cuidando mucho lo que come\" href=\"https:\/\/www.larazon.es\/gente\/famosos\/esa-rosa-lopez-increible-transformacion-fisica-mujer-hecha-misma_2023080564cd764e95af7e00014cd322.html\" target=\"_blank\" rel=\"nofollow noopener\">vida activa centrada en el deporte y cuidando mucho lo que come<\/a>, tambi\u00e9n se ha percatado de c\u00f3mo <b>\u201cla vida va cambiando\u201d y tambi\u00e9n el cuerpo<\/b>: \u201cPor las ma\u00f1anas, me levanto con un dolor de hombros tremendo, que no s\u00e9 por d\u00f3nde va ni por d\u00f3nde viene\u201d. <\/p>\n<p>Lo peor llega por las noches, cuando al escuchar a su cuerpo cree que le est\u00e1 indicando que la menopausia est\u00e1 acechando: <b>\u201cPor las noches tengo sofocos, como unas fiebres muy fuertes. Estoy sufriendo unos cambios que nunca he vivido. No le doy importancia, pero claro, no tengo 20 a\u00f1os\u201d<\/b>. Tiene la sospecha, pero no la certeza, pues se resiste a acudir a consulta y recibir el diagn\u00f3stico: <b>\u201cNo quiero ir al ginec\u00f3logo ni al m\u00e9dico a que me la diagnostiquen, pero creo que la tengo. Me lo diagnostico yo sola, pero me digo que no la tengo y ya est\u00e1\u201d<\/b>, confiesa su dilema ante los primeros s\u00edntomas de una premenopausia. <\/p>\n<p>Ante la idea de que la menopausia est\u00e1 cerca, Rosa L\u00f3pez echa la vista atr\u00e1s y <b>repara en la idea de que no ha sido madre: \u201cVa a ser dif\u00edcil, s\u00ed. Ya es un poco tarde\u201d<\/b>, se lamenta por no cumplir este sue\u00f1o, pues no desea recurrir a estrategias alternativas como la adopci\u00f3n o el vientre subrogado. Siente que su vida est\u00e1 muy centrada en su m\u00fasica, su trabajo, su perro y su novio I\u00f1aki. Ese con el que ha anunciado planes de boda, aunque no terminan de materializarse. Por el momento descarta que el enlace sea en 2026, pues no le apetece vivir el estr\u00e9s de los preparativos, aunque no descarta firmar los papeles sin festejos y zanjar el asunto. <\/p>\n","protected":false},"excerpt":{"rendered":"Rosa L\u00f3pez siente que est\u00e1 en uno de los momentos m\u00e1s plenos de su vida. Su carrera ha&hellip;\n","protected":false},"author":2,"featured_media":343280,"comment_status":"","ping_status":"","sticky":false,"template":"","format":"standard","meta":{"footnotes":""},"categories":[174],"tags":[255,146,147,25,24,256,23],"class_list":{"0":"post-343279","1":"post","2":"type-post","3":"status-publish","4":"format-standard","5":"has-post-thumbnail","7":"category-famosos","8":"tag-celebrities","9":"tag-entertainment","10":"tag-entretenimiento","11":"tag-es","12":"tag-espana","13":"tag-famosos","14":"tag-spain"},"share_on_mastodon":{"url":"https:\/\/pubeurope.com\/@es\/115902480569165289","error":""},"_links":{"self":[{"href":"https:\/\/www.europesays.com\/es\/wp-json\/wp\/v2\/posts\/343279","targetHints":{"allow":["GET"]}}],"collection":[{"href":"https:\/\/www.europesays.com\/es\/wp-json\/wp\/v2\/posts"}],"about":[{"href":"https:\/\/www.europesays.com\/es\/wp-json\/wp\/v2\/types\/post"}],"author":[{"embeddable":true,"href":"https:\/\/www.europesays.com\/es\/wp-json\/wp\/v2\/users\/2"}],"replies":[{"embeddable":true,"href":"https:\/\/www.europesays.com\/es\/wp-json\/wp\/v2\/comments?post=343279"}],"version-history":[{"count":0,"href":"https:\/\/www.europesays.com\/es\/wp-json\/wp\/v2\/posts\/343279\/revisions"}],"wp:featuredmedia":[{"embeddable":true,"href":"https:\/\/www.europesays.com\/es\/wp-json\/wp\/v2\/media\/343280"}],"wp:attachment":[{"href":"https:\/\/www.europesays.com\/es\/wp-json\/wp\/v2\/media?parent=343279"}],"wp:term":[{"taxonomy":"category","embeddable":true,"href":"https:\/\/www.europesays.com\/es\/wp-json\/wp\/v2\/categories?post=343279"},{"taxonomy":"post_tag","embeddable":true,"href":"https:\/\/www.europesays.com\/es\/wp-json\/wp\/v2\/tags?post=343279"}],"curies":[{"name":"wp","href":"https:\/\/api.w.org\/{rel}","templated":true}]}}