{"id":343291,"date":"2026-01-16T02:51:17","date_gmt":"2026-01-16T02:51:17","guid":{"rendered":"https:\/\/www.europesays.com\/es\/343291\/"},"modified":"2026-01-16T02:51:17","modified_gmt":"2026-01-16T02:51:17","slug":"las-revista-del-corazon-esta-semana-victoria-federica-viaja-a-abu-dabi-para-que-el-rey-juan-carlos-conozca-a-su-novio","status":"publish","type":"post","link":"https:\/\/www.europesays.com\/es\/343291\/","title":{"rendered":"Las revista del coraz\u00f3n esta semana: Victoria Federica viaja a Abu Dabi para que el rey Juan carlos conozca a su novio"},"content":{"rendered":"<p><img alt=\"Las revistas del coraz\u00f3n del\" class=\"global-image\" decoding=\"async\" fetchpriority=\"high\" height=\"1080\" loading=\"eager\" src=\"https:\/\/www.europesays.com\/es\/wp-content\/uploads\/2026\/01\/HHJ3B7ERPBGETEVUGYYNPINZUU.jpg\" width=\"1920\"\/>Las revistas del coraz\u00f3n del 14 de enero de 2026.<\/p>\n<p class=\"paragraph\">El ecuador de la semana llega acompa\u00f1ado de una nueva hornada de exclusivas, fotograf\u00edas y recopilatorios de las revistas del coraz\u00f3n, que este mi\u00e9rcoles 14 de enero de 2026 renuevan sus portadas con algunos de los rostros m\u00e1s reconocibles del panorama social y televisivo. <\/p>\n<p class=\"paragraph\">Una de las grandes protagonistas es Victoria Federica, la hija de la infanta Elena, que vuelve al foco, esta vez acompa\u00f1ada de su novio, con el que ha viajado a Abu Dabi, donde viven su abuelo y su hermano. Tambi\u00e9n de amor trata la noticia de Sonia Moldes, que anuncia que se ha casado.<\/p>\n<p><img alt=\"Portada de la revista 'HOLA'\" class=\"global-image\" decoding=\"async\" fetchpriority=\"low\" height=\"1024\" loading=\"lazy\" src=\"https:\/\/www.europesays.com\/es\/wp-content\/uploads\/2026\/01\/4SOGQG3SYVCYDJYJMOSPZPKNCY.jpg\" width=\"750\"\/>Portada de la revista &#8216;HOLA&#8217; del 14 de enero de 2026<\/p>\n<p class=\"paragraph\">La cabecera sit\u00faa en el centro de su n\u00famero a <b>Samantha Vallejo-N\u00e1gera<\/b>, que concede su primera entrevista tras cerrar una larga etapa como <a rel=\"noopener noreferrer nofollow\" href=\"https:\/\/www.infobae.com\/america\/agencias\/2026\/01\/12\/samantha-vallejo-nagera-abandona-masterchef-despues-de-13-anos-tve-ya-tiene-a-su-sustituta-delicious-martha\/\" target=\"_self\" title=\"https:\/\/www.infobae.com\/america\/agencias\/2026\/01\/12\/samantha-vallejo-nagera-abandona-masterchef-despues-de-13-anos-tve-ya-tiene-a-su-sustituta-delicious-martha\/\">jurado de MasterChef<\/a>. La chef reflexiona sobre su salida del talent culinario y explica c\u00f3mo afronta este momento de transici\u00f3n, tanto en lo profesional como en lo personal. La publicaci\u00f3n tambi\u00e9n muestra una faceta m\u00e1s \u00edntima de Samantha, centrada en su vida familiar y en los cambios que ha decidido asumir. Aparece acompa\u00f1a de su hijo Rosc\u00f3n, el preferido de sus seguidores de Instagram.<\/p>\n<p class=\"paragraph\">Adem\u00e1s, la revista recoge otros asuntos de inter\u00e9s social, como la evoluci\u00f3n de la relaci\u00f3n entre<b> Lara \u00c1lvarez <\/b>y Perico Dur\u00e1n, la despedida de <b>Philippe Junot <\/b>y el desplazamiento de la <b>reina Sof\u00eda <\/b>a Par\u00eds, donde acudi\u00f3 a un acto privado vinculado al entorno aristocr\u00e1tico europeo.<\/p>\n<p><img alt=\"Portada de la revista 'Semana'\" class=\"global-image\" decoding=\"async\" fetchpriority=\"low\" height=\"1052\" loading=\"lazy\" src=\"https:\/\/www.europesays.com\/es\/wp-content\/uploads\/2026\/01\/WYUKCI5XPZGFDA77ZC3MHG4VT4.jpg\" width=\"800\"\/>Portada de la revista &#8216;Semana&#8217; del 14 de enero de 2026<\/p>\n<p class=\"paragraph\">En Semana, la imagen principal corresponde a <b>Victoria Federica<\/b>, que protagoniza una serie de fotograf\u00edas junto a su pareja durante un <a rel=\"noopener noreferrer nofollow\" href=\"https:\/\/www.infobae.com\/espana\/2025\/12\/10\/el-rey-juan-carlos-i-aconsejo-a-froilan-mudarse-a-abu-dabi-tras-su-polemica-vida-en-espana-felipe-vi-le-cito-en-palacio-para-sermonearle\/\" target=\"_self\" title=\"https:\/\/www.infobae.com\/espana\/2025\/12\/10\/el-rey-juan-carlos-i-aconsejo-a-froilan-mudarse-a-abu-dabi-tras-su-polemica-vida-en-espana-felipe-vi-le-cito-en-palacio-para-sermonearle\/\">viaje a Abu Dabi<\/a>. Seg\u00fan detalla la revista, la joven habr\u00eda aprovechado la estancia para dar un paso m\u00e1s en su relaci\u00f3n, en un contexto familiar marcado por la presencia del rey Juan Carlos I.<\/p>\n<p class=\"paragraph\">El semanario tambi\u00e9n dedica espacio a la reciente boda de <b>Sonia Moldes<\/b>, con una amplia selecci\u00f3n de im\u00e1genes del enlace, y ofrece una actualizaci\u00f3n sobre <b>Sara Carbonero<\/b>, cuyo estado de salud ha mejorado tras el episodio que la llev\u00f3 a acudir a urgencias, tranquilizando as\u00ed a su entorno y seguidores.<\/p>\n<p><img alt=\"Portada de la revista 'Lecturas'\" class=\"global-image\" decoding=\"async\" fetchpriority=\"low\" height=\"871\" loading=\"lazy\" src=\"https:\/\/www.europesays.com\/es\/wp-content\/uploads\/2026\/01\/22LUTMVOMZGEHL7VL3ZORPILCU.jpg\" width=\"660\"\/>Portada de la revista &#8216;Lecturas&#8217; del 14 de enero de 2026<\/p>\n<p class=\"paragraph\">La portada de Lecturas mira al cine y a la nostalgia con <b>Julia Roberts <\/b>como gran protagonista. La actriz conmemora el aniversario de Pretty Woman reflexionando sobre el impacto de la pel\u00edcula y su vigencia d\u00e9cadas despu\u00e9s, en un momento en el que contin\u00faa siendo una figura clave de Hollywood.<\/p>\n<p class=\"paragraph\">En p\u00e1ginas interiores, la revista repasa la situaci\u00f3n sentimental de<b> Gonzalo Mir\u00f3<\/b>, uno de los comunicadores m\u00e1s populares del momento, y publica unas declaraciones muy personales de<b> Silvia Abril<\/b>, que recuerda el trastorno alimentario que padeci\u00f3 y el proceso que atraves\u00f3 para superarlo.<\/p>\n<p><img alt=\"Portada de la revista 'Diez\" class=\"global-image\" decoding=\"async\" fetchpriority=\"low\" height=\"1320\" loading=\"lazy\" src=\"https:\/\/www.europesays.com\/es\/wp-content\/uploads\/2026\/01\/UPT7RPRTQZHVVJKRU7QTROSVS4.jpg\" width=\"980\"\/>Portada de la revista &#8216;Diez Minutos&#8217; del 14 de enero de 2026c<\/p>\n<p class=\"paragraph\">Por su parte, Diez Minutos celebra el cumplea\u00f1os de <b>Jes\u00fas V\u00e1zquez<\/b>, que alcanza los 60 a\u00f1os en plena reflexi\u00f3n vital. El presentador habla del giro que ha dado su carrera cuando contemplaba una retirada gradual y c\u00f3mo una propuesta de RTVE cambi\u00f3 por completo sus planes.<\/p>\n<p class=\"paragraph\">La revista completa su actualidad con la nueva etapa sentimental de <b>Jessica Bueno <\/b>y con las palabras de <a rel=\"noopener noreferrer nofollow\" href=\"https:\/\/www.infobae.com\/america\/agencias\/2026\/01\/12\/maria-jose-campanario-su-agridulce-estreno-en-el-desafio-con-el-apoyo-incondicional-de-jesulin-de-ubrique\/\" target=\"_self\" title=\"https:\/\/www.infobae.com\/america\/agencias\/2026\/01\/12\/maria-jose-campanario-su-agridulce-estreno-en-el-desafio-con-el-apoyo-incondicional-de-jesulin-de-ubrique\/\">Mar\u00eda Jos\u00e9 Campanario<\/a>, que vuelve a referirse a la enfermedad que sufre y al impacto que tiene en su d\u00eda a d\u00eda.<\/p>\n","protected":false},"excerpt":{"rendered":"Las revistas del coraz\u00f3n del 14 de enero de 2026. El ecuador de la semana llega acompa\u00f1ado de&hellip;\n","protected":false},"author":2,"featured_media":343292,"comment_status":"","ping_status":"","sticky":false,"template":"","format":"standard","meta":{"footnotes":""},"categories":[91],"tags":[146,147,25,24,23],"class_list":{"0":"post-343291","1":"post","2":"type-post","3":"status-publish","4":"format-standard","5":"has-post-thumbnail","7":"category-entretenimiento","8":"tag-entertainment","9":"tag-entretenimiento","10":"tag-es","11":"tag-espana","12":"tag-spain"},"share_on_mastodon":{"url":"https:\/\/pubeurope.com\/@es\/115902512385425698","error":""},"_links":{"self":[{"href":"https:\/\/www.europesays.com\/es\/wp-json\/wp\/v2\/posts\/343291","targetHints":{"allow":["GET"]}}],"collection":[{"href":"https:\/\/www.europesays.com\/es\/wp-json\/wp\/v2\/posts"}],"about":[{"href":"https:\/\/www.europesays.com\/es\/wp-json\/wp\/v2\/types\/post"}],"author":[{"embeddable":true,"href":"https:\/\/www.europesays.com\/es\/wp-json\/wp\/v2\/users\/2"}],"replies":[{"embeddable":true,"href":"https:\/\/www.europesays.com\/es\/wp-json\/wp\/v2\/comments?post=343291"}],"version-history":[{"count":0,"href":"https:\/\/www.europesays.com\/es\/wp-json\/wp\/v2\/posts\/343291\/revisions"}],"wp:featuredmedia":[{"embeddable":true,"href":"https:\/\/www.europesays.com\/es\/wp-json\/wp\/v2\/media\/343292"}],"wp:attachment":[{"href":"https:\/\/www.europesays.com\/es\/wp-json\/wp\/v2\/media?parent=343291"}],"wp:term":[{"taxonomy":"category","embeddable":true,"href":"https:\/\/www.europesays.com\/es\/wp-json\/wp\/v2\/categories?post=343291"},{"taxonomy":"post_tag","embeddable":true,"href":"https:\/\/www.europesays.com\/es\/wp-json\/wp\/v2\/tags?post=343291"}],"curies":[{"name":"wp","href":"https:\/\/api.w.org\/{rel}","templated":true}]}}