{"id":343297,"date":"2026-01-16T02:54:08","date_gmt":"2026-01-16T02:54:08","guid":{"rendered":"https:\/\/www.europesays.com\/es\/343297\/"},"modified":"2026-01-16T02:54:08","modified_gmt":"2026-01-16T02:54:08","slug":"un-claro-mensaje-a-trump","status":"publish","type":"post","link":"https:\/\/www.europesays.com\/es\/343297\/","title":{"rendered":"un claro mensaje a Trump"},"content":{"rendered":"<p>El jueves 15 de enero\u00a0, un avi\u00f3n de transporte militar despeg\u00f3 de una base en <a class=\"internal-link\" href=\"https:\/\/www.dw.com\/es\/alemania\/t-17411625\" rel=\"nofollow noopener\" target=\"_blank\">Alemania<\/a> con destino a Dinamarca con 13 soldados alemanes a bordo. El viernes llegan\u00a0a <a class=\"internal-link\" href=\"https:\/\/www.dw.com\/es\/groenlandia\/t-46606307\" rel=\"nofollow noopener\" target=\"_blank\">Groenlandia<\/a>, territorio\u00a0de\u00a0<a class=\"internal-link\" href=\"https:\/\/www.dw.com\/es\/dinamarca-y-eeuu-mantienen-discrepancias-sobre-groenlandia\/a-75510473\" rel=\"nofollow noopener\" target=\"_blank\">Dinamarca<\/a>, junto con un equipo de reconocimiento dan\u00e9s.<\/p>\n<p><a class=\"internal-link\" href=\"https:\/\/www.dw.com\/es\/groenlandia-elegimos-a-dinamarca-antes-que-a-estados-unidos\/a-75494657\" rel=\"nofollow noopener\" target=\"_blank\">All\u00ed<\/a>, por invitaci\u00f3n de Dinamarca, explorar\u00e1n posibles <a class=\"internal-link\" href=\"https:\/\/www.dw.com\/es\/pa\u00edses-europeos-env\u00edan-misi\u00f3n-militar-a-groenlandia-ante-amenazas-de-trump\/a-75516967\" rel=\"nofollow noopener\" target=\"_blank\">cooperaciones militares<\/a> para apoyar al socio de la <a class=\"internal-link\" href=\"https:\/\/www.dw.com\/es\/otan\/t-17409693\" rel=\"nofollow noopener\" target=\"_blank\">OTAN<\/a>\u00a0en cuestiones como la\u00a0vigilancia mar\u00edtima. \u00abEl objetivo es lograr un entendimiento s\u00f3lido sobre el terreno para futuras conversaciones y planificaciones dentro de la OTAN\u00bb, explicaron desde el Ministerio de Defensa alem\u00e1n.<\/p>\n<p>Respuesta a reivindicaciones territoriales de Trump<\/p>\n<p>El detonante de la misi\u00f3n, llamada \u00abResistencia \u00c1rtica\u00bb, es una respuesta a la reivindicaci\u00f3n del presidente estadounidense, <a class=\"internal-link\" href=\"https:\/\/www.dw.com\/es\/donald-trump\/t-19445010\" rel=\"nofollow noopener\" target=\"_blank\">Donald Trump<\/a>, de anexionar el territorio groenland\u00e9s.<\/p>\n<p>La isla m\u00e1s grande del mundo es <a class=\"internal-link\" href=\"https:\/\/www.dw.com\/es\/groenlandia-en-la-mira-de-ee-uu-por-qu\u00e9-es-tan-codiciada\/a-75412866\" rel=\"nofollow noopener\" target=\"_blank\">rica en recursos minerales<\/a> y de importancia estrat\u00e9gica debido a su ubicaci\u00f3n, en particular para controlar las rutas mar\u00edtimas en el <a class=\"internal-link\" href=\"https:\/\/www.dw.com\/es\/\u00e1rtico\/t-36884840\" rel=\"nofollow noopener\" target=\"_blank\">\u00c1rtico<\/a>. Trump parece dispuesto a utilizar cualquier medio necesario: compr\u00e1ndola, profiriendo amenazas o incluso recurriendo a la fuerza militar.<\/p>\n<p>Las intenciones de Trump y el futuro de la alianza\u00a0preocupa mucho a los aliados de la OTAN. \u00abSi <a class=\"internal-link\" href=\"https:\/\/www.dw.com\/es\/macron-advierte-a-ee-uu-de-consecuencias-in\u00e9ditas-si-viola-soberan\u00eda-de-groenlandia\/a-75503922\" rel=\"nofollow noopener\" target=\"_blank\">Estados Unidos<\/a> ataca a otro pa\u00eds de la OTAN, se acab\u00f3\u00bb, dijo la primera ministra danesa, Mette Frederiksen. El orden mundial establecido\u00a0tras el final de la Segunda Guerra Mundial\u00a0se desmoronar\u00eda.<\/p>\n<p>El Gobierno de Groenlandia, una parte aut\u00f3noma de Dinamarca que cuenta con\u00a056.000 habitantes, tambi\u00e9n rechaz\u00f3 rotundamente las reivindicaciones de Trump. En una reuni\u00f3n de crisis celebrada el mi\u00e9rcoles 14 de enero\u00a0en la Casa Blanca entre representantes de Dinamarca, Groenlandia y Estados Unidos,\u00a0no se logr\u00f3 llegar a un acuerdo.<\/p>\n<p>Lo que ha ocurrido es que\u00a0Dinamarca ha incrementado\u00a0su presencia militar en Groenlandia. Y ahora, los europeos tambi\u00e9n muestran su apoyo, enviando a la isla soldados de <a class=\"internal-link\" href=\"https:\/\/www.dw.com\/es\/francia-se-suma-a-misi\u00f3n-militar-europea-en-groenlandia\/a-75510819\" rel=\"nofollow noopener\" target=\"_blank\">Francia<\/a>, Alemania, <a class=\"internal-link\" href=\"https:\/\/www.dw.com\/es\/suecia-anuncia-env\u00edo-de-militares-a-groenlandia\/a-75508453\" rel=\"nofollow noopener\" target=\"_blank\">Suecia<\/a> y Noruega.\u00a0<\/p>\n<p><img data-format=\"MASTER_LANDSCAPE\" data-id=\"75518074\" data-url=\"https:\/\/static.dw.com\/image\/75518074_${formatId}.jpg\" data-aspect-ratio=\"16\/9\" alt=\"La frase &quot;Groenlandia no est\u00e1 en venta&quot; se puede leer en una sudadera negra.\" style=\"padding-bottom: 56.25%; height: 0; max-height: 0;\"\/>En esta prenda expuesta en una tienda en la capital de Groenlandia, Nuuk, se puede leer el mensaje: \u00abGroenlandia no est\u00e1 en venta\u00bb.Imagen: Julia W\u00e4schenbach\/dpa\/picture alliance<\/p>\n<p>Presencia de la OTAN<\/p>\n<p>Donald Trump afirma una y otra vez que EE. UU. debe controlar Groenlandia \u00abpor razones de seguridad nacional\u00bb. La isla es esencial para la construcci\u00f3n del sistema de defensa antimisiles estadounidense \u00abGolden Dome\u00bb. Por lo tanto, la OTAN deber\u00eda allanar el camino para que EE. UU. la adquiera. De lo contrario, existe el riesgo de que caiga en manos de Rusia o China, advierte\u00a0el presidente de EE. UU.<\/p>\n<p>La OTAN ser\u00e1 \u00abmucho m\u00e1s poderosa y eficaz cuando Groenlandia est\u00e9 en manos de Estados Unidos. Cualquier otra cosa es inaceptable\u00bb, escribi\u00f3 recientemente en Truth Social.<\/p>\n<p>El ministro de Defensa alem\u00e1n, Boris Pistorius, coment\u00f3 al respecto que \u00abRusia y China utilizan cada vez m\u00e1s el \u00c1rtico con fines militares, poniendo as\u00ed en peligro la libertad de transporte, comunicaci\u00f3n y comercio. La OTAN no lo permitir\u00e1 y seguir\u00e1 defendiendo el orden internacional basado en normas\u00bb.<\/p>\n<p>Siemtje M\u00f6ller, vicepresidenta del grupo parlamentario socialdem\u00f3crata SPD, celebr\u00f3 el despliegue de soldados alemanes como una importante muestra de solidaridad europea: \u00abCon esto, dejamos claro que Europa est\u00e1 dispuesta a asumir la responsabilidad de su propia seguridad y a actuar unida\u00bb.<\/p>\n<p>El grupo pol\u00edtico Los Verdes, en la oposici\u00f3n en el Bundestag, tambi\u00e9n elogi\u00f3\u00a0la medida, que califica\u00a0como \u00abpoderoso s\u00edmbolo\u00bb.<\/p>\n<p>El canciller, Friedrich Merz, por su parte, dej\u00f3 claro que habr\u00e1 consecuencias para Estados Unidos si contin\u00faa socavando la cohesi\u00f3n dentro de la OTAN\u00a0 y cuestionando la integridad territorial de un Estado miembro.<\/p>\n<p>Una opini\u00f3n muy distinta es la de Ulrich Thoden, portavoz de pol\u00edtica de defensa del partido La Izquierda en el Bundestag, que critica\u00a0la misi\u00f3n de reconocimiento de las Fuerzas Armadas alemanas en Groenlandia: \u00abDebe entenderse como un globo sonda para un posterior despliegue de tropas. Se trata de una escalada preocupante\u00bb.<\/p>\n<p>Cr\u00edticas desde Mosc\u00fa<\/p>\n<p>Tambi\u00e9n Rusia critic\u00f3 el despliegue de soldados de la OTAN en Groenlandia. La misi\u00f3n militar en la isla \u00e1rtica \u00abnos preocupa enormemente\u00bb, declar\u00f3 la embajada rusa en Bruselas, sede de la OTAN. La alianza est\u00e1 aumentando su presencia militar en la regi\u00f3n \u00abcon el falso pretexto de una creciente amenaza de Mosc\u00fa y Pek\u00edn\u00bb.<\/p>\n<p>(rmr\/ms)<\/p>\n<p>\u00a0<\/p>\n","protected":false},"excerpt":{"rendered":"El jueves 15 de enero\u00a0, un avi\u00f3n de transporte militar despeg\u00f3 de una base en Alemania con destino&hellip;\n","protected":false},"author":2,"featured_media":343298,"comment_status":"","ping_status":"","sticky":false,"template":"","format":"standard","meta":{"footnotes":""},"categories":[42],"tags":[17,18,13,14,11,61,62,63,64,19,20,9,10,15,16,12,21,22,65,66,67],"class_list":{"0":"post-343297","1":"post","2":"type-post","3":"status-publish","4":"format-standard","5":"has-post-thumbnail","7":"category-internacional","8":"tag-breaking-news","9":"tag-breakingnews","10":"tag-featured-news","11":"tag-featurednews","12":"tag-headlines","13":"tag-internacional","14":"tag-international","15":"tag-international-news","16":"tag-internationalnews","17":"tag-latest-news","18":"tag-latestnews","19":"tag-news","20":"tag-noticias","21":"tag-noticias-destacadas","22":"tag-noticiasdestacadas","23":"tag-titulares","24":"tag-ultimas-noticias","25":"tag-ultimasnoticias","26":"tag-world","27":"tag-world-news","28":"tag-worldnews"},"share_on_mastodon":{"url":"","error":""},"_links":{"self":[{"href":"https:\/\/www.europesays.com\/es\/wp-json\/wp\/v2\/posts\/343297","targetHints":{"allow":["GET"]}}],"collection":[{"href":"https:\/\/www.europesays.com\/es\/wp-json\/wp\/v2\/posts"}],"about":[{"href":"https:\/\/www.europesays.com\/es\/wp-json\/wp\/v2\/types\/post"}],"author":[{"embeddable":true,"href":"https:\/\/www.europesays.com\/es\/wp-json\/wp\/v2\/users\/2"}],"replies":[{"embeddable":true,"href":"https:\/\/www.europesays.com\/es\/wp-json\/wp\/v2\/comments?post=343297"}],"version-history":[{"count":0,"href":"https:\/\/www.europesays.com\/es\/wp-json\/wp\/v2\/posts\/343297\/revisions"}],"wp:featuredmedia":[{"embeddable":true,"href":"https:\/\/www.europesays.com\/es\/wp-json\/wp\/v2\/media\/343298"}],"wp:attachment":[{"href":"https:\/\/www.europesays.com\/es\/wp-json\/wp\/v2\/media?parent=343297"}],"wp:term":[{"taxonomy":"category","embeddable":true,"href":"https:\/\/www.europesays.com\/es\/wp-json\/wp\/v2\/categories?post=343297"},{"taxonomy":"post_tag","embeddable":true,"href":"https:\/\/www.europesays.com\/es\/wp-json\/wp\/v2\/tags?post=343297"}],"curies":[{"name":"wp","href":"https:\/\/api.w.org\/{rel}","templated":true}]}}