{"id":343308,"date":"2026-01-16T03:05:13","date_gmt":"2026-01-16T03:05:13","guid":{"rendered":"https:\/\/www.europesays.com\/es\/343308\/"},"modified":"2026-01-16T03:05:13","modified_gmt":"2026-01-16T03:05:13","slug":"eder-sarabia-se-expone-a-una-dura-sancion-por-no-ser-un-chivato-en-el-betis","status":"publish","type":"post","link":"https:\/\/www.europesays.com\/es\/343308\/","title":{"rendered":"Eder Sarabia se expone a una dura sanci\u00f3n por no ser un chivato en el Betis"},"content":{"rendered":"<p>  <a class=\"_link_1blok_1\" href=\"https:\/\/www.eldesmarque.com\/autores\/juan-ignacio-lechuga\/#utm_source=autor\" rel=\"author nofollow noopener\" target=\"_blank\"><img decoding=\"async\" class=\"_authorImage_go7ns_45\" src=\"https:\/\/www.europesays.com\/es\/wp-content\/uploads\/2025\/12\/jignaciol_da39-2.png\" alt=\"Juan Ignacio Lechuga\" loading=\"lazy\" width=\"100\" height=\"100\"\/><\/a>  Compartir  <\/p>\n<p class=\"_container_r6ld5_1 _container_1uguc_1 &#10;    color_eta\"><strong>Eder Sarabia<\/strong> acab\u00f3 el <a href=\"https:\/\/www.eldesmarque.com\/futbol\/copa-del-rey\/20260114\/real-betis-elche-octavo-final-25-26-cronica_18_018065851.html#utm_source=cuerpo&amp;utm_medium=articulo\" rel=\"nofollow noopener\" target=\"_blank\">partido ante el Real Betis<\/a> enfadado y expulsado. <strong>Jes\u00fas Gil Manzano ense\u00f1\u00f3 la roja directa al entrenador del Elche CF<\/strong> despu\u00e9s de que una botella entrara en el c\u00e9sped de La Cartuja procedente del banquillo visitante. Sin saber qui\u00e9n hab\u00eda sido, al colegiado no le qued\u00f3 m\u00e1s remedio que ense\u00f1ar el camino a los vestuarios al entrenador del cuadro ilicitano.<\/p>\n<p class=\"_container_r6ld5_1 _container_1uguc_1 &#10;    color_eta\">Dicho de otro modo:<strong> a Sarabia le expulsaron por no ser un chivato<\/strong>. No fue \u00e9l quien lanz\u00f3 la botella al terreno de juego, pero no quiso decir qui\u00e9n lo hab\u00eda hecho. O al menos no le dio tiempo. Y el culpable, sentado en el banquillo, tampoco levant\u00f3 la mano, por lo que la normativa obliga al \u00e1rbitro a expulsar a la cabeza visible del banquillo, que no es otro que el entrenador.<\/p>\n<p>PUEDE INTERESARTE<\/p>\n<p class=\"_container_r6ld5_1 _container_1uguc_1 &#10;    color_eta\">El acta arbitral de Gil Manzano confirm\u00f3 la sucesi\u00f3n de los hechos: \u00abEn el minuto 90+5, el t\u00e9cnico Eder Sarabia fue expulsado por <strong>el lanzamiento de una botella desde el banquillo<\/strong> hacia el terreno de juego en se\u00f1al de protesta y, al no poder identificarse al autor, <strong>se muestra la tarjeta roja al entrenador como responsable<\/strong>\u00ab.<\/p>\n<p class=\"_container_r6ld5_1 _container_1uguc_1 &#10;    color_eta\">El propio Sarabia, ya en sala de prensa, confirm\u00f3 tambi\u00e9n lo que reflej\u00f3 el colegiado en el acta: \u00abHa habido una botella que ha entrado al campo, <strong>en 5 segundos pregunt\u00f3 qui\u00e9n hab\u00eda sido y como no lo hemos identificado, el responsable del banquillo soy yo<\/strong>. Por eso me expuls\u00f3 a m\u00ed\u00bb, coment\u00f3.<\/p>\n<p>PUEDE INTERESARTE<\/p>\n<p class=\"_container_r6ld5_1 _container_1uguc_1 &#10;    color_eta\">El problema para Sarabia es que ahora se expone una <strong>sanci\u00f3n de al menos tres partidos<\/strong>. A la espera de novedades por parte del Comit\u00e9 de Disciplina, si la sanci\u00f3n es de tres partidos la cumplir\u00eda s\u00f3lo en la Copa del Rey, ya con vistas al pr\u00f3ximo curso. Pero si la sanci\u00f3n asciende a cuatro encuentros, se considerar\u00eda grave y afectar\u00eda a LaLiga EA Sports.<\/p>\n<p><img decoding=\"async\" alt=\"Eder Sarabia, expulsado en el Betis-Elche de Copa\" class=\"_author_image__full_lbs33_12 _image_thjnc_1\" loading=\"lazy\" title=\"\" src=\"https:\/\/www.europesays.com\/es\/wp-content\/uploads\/2026\/01\/eder-sarabia-expulsado-en-el-betis-elche-de-copa-16-9-aspect-ratio-default-0_da39-2.jpg\" width=\"1920\" height=\"1080\"  \/>Eder Sarabia, expulsado en el Betis-Elche de Copa. Kiko Hurtado      <\/p>\n","protected":false},"excerpt":{"rendered":"Compartir Eder Sarabia acab\u00f3 el partido ante el Real Betis enfadado y expulsado. Jes\u00fas Gil Manzano ense\u00f1\u00f3 la&hellip;\n","protected":false},"author":2,"featured_media":343309,"comment_status":"","ping_status":"","sticky":false,"template":"","format":"standard","meta":{"footnotes":""},"categories":[268],"tags":[168,25,24,280,282,281,23,167],"class_list":{"0":"post-343308","1":"post","2":"type-post","3":"status-publish","4":"format-standard","5":"has-post-thumbnail","7":"category-futbol","8":"tag-deportes","9":"tag-es","10":"tag-espana","11":"tag-football","12":"tag-futbol","13":"tag-soccer","14":"tag-spain","15":"tag-sports"},"share_on_mastodon":{"url":"https:\/\/pubeurope.com\/@es\/115902567328170759","error":""},"_links":{"self":[{"href":"https:\/\/www.europesays.com\/es\/wp-json\/wp\/v2\/posts\/343308","targetHints":{"allow":["GET"]}}],"collection":[{"href":"https:\/\/www.europesays.com\/es\/wp-json\/wp\/v2\/posts"}],"about":[{"href":"https:\/\/www.europesays.com\/es\/wp-json\/wp\/v2\/types\/post"}],"author":[{"embeddable":true,"href":"https:\/\/www.europesays.com\/es\/wp-json\/wp\/v2\/users\/2"}],"replies":[{"embeddable":true,"href":"https:\/\/www.europesays.com\/es\/wp-json\/wp\/v2\/comments?post=343308"}],"version-history":[{"count":0,"href":"https:\/\/www.europesays.com\/es\/wp-json\/wp\/v2\/posts\/343308\/revisions"}],"wp:featuredmedia":[{"embeddable":true,"href":"https:\/\/www.europesays.com\/es\/wp-json\/wp\/v2\/media\/343309"}],"wp:attachment":[{"href":"https:\/\/www.europesays.com\/es\/wp-json\/wp\/v2\/media?parent=343308"}],"wp:term":[{"taxonomy":"category","embeddable":true,"href":"https:\/\/www.europesays.com\/es\/wp-json\/wp\/v2\/categories?post=343308"},{"taxonomy":"post_tag","embeddable":true,"href":"https:\/\/www.europesays.com\/es\/wp-json\/wp\/v2\/tags?post=343308"}],"curies":[{"name":"wp","href":"https:\/\/api.w.org\/{rel}","templated":true}]}}