{"id":343312,"date":"2026-01-16T03:09:12","date_gmt":"2026-01-16T03:09:12","guid":{"rendered":"https:\/\/www.europesays.com\/es\/343312\/"},"modified":"2026-01-16T03:09:12","modified_gmt":"2026-01-16T03:09:12","slug":"el-reto-de-can-yaman-que-ha-deprimido-a-pablo-motos-he-estado-a-punto-de-irme-a-mi-casa-a-llorar","status":"publish","type":"post","link":"https:\/\/www.europesays.com\/es\/343312\/","title":{"rendered":"El reto de Can Yaman que ha deprimido a Pablo Motos: \u00abHe estado a punto de irme a mi casa a llorar\u00bb"},"content":{"rendered":"<p class=\"v-mdl-ath__p v-mdl-ath__p--6\">\nJueves, 15 de enero 2026<\/p>\n<p>| Actualizado 16\/01\/2026 01:16h.<\/p>\n<p class=\"v-p\">&#8216;El Hormiguero&#8217; cerraba la semana este jueves recibiendo al actor <a href=\"https:\/\/www.lasprovincias.es\/culturas\/tv\/can-yaman-carrera-universitaria-actor-habla-seis-20260115162812-nt.html\" title=\"www.lasprovincias.es\" data-voc-vtm-id=\"in-text-traffic\" data-mrf-link=\"www.lasprovincias.es\" rel=\"nofollow noopener\" target=\"_blank\">Can Yaman<\/a>, que presenta su nueva serie &#8216;<a href=\"https:\/\/www.lasprovincias.es\/culturas\/tv\/turco-nueva-serie-can-yaman-puede-ver-20260115175411-nt.html\" title=\"www.lasprovincias.es\" data-voc-vtm-id=\"in-text-traffic\" data-mrf-link=\"www.lasprovincias.es\" rel=\"nofollow noopener\" target=\"_blank\">El turco<\/a>&#8216;. El int\u00e9rprete hab\u00eda sido noticia esta semana por su detenci\u00f3n en Turqu\u00eda en una operaci\u00f3n antidrogas.<\/p>\n<p class=\"v-p\">Pablo Motos ha arrancado anunciando los invitados de la pr\u00f3xima semana. El lunes estar\u00e1n Ana Mena y \u00d3scar Casas, el martes Antonio Orozco, el mi\u00e9rcoles Carmen Machi y Paco Le\u00f3n y el jueves el streamer Xokas.<\/p>\n<p><a href=\"http:\/\/www.lasprovincias.es\/sociedad\/actor-turco-can-yaman-detenido-discoteca-estambul-20260110191428-nt.html#vtm_modulosEngag=mod-rel:culturas:noticia:1:cmp:1-not\" class=\"v-a-link\" aria-label=\"Imagen\" rel=\"nofollow noopener\" target=\"_blank\"><\/p>\n<p><img decoding=\"async\" loading=\"lazy\" src=\"https:\/\/www.europesays.com\/es\/wp-content\/uploads\/2026\/01\/1768532952_16_1488065580-U2201674114414uIF--366x256@Las Provincias.jpg\" class=\"v-a-img\" alt=\"\" data-voc-vtm-id=\"in-text-traffic\" width=\"366\" height=\"256\"\/><\/p>\n<p><\/a><\/p>\n<p class=\"v-p\">Can Yaman ha sido recibido con gran expectaci\u00f3n por el p\u00fablico del programa. El presentador ha explicado que ha realizado con \u00e9l un reto de dominadas y ha admitido que le ha impresionado mucho su f\u00edsico: \u00abCuando le he visto sin camiseta he estado a punto de irme a mi casa a llorar\u00bb.<\/p>\n<p class=\"v-p\">\u00abYo no quer\u00eda bailar, quer\u00eda hacer algo de deporte, t\u00fa haces mucho deporte. Hacemos dominadas sin camiseta, m\u00e1s espect\u00e1culo\u00bb, afirma el int\u00e9rprete en el v\u00eddeo que ha publicado Motos en Instagram. \u00abMe voy, adi\u00f3s. Qu\u00e9 barbaridad\u00bb, ha reaccionado el valenciano al verlo sin camiseta.<\/p>\n<p class=\"v-p\">El actor ha sorprendido con su manejo del espa\u00f1ol y ha confesado que le ha ayudado a aprender ver series espa\u00f1olas como &#8216;La que se avecina&#8217;. Tambi\u00e9n ha dado clases particulares y est\u00e1 rodando proyectos en esta lengua. <\/p>\n<p class=\"v-p \">\nEsta es una noticia de \u00faltima hora y estamos trabajando para ampliar la informaci\u00f3n. Sigue toda la actualidad en<br \/>\n<a href=\"https:\/\/www.lasprovincias.es\" rel=\"nofollow noopener\" target=\"_blank\"><br \/>\nlasprovincias.es<br \/>\n<\/a>\n<\/p>\n<p>Reporta un error<\/p>\n","protected":false},"excerpt":{"rendered":"Jueves, 15 de enero 2026 | Actualizado 16\/01\/2026 01:16h. &#8216;El Hormiguero&#8217; cerraba la semana este jueves recibiendo al&hellip;\n","protected":false},"author":2,"featured_media":343313,"comment_status":"","ping_status":"","sticky":false,"template":"","format":"standard","meta":{"footnotes":""},"categories":[171],"tags":[30536,385,78031,146,147,25,24,693,17361,18868,13882,618,2320,5575,23,214,54594],"class_list":{"0":"post-343312","1":"post","2":"type-post","3":"status-publish","4":"format-standard","5":"has-post-thumbnail","7":"category-tv","8":"tag-can","9":"tag-casa","10":"tag-deprimido","11":"tag-entertainment","12":"tag-entretenimiento","13":"tag-es","14":"tag-espana","15":"tag-estado","16":"tag-irme","17":"tag-llorar","18":"tag-motos","19":"tag-pablo","20":"tag-punto","21":"tag-reto","22":"tag-spain","23":"tag-tv","24":"tag-yaman"},"share_on_mastodon":{"url":"https:\/\/pubeurope.com\/@es\/115902582831981006","error":""},"_links":{"self":[{"href":"https:\/\/www.europesays.com\/es\/wp-json\/wp\/v2\/posts\/343312","targetHints":{"allow":["GET"]}}],"collection":[{"href":"https:\/\/www.europesays.com\/es\/wp-json\/wp\/v2\/posts"}],"about":[{"href":"https:\/\/www.europesays.com\/es\/wp-json\/wp\/v2\/types\/post"}],"author":[{"embeddable":true,"href":"https:\/\/www.europesays.com\/es\/wp-json\/wp\/v2\/users\/2"}],"replies":[{"embeddable":true,"href":"https:\/\/www.europesays.com\/es\/wp-json\/wp\/v2\/comments?post=343312"}],"version-history":[{"count":0,"href":"https:\/\/www.europesays.com\/es\/wp-json\/wp\/v2\/posts\/343312\/revisions"}],"wp:featuredmedia":[{"embeddable":true,"href":"https:\/\/www.europesays.com\/es\/wp-json\/wp\/v2\/media\/343313"}],"wp:attachment":[{"href":"https:\/\/www.europesays.com\/es\/wp-json\/wp\/v2\/media?parent=343312"}],"wp:term":[{"taxonomy":"category","embeddable":true,"href":"https:\/\/www.europesays.com\/es\/wp-json\/wp\/v2\/categories?post=343312"},{"taxonomy":"post_tag","embeddable":true,"href":"https:\/\/www.europesays.com\/es\/wp-json\/wp\/v2\/tags?post=343312"}],"curies":[{"name":"wp","href":"https:\/\/api.w.org\/{rel}","templated":true}]}}