{"id":343358,"date":"2026-01-16T04:00:11","date_gmt":"2026-01-16T04:00:11","guid":{"rendered":"https:\/\/www.europesays.com\/es\/343358\/"},"modified":"2026-01-16T04:00:11","modified_gmt":"2026-01-16T04:00:11","slug":"jedet-y-andrea-compton-ganan-hasta-el-fin-del-mundo-en-rtve-tras-una-ultima-entrega-que-obligo-a-cambiar-el-guion","status":"publish","type":"post","link":"https:\/\/www.europesays.com\/es\/343358\/","title":{"rendered":"Jedet y Andrea Compton ganan &#8216;Hasta el fin del mundo&#8217; en RTVE, tras una \u00faltima entrega que oblig\u00f3 a cambiar el guion"},"content":{"rendered":"<p class=\"article-text\">\n        RTVE emiti\u00f3 el desenlace de <strong>Hasta el fin del mundo<\/strong> este jueves, 15 de enero, tras m\u00e1s de 15.000 kil\u00f3metros recorridos por sus seis parejas de famosos, 8 pa\u00edses y 60 d\u00edas de viaje. Entre todos los concursantes, las que brillaron fueron<strong> Jedet y Andrea Compton, que se convirtieron en las ganadoras de la primera edici\u00f3n<\/strong> del programa, producido por <strong>Zeppelin (Banijay Iberia). <\/strong>\n    <\/p>\n<p>    <a href=\"https:\/\/www.eldiario.es\/vertele\/noticias\/hasta-el-fin-del-mundo-semifinal-penultima-etapa-pareja-ganadores-cifuentes-alba-carrillo_1_12895088.html\" data-mrf-recirculation=\"saber-mas\" data-dl-event=\"saber-mas\" rel=\"nofollow noopener\" target=\"_blank\"><\/p>\n<p class=\"know-more__title\">&#8216;Hasta el fin del mundo&#8217; jug\u00f3 al &#8216;yo nunca&#8217; con Alba Carrillo y Cifuentes, y aclar\u00f3 c\u00f3mo elegir\u00e1 a su pareja ganadora<\/p>\n<p>            <img decoding=\"async\" class=\"lazy\" loading=\"lazy\" data-src=\"https:\/\/static.eldiario.es\/clip\/d74e2c3c-1dfe-4cbd-b514-8f45dea1e23d_16-9-aspect-ratio_default_0.jpg\" src=\"data:image\/svg+xml,%3Csvg xmlns=\" http:=\"\" viewbox=\"0 0 880 495\" alt=\"'Hasta el fin del mundo' jug\u00f3 al 'yo nunca' con Alba Carrillo y Cifuentes, y aclar\u00f3 c\u00f3mo elegir\u00e1 a su pareja ganadora\"\/><\/p>\n<p>                        <\/a><\/p>\n<p class=\"article-text\">\n        \u201c\u00a1Estamos felices y orgullosas, no nos lo esper\u00e1bamos!\u201d, exclamaron las amigas que nunca creyeron poder vencer a sus rivales. <strong>Paula V\u00e1zquez<\/strong> les entreg\u00f3 las insignias de ganadoras, dejando el resto de clasificaci\u00f3n de la siguiente manera:\n    <\/p>\n<p class=\"article-text\">\n        Los segundos en llegar al punto definitivo de encuentro en Ushuaia, Argentina fueron <strong>Aldo Comas y Jos\u00e9 Lamu\u00f1o<\/strong>; las terceras que lo lograron fueron <strong>Roc\u00edo Carrasco y Anabel Due\u00f1as<\/strong>; se tuvieron que conformar con un cuarto puesto <strong>N\u00eda y J Kbello<\/strong>; as\u00ed como <strong>Alba Carrillo y Cristina Cifuentes <\/strong>llegaron quintas y la \u00faltima posici\u00f3n la ocuparon<strong> Yolanda Ramos y Ainoa Olivares Ramos. <\/strong>\n    <\/p>\n<blockquote class=\"twitter-tweet\" data-lang=\"es\"><p><a href=\"https:\/\/twitter.com\/X\/status\/2011965228330729916?ref_src=twsrc%5Etfw\" rel=\"nofollow noopener\" target=\"_blank\"><\/p><\/blockquote>\n<p>    Una \u00faltima etapa en la que el programa tuvo que cambiar el guion<\/p>\n<p class=\"article-text\">\n        La \u00faltima fue la m\u00e1s dif\u00edcil por el paso de fronteras y las distancias entre <strong>Chile y Argentina<\/strong>. De hecho, los fuertes vientos y el riesgo de corte en el <strong>Estrecho de Magallanes hizo que todos coincidieran en R\u00edos Gallegos. <\/strong>\n    <\/p>\n<p class=\"article-text\">\n        En aquel punto, y ante tales condiciones meteorol\u00f3gicas que <strong>oblig\u00f3 a evacuarlos por el temporal<\/strong>, el programa cambi\u00f3 su punto de encuentro a <strong>Tierra del Fuego. <\/strong>All\u00ed comenz\u00f3 la carrera final.\n    <\/p>\n<p class=\"article-text\">\n        Durante el recorrido <strong>Roc\u00edo Carrasco y Anabel Due\u00f1as<\/strong> trabajaron como revisoras de tren y como recolectoras de setas. Concluyendo un viaje en el que Roc\u00edo hab\u00eda vuelto a ser an\u00f3nima: \u201cMe he dado cuenta de que sigo siendo la que era y que estoy bien y que vuelvo a disfrutar y que el pasado, pasado est\u00e1\u201d, confes\u00f3 emocionada.\n    <\/p>\n<p class=\"article-text\">\n        <strong>Cristina Cifuentes y Alba Carrillo <\/strong>se esforzaron por limpiar barcos. Para acabar con l\u00e1grimas por un viaje que les hab\u00eda \u201ccambiado completamente\u201d, aseguraba la modelo. Sin embargo, Cifuentes se qued\u00f3 muda en el final, sin expresar reflexi\u00f3n alguna.\n    <\/p>\n<p class=\"article-text\">\n        <strong>Aldo Comas y Jos\u00e9 Lamu\u00f1o<\/strong> consiguieron trabajo en un aserradero y sufrieron un desv\u00edo por carreteras sin asfaltar. Protagonizando el momento m\u00e1s dif\u00edcil de la entrega. Aun as\u00ed, al estar delante del glaciar Perito Moreno, no pudieron reprimir las l\u00e1grimas: \u201cSiento que he madurado tanto en este viaje\u201d, dec\u00eda el actor.\n    <\/p>\n<blockquote class=\"twitter-tweet\" data-lang=\"es\"><p><a href=\"https:\/\/twitter.com\/X\/status\/2011944263429271839?ref_src=twsrc%5Etfw\" rel=\"nofollow noopener\" target=\"_blank\"><\/p><\/blockquote>\n<p class=\"article-text\">\n        <strong>N\u00eda y J Kbello<\/strong> no dejaron de agradecerse mutuamente la experiencia y sincerarse: \u201cEstamos felices y tristes porque se acaba, ha sido la mejor experiencia de nuestras vidas\u201d, asegur\u00f3 la cantante.\n    <\/p>\n<p class=\"article-text\">\n        Una vez m\u00e1s, el punto c\u00f3mico lo pusieron <strong>Yolanda Ramos y su sobrina Ainoa Olivares <\/strong>que casi pierden los pasaportes, se les borraron las pistas de los papeles y aun as\u00ed nunca perdieron el humor.\n    <\/p>\n<blockquote class=\"twitter-tweet\" data-lang=\"es\"><p><a href=\"https:\/\/twitter.com\/X\/status\/2011938333325185041?ref_src=twsrc%5Etfw\" rel=\"nofollow noopener\" target=\"_blank\"><\/p><\/blockquote>\n<p class=\"article-text\">\n        Por su parte, <strong>Jedet y Andrea Compton <\/strong>sobrevolaron campos de tulipanes en Trevelin y en un momento, Jedet se derrumb\u00f3 por cargar con un \u201ca\u00f1o de mierda\u201d y no apetecerle volver a Madrid, \u201ca mi vida de mierda\u201d. As\u00ed, la que iba a ser la ganadora confes\u00f3 lo siguiente: \u201cEste viaje me ha salvado, puedo con cualquier cosa. Este viaje me ha sanado\u201d.\n    <\/p>\n<p>    <a href=\"https:\/\/www.eldiario.es\/vertele\/noticias\/rtve-pone-fecha-estreno-decomasters-nuevo-talent-famosos-noche-novedades-tv_1_12908372.html\" data-mrf-recirculation=\"saber-mas-abajo\" data-dl-event=\"saber-mas-abajo\" rel=\"nofollow noopener\" target=\"_blank\"><\/p>\n<p class=\"know-more__title\">RTVE pone fecha al estreno de &#8216;DecoMasters&#8217;, su nuevo talent con famosos, en una noche de novedades en TV<\/p>\n<p>            <img decoding=\"async\" class=\"lazy\" loading=\"lazy\" data-src=\"https:\/\/static.eldiario.es\/clip\/1c5adab6-622c-4e4f-a963-5fdaab45dd42_16-9-aspect-ratio_default_0.jpg\" src=\"data:image\/svg+xml,%3Csvg xmlns=\" http:=\"\" viewbox=\"0 0 880 495\" alt=\"RTVE pone fecha al estreno de 'DecoMasters', su nuevo talent con famosos, en una noche de novedades en TV\"\/><\/p>\n<p>                        <\/a><\/p>\n<p class=\"article-text\">\n        Finalmente, las seis parejas llegaron al punto de encuentro final, creyendo que eran los primeros porque todos se encontraron con una libreta sin firmas.\n    <\/p>\n<p>                                    <script async src=\"https:\/\/platform.twitter.com\/widgets.js\" charset=\"utf-8\"><\/script><\/p>\n","protected":false},"excerpt":{"rendered":"RTVE emiti\u00f3 el desenlace de Hasta el fin del mundo este jueves, 15 de enero, tras m\u00e1s de&hellip;\n","protected":false},"author":2,"featured_media":343359,"comment_status":"","ping_status":"","sticky":false,"template":"","format":"standard","meta":{"footnotes":""},"categories":[171],"tags":[8466,3054,78033,146,36,147,25,24,8776,24866,64776,3013,49707,518,23,214,1885],"class_list":{"0":"post-343358","1":"post","2":"type-post","3":"status-publish","4":"format-standard","5":"has-post-thumbnail","7":"category-tv","8":"tag-andrea","9":"tag-cambiar","10":"tag-compton","11":"tag-entertainment","12":"tag-entrega","13":"tag-entretenimiento","14":"tag-es","15":"tag-espana","16":"tag-ganan","17":"tag-guion","18":"tag-jedet","19":"tag-mundo","20":"tag-obligo","21":"tag-rtve","22":"tag-spain","23":"tag-tv","24":"tag-ultima"},"share_on_mastodon":{"url":"https:\/\/pubeurope.com\/@es\/115902783429669879","error":""},"_links":{"self":[{"href":"https:\/\/www.europesays.com\/es\/wp-json\/wp\/v2\/posts\/343358","targetHints":{"allow":["GET"]}}],"collection":[{"href":"https:\/\/www.europesays.com\/es\/wp-json\/wp\/v2\/posts"}],"about":[{"href":"https:\/\/www.europesays.com\/es\/wp-json\/wp\/v2\/types\/post"}],"author":[{"embeddable":true,"href":"https:\/\/www.europesays.com\/es\/wp-json\/wp\/v2\/users\/2"}],"replies":[{"embeddable":true,"href":"https:\/\/www.europesays.com\/es\/wp-json\/wp\/v2\/comments?post=343358"}],"version-history":[{"count":0,"href":"https:\/\/www.europesays.com\/es\/wp-json\/wp\/v2\/posts\/343358\/revisions"}],"wp:featuredmedia":[{"embeddable":true,"href":"https:\/\/www.europesays.com\/es\/wp-json\/wp\/v2\/media\/343359"}],"wp:attachment":[{"href":"https:\/\/www.europesays.com\/es\/wp-json\/wp\/v2\/media?parent=343358"}],"wp:term":[{"taxonomy":"category","embeddable":true,"href":"https:\/\/www.europesays.com\/es\/wp-json\/wp\/v2\/categories?post=343358"},{"taxonomy":"post_tag","embeddable":true,"href":"https:\/\/www.europesays.com\/es\/wp-json\/wp\/v2\/tags?post=343358"}],"curies":[{"name":"wp","href":"https:\/\/api.w.org\/{rel}","templated":true}]}}