{"id":343360,"date":"2026-01-16T04:01:14","date_gmt":"2026-01-16T04:01:14","guid":{"rendered":"https:\/\/www.europesays.com\/es\/343360\/"},"modified":"2026-01-16T04:01:14","modified_gmt":"2026-01-16T04:01:14","slug":"edwyn-collins-se-despide-de-los-escenarios-espanoles-con-su-ultima-gira-ruta-66","status":"publish","type":"post","link":"https:\/\/www.europesays.com\/es\/343360\/","title":{"rendered":"Edwyn Collins se despide de los escenarios espa\u00f1oles con su \u00faltima gira \u2013 Ruta 66"},"content":{"rendered":"<p><img loading=\"lazy\" decoding=\"async\" class=\"alignright size-full wp-image-93362\" src=\"https:\/\/www.europesays.com\/es\/wp-content\/uploads\/2026\/01\/edwyn-collins.jpg\" alt=\"\" width=\"800\" height=\"445\"  \/><\/p>\n<p>Edwyn Collins, nombre clave en la historia del pop brit\u00e1nico desde los tiempos de Orange Juice, ha confirmado su retirada definitiva de los escenarios espa\u00f1oles. El m\u00fasico escoc\u00e9s se despedir\u00e1 del p\u00fablico con The Testimonial Tour. A Last Lap Around Spain, una gira tan especial como concluyente. Ser\u00e1 su \u00faltima gira hispana.<\/p>\n<p>Desde finales de los setenta, Collins ha construido una trayectoria singular, elegante y profundamente influyente, primero al frente de Orange Juice y m\u00e1s tarde en solitario, firmando algunas de las canciones m\u00e1s reconocibles del pop alternativo de las \u00faltimas d\u00e9cadas. Esta gira de despedida servir\u00e1 para celebrar todo ese recorrido, combinando cl\u00e1sicos incontestables como \u00abRip It Up\u00bb o \u00abA Girl Like You\u00bb con piezas de su etapa m\u00e1s reciente, aclamada por cr\u00edtica y p\u00fablico, interpretadas con una emoci\u00f3n inevitablemente cargada de significado.<\/p>\n<p>El itinerario espa\u00f1ol se desarrollar\u00e1 entre finales de abril y mediados de mayo, con paradas en <strong>Bilbao (29 de abril, Kafe Antzokia), San Sebasti\u00e1n (1 de mayo, Dabadaba), Zaragoza (2 de mayo, Sala L\u00f3pez), Val\u00e8ncia (3 de mayo, 16 Toneladas), Barcelona (5 de mayo, La Nau), Madrid (6 de mayo, But), Sevilla (7 de mayo, Malandar Music Club), C\u00e1diz (8 de mayo, Edificio Constituci\u00f3n 1812), Santiago de Compostela (10 de mayo, Sala Capitol) y Ourense (11 de mayo, Caf\u00e9 &amp; Pop Torgal).<\/strong><\/p>\n<p>Las entradas se pondr\u00e1n a la venta este viernes 16 de enero a las 11:00 horas. De manera anticipada, el jueves 15 de enero se activar\u00e1 una preventa exclusiva para los conciertos de Barcelona y Madrid, que permanecer\u00e1 abierta hasta el inicio de la venta general. Para acceder a ella ser\u00e1 necesario registrarse <a href=\"https:\/\/houstonpartymusic.acemlnb.com\/lt.php?x=4lZy~GDEKqTO5pz90_E9h.Ce1nEkidPvlupjZ5o7VXWfE5J6zky.0OFu2H7ziNf3k_YwbHLHInScT8Ds0NHOwSbc1k\" rel=\"nofollow noopener\" target=\"_blank\">AQU\u00cd<\/a> antes del jueves 15 a las 10:00 horas.<\/p>\n<p>EI<\/p>\n","protected":false},"excerpt":{"rendered":"Edwyn Collins, nombre clave en la historia del pop brit\u00e1nico desde los tiempos de Orange Juice, ha confirmado&hellip;\n","protected":false},"author":2,"featured_media":343361,"comment_status":"","ping_status":"","sticky":false,"template":"","format":"standard","meta":{"footnotes":""},"categories":[170],"tags":[146,147,25,24,184,185,23],"class_list":{"0":"post-343360","1":"post","2":"type-post","3":"status-publish","4":"format-standard","5":"has-post-thumbnail","7":"category-musica","8":"tag-entertainment","9":"tag-entretenimiento","10":"tag-es","11":"tag-espana","12":"tag-music","13":"tag-musica","14":"tag-spain"},"share_on_mastodon":{"url":"https:\/\/pubeurope.com\/@es\/115902787491094097","error":""},"_links":{"self":[{"href":"https:\/\/www.europesays.com\/es\/wp-json\/wp\/v2\/posts\/343360","targetHints":{"allow":["GET"]}}],"collection":[{"href":"https:\/\/www.europesays.com\/es\/wp-json\/wp\/v2\/posts"}],"about":[{"href":"https:\/\/www.europesays.com\/es\/wp-json\/wp\/v2\/types\/post"}],"author":[{"embeddable":true,"href":"https:\/\/www.europesays.com\/es\/wp-json\/wp\/v2\/users\/2"}],"replies":[{"embeddable":true,"href":"https:\/\/www.europesays.com\/es\/wp-json\/wp\/v2\/comments?post=343360"}],"version-history":[{"count":0,"href":"https:\/\/www.europesays.com\/es\/wp-json\/wp\/v2\/posts\/343360\/revisions"}],"wp:featuredmedia":[{"embeddable":true,"href":"https:\/\/www.europesays.com\/es\/wp-json\/wp\/v2\/media\/343361"}],"wp:attachment":[{"href":"https:\/\/www.europesays.com\/es\/wp-json\/wp\/v2\/media?parent=343360"}],"wp:term":[{"taxonomy":"category","embeddable":true,"href":"https:\/\/www.europesays.com\/es\/wp-json\/wp\/v2\/categories?post=343360"},{"taxonomy":"post_tag","embeddable":true,"href":"https:\/\/www.europesays.com\/es\/wp-json\/wp\/v2\/tags?post=343360"}],"curies":[{"name":"wp","href":"https:\/\/api.w.org\/{rel}","templated":true}]}}