{"id":343404,"date":"2026-01-16T04:46:14","date_gmt":"2026-01-16T04:46:14","guid":{"rendered":"https:\/\/www.europesays.com\/es\/343404\/"},"modified":"2026-01-16T04:46:14","modified_gmt":"2026-01-16T04:46:14","slug":"el-equipo-de-toei-animation-confiesa-que-quiso-confundir-a-los-espectadores-con-cierta-escena-de-dragon-ball-daima","status":"publish","type":"post","link":"https:\/\/www.europesays.com\/es\/343404\/","title":{"rendered":"El equipo de Toei Animation confiesa que quiso confundir a los espectadores con cierta escena de Dragon Ball Daima"},"content":{"rendered":"<p class=\"c-paragraph\">\u00a1Qu\u00e9 ganas tenemos de que llegue el 25 de enero! \u00bfSabes lo que pasar\u00e1 en dicha fecha? Estamos ante una de las jornadas m\u00e1s importantes de la historia de <b><a href=\"https:\/\/www.hobbyconsolas.com\/hobbycine\/episodio-1-dragon-ball-daima-es-mas-largo-toda-franquicia-ahora-sabemos-razon_6921062_0.html\" title=\"El episodio 1 de Dragon Ball Daima es el m\u00e1s largo de toda la franquicia y ahora sabemos la raz\u00f3n\" rel=\"nofollow noopener\" target=\"_blank\">Dragon Ball<\/a><\/b>, o al menos, todo apunta a ello.<\/p>\n<p class=\"c-paragraph\">Hablamos de la celebraci\u00f3n del <b>Genkidama Festival<\/b>, un evento en el que se desvelar\u00e1n bombazos absolutos de la obra de <b><a href=\"https:\/\/www.hobbyconsolas.com\/hobbycine\/shenron-dragon-sagrado-dragon-ball-regresa-forma-peluche-gigante-oficial_6920573_0.html\" title=\"Shenron, el drag\u00f3n sagrado de Dragon Ball, regresa en forma de peluche gigante oficial\" rel=\"nofollow noopener\" target=\"_blank\">Akira Toriyama<\/a><\/b> para los pr\u00f3ximos meses. \u00a1Y s\u00ed, ya han confirmado un nuevo videojuego!<\/p>\n<p class=\"c-paragraph\">Todo arrancar\u00e1 el 25 de enero a las 2 de la madrugada, hora espa\u00f1ola, y a eso de las 5 de la ma\u00f1ana ya sabremos todos los noticiones de <b><a href=\"https:\/\/www.hobbyconsolas.com\/hobbycine\/desvelada-una-nueva-ilustracion-oficial-goku-super-saiyan-4-luchando-contra-gomah-rey-los-demonios-dragon-ball-daima_6919946_0.html\" title=\"Desvelada una nueva ilustraci\u00f3n oficial de Goku Super Saiyan 4 luchando contra Gomah, el rey de los demonios, de Dragon Ball Daima\" rel=\"nofollow noopener\" target=\"_blank\">Goku <\/a><\/b>y sus amigos. \u00bfQu\u00e9 esperas aparte del videojuego? \u00bfUna nueva serie anime? \u00bfUna pel\u00edcula de los <b>Guerreros Z<\/b>?<\/p>\n<p class=\"c-paragraph\">Algunos apuntan a una secuela de <b>Dragon Ball Daima<\/b> o incluso un remake de <b>Dragon Ball Super<\/b>, aunque la mayor\u00eda de fans prefieren la continuaci\u00f3n directa de dicha serie. \u00a1Solo faltan 10 d\u00edas para salir de dudas!<\/p>\n<p class=\"c-paragraph\">Mientras tanto, seguimos disfrutando de las curiosidades que se han ido desvelado con los extras del Blu-ray japon\u00e9s de Dragon Ball Daima. En los \u00faltimos d\u00edas te las estamos desgranando en forma de noticias, as\u00ed que muy atento a nuestras publicaciones diarias. \u00bfY hoy qu\u00e9 toca?<\/p>\n<p class=\"c-paragraph\">Pues resulta que <b>el equipo de Toei Animation quiso confundir a los espectadores con la escena final del episodio 1<\/b>, aquella en la que <b>Shenron <\/b>empieza a convertir en ni\u00f1os a Goku y sus amigos. \u00a1Sin embargo, la escena se corta en mitad de la concesi\u00f3n del deseo, as\u00ed que solo vemos a Goku y <b>Vegeta <\/b>convertirse en cr\u00edos!<\/p>\n<p class=\"c-paragraph\">Al parecer, han desvelado que esto confundi\u00f3 a los espectadores, pues no sab\u00edan realmente qu\u00e9 estaba pasando y si realmente el resto de personajes tambi\u00e9n se iban a convertir en ni\u00f1os, algo que corroboramos en el episodio siguiente. El personal de Toei Animation lo gestion\u00f3 de esta manera a prop\u00f3sito, para sembrar algo de confusi\u00f3n entre los fans y que diera lugar a la especulaci\u00f3n.\u00a0<\/p>\n<p class=\"c-paragraph\">\u00bfFuiste uno de esos espectadores que se qued\u00f3 en vilo en ese momento, sin saber lo que estaba pasando, o ya sab\u00edas que el resto de personajes se convertir\u00edan en ni\u00f1os? Sinceramente, solo aquellos que estaban algo desconectados con el proyecto se sorprender\u00edan de verdad, pues nos inflaron a im\u00e1genes y v\u00eddeos promocionales donde ve\u00edamos todo claramente, sin cliffhanger que valga. \u00a1Kai, Kai!<\/p>\n","protected":false},"excerpt":{"rendered":"\u00a1Qu\u00e9 ganas tenemos de que llegue el 25 de enero! \u00bfSabes lo que pasar\u00e1 en dicha fecha? Estamos&hellip;\n","protected":false},"author":2,"featured_media":343405,"comment_status":"","ping_status":"","sticky":false,"template":"","format":"standard","meta":{"footnotes":""},"categories":[171],"tags":[46006,23359,146,147,622,25,24,2074,23,78036,214],"class_list":{"0":"post-343404","1":"post","2":"type-post","3":"status-publish","4":"format-standard","5":"has-post-thumbnail","7":"category-tv","8":"tag-animation","9":"tag-confiesa","10":"tag-entertainment","11":"tag-entretenimiento","12":"tag-equipo","13":"tag-es","14":"tag-espana","15":"tag-que","16":"tag-spain","17":"tag-toei","18":"tag-tv"},"share_on_mastodon":{"url":"https:\/\/pubeurope.com\/@es\/115902964331716415","error":""},"_links":{"self":[{"href":"https:\/\/www.europesays.com\/es\/wp-json\/wp\/v2\/posts\/343404","targetHints":{"allow":["GET"]}}],"collection":[{"href":"https:\/\/www.europesays.com\/es\/wp-json\/wp\/v2\/posts"}],"about":[{"href":"https:\/\/www.europesays.com\/es\/wp-json\/wp\/v2\/types\/post"}],"author":[{"embeddable":true,"href":"https:\/\/www.europesays.com\/es\/wp-json\/wp\/v2\/users\/2"}],"replies":[{"embeddable":true,"href":"https:\/\/www.europesays.com\/es\/wp-json\/wp\/v2\/comments?post=343404"}],"version-history":[{"count":0,"href":"https:\/\/www.europesays.com\/es\/wp-json\/wp\/v2\/posts\/343404\/revisions"}],"wp:featuredmedia":[{"embeddable":true,"href":"https:\/\/www.europesays.com\/es\/wp-json\/wp\/v2\/media\/343405"}],"wp:attachment":[{"href":"https:\/\/www.europesays.com\/es\/wp-json\/wp\/v2\/media?parent=343404"}],"wp:term":[{"taxonomy":"category","embeddable":true,"href":"https:\/\/www.europesays.com\/es\/wp-json\/wp\/v2\/categories?post=343404"},{"taxonomy":"post_tag","embeddable":true,"href":"https:\/\/www.europesays.com\/es\/wp-json\/wp\/v2\/tags?post=343404"}],"curies":[{"name":"wp","href":"https:\/\/api.w.org\/{rel}","templated":true}]}}