{"id":343406,"date":"2026-01-16T04:47:12","date_gmt":"2026-01-16T04:47:12","guid":{"rendered":"https:\/\/www.europesays.com\/es\/343406\/"},"modified":"2026-01-16T04:47:12","modified_gmt":"2026-01-16T04:47:12","slug":"lamb-of-god-presentan-su-nuevo-album-into-oblivion","status":"publish","type":"post","link":"https:\/\/www.europesays.com\/es\/343406\/","title":{"rendered":"Lamb Of God presentan su nuevo \u00e1lbum &#8216;Into Oblivion&#8217;"},"content":{"rendered":"<p><strong><a href=\"https:\/\/www.rockzonemag.com\/tag\/lamb-of-god\/\" rel=\"nofollow noopener\" target=\"_blank\">Lamb Of God<\/a> acaban de anunciar los detalles de su d\u00e9cimo \u00e1lbum, titulado Into Oblivion, que ver\u00e1 la luz el 13 de marzo a trav\u00e9s de Epic\/Century Media.<\/strong> Como adelanto, la banda de Virginia ha estrenado el tema que da nombre al disco.<\/p>\n<p><a href=\"https:\/\/rockzone.lovable.app\" target=\"_blank\" rel=\"nofollow noopener\"><img decoding=\"async\" src=\"https:\/\/www.europesays.com\/es\/wp-content\/uploads\/2026\/01\/VOTACION-DISCOS-BANNER.gif\"\/><\/a><\/p>\n<p>Into Oblivion supone el primer trabajo de larga duraci\u00f3n del grupo en cuatro a\u00f1os y toma el relevo de Omens (2022). Un disco que refleja tanto el momento creativo de la banda como su visi\u00f3n cr\u00edtica del mundo actual. \u00abEn general, el disco trata sobre la r\u00e1pida y continua ruptura del contrato social, especialmente aqu\u00ed en Am\u00e9rica\u00bb, ha comentado el vocalista <strong>Randy Blythe.<\/strong> \u00abHoy se aceptan cosas que habr\u00edan horrorizado a la gente hace solo 20 a\u00f1os\u201d.<\/p>\n<p>A nivel musical, el guitarrista <strong>Mark Morton<\/strong> declara que siente que el \u00e1lbum \u00abtrata de tener espacio para respirar creativamente y no sentir que tenemos que seguir ninguna tendencia ni expectativa. Es agradable estar desligados de cualquier agenda m\u00e1s all\u00e1 de hacer m\u00fasica que nos parezca genial, que es donde empez\u00f3 todo\u201d.<br \/>El disco ha sido producido y mezclado por Josh Wilbur, colaborador habitual de la banda, y grabado en varios lugares clave para su identidad: la bater\u00eda en Richmond, las guitarras y el bajo en el estudio casero de Morton y las voces de Blythe en el m\u00edtico Total Access Studio de Redondo Beach (California), cuna de discos fundamentales del punk estadounidense.<\/p>\n<p>Puedes ver el v\u00eddeo de \u2018Into Oblivion\u2019, dirigido por Tom Flynn y Mike Watts, a continuaci\u00f3n:<\/p>\n<p>El disco incluir\u00e1 estos temas:<\/p>\n<p>1. \u2018Into Oblivion\u2019<br \/>2. \u2018Parasocial Christ\u2019<br \/>3. \u2018Sepsis\u2019<br \/>4. \u2018The Killing Floor\u2019<br \/>5. El Vac\u00edo\u2019<br \/>6. \u2018St. Catherine\u2019s Wheel\u2019<br \/>7. \u2018Blunt Force Blues\u2019<br \/>8. \u2018Bully\u2019<br \/>9. \u2018A Thousand Years\u2019<br \/>10. \u2018Devise\/Destroy\u2019<\/p>\n<p>Y esta es la portada:<\/p>\n<p><img fetchpriority=\"high\" decoding=\"async\" class=\"wp-image-48678 aligncenter\" src=\"https:\/\/www.rockzonemag.com\/wp-content\/uploads\/2026\/01\/Lamb-Of-God-Into-Oblivion-album-cover-high-res.jpg-scaled.webp\" alt=\"\" width=\"481\" height=\"481\"  \/><\/p>\n","protected":false},"excerpt":{"rendered":"Lamb Of God acaban de anunciar los detalles de su d\u00e9cimo \u00e1lbum, titulado Into Oblivion, que ver\u00e1 la&hellip;\n","protected":false},"author":2,"featured_media":343407,"comment_status":"","ping_status":"","sticky":false,"template":"","format":"standard","meta":{"footnotes":""},"categories":[170],"tags":[78037,146,147,25,24,46275,3963,184,185,10,23,2338],"class_list":{"0":"post-343406","1":"post","2":"type-post","3":"status-publish","4":"format-standard","5":"has-post-thumbnail","7":"category-musica","8":"tag-century-media","9":"tag-entertainment","10":"tag-entretenimiento","11":"tag-es","12":"tag-espana","13":"tag-lamb-of-god","14":"tag-metal","15":"tag-music","16":"tag-musica","17":"tag-noticias","18":"tag-spain","19":"tag-video"},"share_on_mastodon":{"url":"https:\/\/pubeurope.com\/@es\/115902968297664843","error":""},"_links":{"self":[{"href":"https:\/\/www.europesays.com\/es\/wp-json\/wp\/v2\/posts\/343406","targetHints":{"allow":["GET"]}}],"collection":[{"href":"https:\/\/www.europesays.com\/es\/wp-json\/wp\/v2\/posts"}],"about":[{"href":"https:\/\/www.europesays.com\/es\/wp-json\/wp\/v2\/types\/post"}],"author":[{"embeddable":true,"href":"https:\/\/www.europesays.com\/es\/wp-json\/wp\/v2\/users\/2"}],"replies":[{"embeddable":true,"href":"https:\/\/www.europesays.com\/es\/wp-json\/wp\/v2\/comments?post=343406"}],"version-history":[{"count":0,"href":"https:\/\/www.europesays.com\/es\/wp-json\/wp\/v2\/posts\/343406\/revisions"}],"wp:featuredmedia":[{"embeddable":true,"href":"https:\/\/www.europesays.com\/es\/wp-json\/wp\/v2\/media\/343407"}],"wp:attachment":[{"href":"https:\/\/www.europesays.com\/es\/wp-json\/wp\/v2\/media?parent=343406"}],"wp:term":[{"taxonomy":"category","embeddable":true,"href":"https:\/\/www.europesays.com\/es\/wp-json\/wp\/v2\/categories?post=343406"},{"taxonomy":"post_tag","embeddable":true,"href":"https:\/\/www.europesays.com\/es\/wp-json\/wp\/v2\/tags?post=343406"}],"curies":[{"name":"wp","href":"https:\/\/api.w.org\/{rel}","templated":true}]}}