{"id":343416,"date":"2026-01-16T04:54:06","date_gmt":"2026-01-16T04:54:06","guid":{"rendered":"https:\/\/www.europesays.com\/es\/343416\/"},"modified":"2026-01-16T04:54:06","modified_gmt":"2026-01-16T04:54:06","slug":"ultimas-noticias-de-venezuela-tras-la-detencion-de-maduro-en-directo-machado-entrega-la-medalla-del-nobel-de-la-paz-a-trump-y-proclama-contamos-con-el-presidente-para-la-libertad-de-venez","status":"publish","type":"post","link":"https:\/\/www.europesays.com\/es\/343416\/","title":{"rendered":"\u00daltimas noticias de Venezuela tras la detenci\u00f3n de Maduro, en directo | Machado entrega la medalla del Nobel de la Paz a Trump y proclama: \u201cContamos con el presidente para la libertad de Venezuela\u201d | Internacional"},"content":{"rendered":"<p class=\"ev-title\">Delcy Rodr\u00edguez: \u201cSi alg\u00fan d\u00eda me tocase ir a Washington, lo har\u00e9 de pie, caminando, nunca arrastrada\u201d<\/p>\n<p>La presidenta interina de Venezuela, Delcy Rodr\u00edguez, ha afirmado ante la Asamblea Nacional de Venezuela: \u201cSi alg\u00fan d\u00eda me tocase ir a Washington, lo har\u00e9 de pie, caminando, nunca arrastrada\u201d. As\u00ed lo ha declarado tras asegurar que su Gobierno no tiene\u00a0miedo de \u201cresolver diplom\u00e1ticamente\u201d la situaci\u00f3n con EE UU, \u201cuna potencia nuclear\u201d.\u00a0\u201cYa basta de clases pol\u00edticas que usurpan lo que es ser pol\u00edtico para entregarse a las \u00f3rdenes de Washington y se lo digo yo que la historia me ha colocado en esta responsabilidad, en uno de los momentos m\u00e1s duros para preservar la paz\u201d, ha aseverado.\u00a0<\/p>\n<p>\u201cNo le tengamos miedo a las contradicciones\u201d, ha pedido a los diputados antes de sostener que \u201chay una mancha\u201d en la relaci\u00f3n de Venezuela con EE UU: \u201cCuando cruzaron la l\u00ednea roja, atacaron, agredieron, mataron,\u00a0invadieron\u00a0y secuestraron al presidente Maduro y a la primera dama [Cilia Flores]. Es una mancha en las relaciones entre EE UU y Venezuela. Y juramos que esa mancha la \u00edbamos a dirimir diplom\u00e1ticamente\u201d. Rodr\u00edguez ha afirmado que \u201cse forja una nueva pol\u00edtica en Venezuela\u201d y\u00a0ha mostrado su disposici\u00f3n a trabajar en una \u201cagenda de cooperaci\u00f3n\u201d con EE UU. Ayer mantuvo una conversaci\u00f3n telef\u00f3nica con el presidente estadounidense, Donald Trump, sobre una \u201cagenda de trabajo bilateral\u201d y \u201casuntos pendientes\u201d entre ambos pa\u00edses, que eval\u00faan el restablecimiento de relaciones diplom\u00e1ticas, rotas desde 2019. El Gobierno chavista insiste en que estos acercamientos con la Casa Blanca tienen como objetivo \u201cdefender la paz de Venezuela\u201d desde el \u00e1mbito diplom\u00e1tico y velar por \u201cla seguridad y tranquilidad\u201d de Maduro y su esposa, la diputada Cilia Flores, detenidos en Nueva York.<\/p>\n<p>En su primer discurso del a\u00f1o ante el Legislativo, Rodr\u00edguez\u00a0ha presentado la rendici\u00f3n de cuentas de 2025 que, ha asegurado, estuvo preparando con el mandatario Nicol\u00e1s Maduro \u201chasta seis horas antes de su secuestro\u201d, como se ha referido a la captura del mandatario.\u00a0Seg\u00fan la Constituci\u00f3n venezolana,\u00a0el jefe del Estado debe presentar \u201cpersonalmente\u201d al Parlamento \u201cun mensaje en que dar\u00e1 cuenta de los aspectos pol\u00edticos, econ\u00f3micos, sociales y administrativos\u201d del a\u00f1o anterior en los 10 primeros d\u00edas siguientes a la instalaci\u00f3n de la Asamblea Nacional, fijada para el 5 de enero de cada a\u00f1o. Ese d\u00eda, la Asamblea nombr\u00f3 presidenta interina a Rodr\u00edguez. (Efe)<\/p>\n","protected":false},"excerpt":{"rendered":"Delcy Rodr\u00edguez: \u201cSi alg\u00fan d\u00eda me tocase ir a Washington, lo har\u00e9 de pie, caminando, nunca arrastrada\u201d La&hellip;\n","protected":false},"author":2,"featured_media":343417,"comment_status":"","ping_status":"","sticky":false,"template":"","format":"standard","meta":{"footnotes":""},"categories":[42],"tags":[74750,8738,17,18,6191,74823,70,72,41094,2496,352,629,700,13,14,29392,11,61,62,63,64,19,20,9,1194,10,15,16,12,21,22,1192,65,66,67],"class_list":{"0":"post-343416","1":"post","2":"type-post","3":"status-publish","4":"format-standard","5":"has-post-thumbnail","7":"category-internacional","8":"tag-ataque-estados-unidos-a-venezuela","9":"tag-ataques-militares","10":"tag-breaking-news","11":"tag-breakingnews","12":"tag-caracas","13":"tag-cilia-flores","14":"tag-conflictos","15":"tag-conflictos-internacionales","16":"tag-derecho-internacional","17":"tag-dinamarca","18":"tag-donald-trump","19":"tag-estados-unidos","20":"tag-europa","21":"tag-featured-news","22":"tag-featurednews","23":"tag-groenlandia","24":"tag-headlines","25":"tag-internacional","26":"tag-international","27":"tag-international-news","28":"tag-internationalnews","29":"tag-latest-news","30":"tag-latestnews","31":"tag-news","32":"tag-nicolas-maduro","33":"tag-noticias","34":"tag-noticias-destacadas","35":"tag-noticiasdestacadas","36":"tag-titulares","37":"tag-ultimas-noticias","38":"tag-ultimasnoticias","39":"tag-venezuela","40":"tag-world","41":"tag-world-news","42":"tag-worldnews"},"share_on_mastodon":{"url":"","error":"Validation failed: Text character limit of 500 exceeded"},"_links":{"self":[{"href":"https:\/\/www.europesays.com\/es\/wp-json\/wp\/v2\/posts\/343416","targetHints":{"allow":["GET"]}}],"collection":[{"href":"https:\/\/www.europesays.com\/es\/wp-json\/wp\/v2\/posts"}],"about":[{"href":"https:\/\/www.europesays.com\/es\/wp-json\/wp\/v2\/types\/post"}],"author":[{"embeddable":true,"href":"https:\/\/www.europesays.com\/es\/wp-json\/wp\/v2\/users\/2"}],"replies":[{"embeddable":true,"href":"https:\/\/www.europesays.com\/es\/wp-json\/wp\/v2\/comments?post=343416"}],"version-history":[{"count":0,"href":"https:\/\/www.europesays.com\/es\/wp-json\/wp\/v2\/posts\/343416\/revisions"}],"wp:featuredmedia":[{"embeddable":true,"href":"https:\/\/www.europesays.com\/es\/wp-json\/wp\/v2\/media\/343417"}],"wp:attachment":[{"href":"https:\/\/www.europesays.com\/es\/wp-json\/wp\/v2\/media?parent=343416"}],"wp:term":[{"taxonomy":"category","embeddable":true,"href":"https:\/\/www.europesays.com\/es\/wp-json\/wp\/v2\/categories?post=343416"},{"taxonomy":"post_tag","embeddable":true,"href":"https:\/\/www.europesays.com\/es\/wp-json\/wp\/v2\/tags?post=343416"}],"curies":[{"name":"wp","href":"https:\/\/api.w.org\/{rel}","templated":true}]}}