{"id":343422,"date":"2026-01-16T05:05:09","date_gmt":"2026-01-16T05:05:09","guid":{"rendered":"https:\/\/www.europesays.com\/es\/343422\/"},"modified":"2026-01-16T05:05:09","modified_gmt":"2026-01-16T05:05:09","slug":"resultado-goles-ganador-resumen-y-como-ha-quedado-el-partido-de-copa-del-rey-en-directo","status":"publish","type":"post","link":"https:\/\/www.europesays.com\/es\/343422\/","title":{"rendered":"resultado, goles, ganador, resumen y c\u00f3mo ha quedado el partido de Copa del Rey en directo"},"content":{"rendered":"<p>El <a href=\"https:\/\/okdiario.com\/deportes\/cuantas-copas-del-rey-tiene-barcelona-14674818\" rel=\"nofollow noopener\" target=\"_blank\"><strong>Barcelona<\/strong><\/a> se enfrenta al <strong>Racing de Santander<\/strong> en este partido de octavos de final de la <strong>Copa del Rey<\/strong> en <strong>El Sardinero<\/strong> y los de <strong>Hansi Flick<\/strong> no podr\u00e1n confiarse porque podr\u00edan llevarse una amarga sorpresa como ya le sucedi\u00f3 al <a href=\"https:\/\/okdiario.com\/diariomadridista\/real-madrid\/historia-significado-todos-datos-del-escudo-del-real-madrid-224616\" rel=\"nofollow noopener\" target=\"_blank\"><strong>Real Madrid<\/strong><\/a>, que ha quedado eliminado de esta competici\u00f3n. Narramos en directo y en vivo online el resultado, goles y minuto a minuto de este emocionante <a href=\"https:\/\/okdiario.com\/deportes\/horario-del-racing-barcelona-cuando-juega-partido-copa-del-rey-donde-ver-tv-directo-vivo-online-video-16062503\" rel=\"nofollow noopener\" target=\"_blank\"><strong>Racing \u2013 Barcelona<\/strong><\/a> en el que puede ocurrir de todo en la ciudad c\u00e1ntabra.<\/p>\n<p>Racing \u2013 Barcelona, en directo<\/p>\n<p>As\u00ed est\u00e1 la Copa del Rey<\/p>\n<p>Las cosas como son, los octavos de final de la Copa del Rey est\u00e1n siendo apasionantes. La Real Sociedad, pr\u00f3ximo rival del Bar\u00e7a en la Liga, tuvo que ir a la tanda de penaltis para cargarse a Osasuna, mientras que el Atl\u00e9tico sufri\u00f3 para ganar al Deportivo en Riazor y el Athletic necesit\u00f3 la pr\u00f3rroga para eliminar a la Cultural y Deportiva Leonesa. Sin duda, la gran sorpresa lleg\u00f3 este mi\u00e9rcoles con el Albacete apeando al Real Madrid de \u00c1lvaro Arbeloa tras ganar 3-2 en el Carlos Belmonte. El Real Betis y el Alav\u00e9s se deshicieron del Elche y del Rayo Vallecano respectivamente. Hoy, a la misma hora, se disputar\u00e1n este Racing \u2013 Barcelona y el Burgos \u2013 Valencia.<\/p>\n<p>El fichaje de Joao Cancelo<\/p>\n<p>En los \u00faltimos d\u00edas se hab\u00eda hablado sobre el fichaje de Joao Cancelo por el Barcelona y finalmente el club azulgrana lo ha anunciado oficialmente. Muchos aficionados no han entendido el regreso del lateral portugu\u00e9s a la Ciudad Condal, pero el ex del Valencia o Manchester City entre otros retorna al Bar\u00e7a con la clara intenci\u00f3n de hacerse con un hueco en el once inicial de Hansi Flick, aunque sabe que no ser\u00e1 nada f\u00e1cil. Podr\u00eda tener su primera oportunidad ante el Racing, ya que ha entrado en la convocatoria del t\u00e9cnico alem\u00e1n.<\/p>\n<p>Partidazo en El Sardinero<\/p>\n<p>\u00a1\u00a1Muy buenas noches a todos!! Bienvenidos a la retransmisi\u00f3n en directo y en vivo online de este Racing de Santander \u2013 Barcelona que corresponde a los octavos de final de la Copa del Rey. El Sardinero, un estadio m\u00edtico de nuestro pa\u00eds, est\u00e1 listo ya para acoger un aut\u00e9ntico partidazo de esta competici\u00f3n que servir\u00e1 para recordar viejos tiempos cuando los c\u00e1ntabros estaban en su mejor momento y eran habituales en la m\u00e1xima categor\u00eda de nuestro pa\u00eds. Pese a estar en segunda, se espera un partidazo, ya que ambos equipos son los l\u00edderes de sus respectivas divisiones.<\/p>\n<p>\t\t\t\t&#13;<br \/>\n\t\t\t\t\t<a>&#13;<br \/>\n\t\t\t\t\t\t23:16&#13;<br \/>\n\t\t\t\t\t<\/a>&#13;<br \/>\n\t\t\t\t\t&#13;<\/p>\n<p>\t\t\t\t&#13;<br \/>\n\t\t\t\t\t<a>&#13;<br \/>\n\t\t\t\t\t\t23:13&#13;<br \/>\n\t\t\t\t\t<\/a>&#13;<br \/>\n\t\t\t\t\t&#13;<\/p>\n<p>\t\t\t\t&#13;<br \/>\n\t\t\t\t\t<a>&#13;<br \/>\n\t\t\t\t\t\t23:11&#13;<br \/>\n\t\t\t\t\t<\/a>&#13;<\/p>\n<p>\t\t\t\t\tCu\u00e1ndo es el sorteo de cuartos de la Copa del Rey<\/p>\n<p>Ya conocemos a los ocho equipos clasificados para los cuartos de final de la Copa del Rey. Ser\u00e1 el pr\u00f3ximo lunes la fecha en la que se celebrar\u00e1 el sorteo en la Ciudad del F\u00fatbol de Las Rozas.<\/p>\n<p>\t\t\t\t\t&#13;<\/p>\n<p>\t\t\t\t&#13;<br \/>\n\t\t\t\t\t<a>&#13;<br \/>\n\t\t\t\t\t\t23:09&#13;<br \/>\n\t\t\t\t\t<\/a>&#13;<\/p>\n<p>\t\t\t\t\t\u00a1FINAL EN SANTANDER!<\/p>\n<p>Termina este partido de octavos de final de la Copa del Rey. El Barcelona consigue ganar 0-2 al Racing gracias a los goles de Ferran Torres y Lamine Yamal y se meten en cuartos.<\/p>\n<p>\t\t\t\t\t&#13;<\/p>\n<p>\t\t\t\t&#13;<br \/>\n\t\t\t\t\t<a>&#13;<br \/>\n\t\t\t\t\t\t23:08&#13;<br \/>\n\t\t\t\t\t<\/a>&#13;<\/p>\n<p><b>Min 90+5<\/b><\/p>\n<p>\t\t\t\t\t\u00a1GOOOL DEL BARCELONA!<\/p>\n<p><strong>\u00a1GOOOL DEL BARCELONA! \u00a1GOOOL DE LAMINE YAMAL!<\/strong> De \u00e1rea a \u00e1rea y tiro porque me toca. Lamine lleg\u00f3 y fue \u00e9l el que trat\u00f3 de hacer el pase de la muerte a Lewandowski, pero la asistencia fue mala. Raphinha agarr\u00f3 el bal\u00f3n y se la devolvi\u00f3 al \u201910\u2019, que mand\u00f3 para adentro el cuero.<\/p>\n<p>\t\t\t\t\t&#13;<\/p>\n<p>\t\t\t\t&#13;<br \/>\n\t\t\t\t\t<a>&#13;<br \/>\n\t\t\t\t\t\t23:07&#13;<br \/>\n\t\t\t\t\t<\/a>&#13;<\/p>\n<p><b>Min 90+4<\/b><\/p>\n<p>\t\t\t\t\t\u00a1\u00a1\u00a1Joan Garc\u00eda!!!<\/p>\n<p>Salvador el guardameta del Barcelona. Dos jugadores del Racing se plantaron ante \u00e9l y Lozano apost\u00f3 por tirar en vez de hacerle el pase de la muerte a Mart\u00edn, que no entiende la decisi\u00f3n de su compa\u00f1ero. \u00a1Vaya mano meti\u00f3 Joan Garc\u00eda! \u00a1La tuvo muy clara el cuadro local!<\/p>\n<p>\t\t\t\t\t&#13;<\/p>\n<p>\t\t\t\t&#13;<br \/>\n\t\t\t\t\t<a>&#13;<br \/>\n\t\t\t\t\t\t23:05&#13;<br \/>\n\t\t\t\t\t<\/a>&#13;<\/p>\n<p><b>Min 90+2<\/b><\/p>\n<p>\t\t\t\t\tLa mueve el Barcelona<\/p>\n<p>El Bar\u00e7a va moviendo el cuero de lado a lado para dejar que pasen los minutos. Presiona el Racing, pero ahora no est\u00e1 logrando tener el cuero.<\/p>\n<p>\t\t\t\t\t&#13;<\/p>\n<p>\t\t\t\t&#13;<br \/>\n\t\t\t\t\t<a>&#13;<br \/>\n\t\t\t\t\t\t23:03&#13;<br \/>\n\t\t\t\t\t<\/a>&#13;<\/p>\n<p><b>Min 90<\/b><\/p>\n<p>\t\t\t\t\t\u00a15 minutos m\u00e1s!<\/p>\n<p>El cuarto \u00e1rbitro informa del tiempo a\u00f1adido en El Sardinero.<\/p>\n<p>\t\t\t\t\t&#13;<\/p>\n<p>\t\t\t\t&#13;<br \/>\n\t\t\t\t\t<a>&#13;<br \/>\n\t\t\t\t\t\t23:01&#13;<br \/>\n\t\t\t\t\t<\/a>&#13;<\/p>\n<p><b>Min 88<\/b><\/p>\n<p>\t\t\t\t\tDefiende ahora el Barcelona<\/p>\n<p>Va con todo el Racing de Santander y el Barcelona est\u00e1 resistiendo como puede ahora mismo. Sufren los catalanes.<\/p>\n<p>\t\t\t\t\t&#13;<\/p>\n<p>\t\t\t\t&#13;<br \/>\n\t\t\t\t\t<a>&#13;<br \/>\n\t\t\t\t\t\t22:59&#13;<br \/>\n\t\t\t\t\t<\/a>&#13;<\/p>\n<p><b>Min 86<\/b><\/p>\n<p>\t\t\t\t\t\u00a1GOL ANULADO AL RACING!<\/p>\n<p>Otro tanto del conjunto c\u00e1ntabro\u2026 pero no sube al marcador. Hubo claro fuera de juego de \u00cd\u00f1igo Vicente, que fue el que asisti\u00f3 a Manex Lozano.<\/p>\n<p>\t\t\t\t\t&#13;<\/p>\n<p>\t\t\t\t&#13;<br \/>\n\t\t\t\t\t<a>&#13;<br \/>\n\t\t\t\t\t\t22:56&#13;<br \/>\n\t\t\t\t\t<\/a>&#13;<\/p>\n<p><b>Min 84<\/b><\/p>\n<p>\t\t\t\t\tLamine Yamal<\/p>\n<p>Recort\u00f3 el de Matar\u00f3n y cay\u00f3 al suelo. Pidi\u00f3 penalti por obstrucci\u00f3n o empuj\u00f3n, pero el colegiado no se\u00f1al\u00f3 nada. Hubo un cambio en el Barcelona. Entr\u00f3 Eric Garc\u00eda y se march\u00f3 Marc Casad\u00f3.<\/p>\n<p>\t\t\t\t\t&#13;<\/p>\n<p>\t\t\t\t&#13;<br \/>\n\t\t\t\t\t<a>&#13;<br \/>\n\t\t\t\t\t\t22:54&#13;<br \/>\n\t\t\t\t\t<\/a>&#13;<\/p>\n<p><b>Min 81<\/b><\/p>\n<p>\t\t\t\t\tDespeja el Racing<\/p>\n<p>C\u00f3rner a favor del Barcelona. Lo sac\u00f3 Raphinha y otra vez despej\u00f3 Gueye en el primer palo.<\/p>\n<p>\t\t\t\t\t&#13;<\/p>\n<p>\t\t\t\t&#13;<br \/>\n\t\t\t\t\t<a>&#13;<br \/>\n\t\t\t\t\t\t22:52&#13;<br \/>\n\t\t\t\t\t<\/a>&#13;<\/p>\n<p><b>Min 79<\/b><\/p>\n<p>\t\t\t\t\t\u00a1Doble parada de Ezkieta!<\/p>\n<p>Vaya partidazo del guardameta del Racing. Primero le sac\u00f3 una gran mano a Ferm\u00edn y luego fue a\u00fan mejor la que le detuvo a bocajarro a Lewandowski.<\/p>\n<p>\t\t\t\t\t&#13;<\/p>\n<p>\t\t\t\t&#13;<br \/>\n\t\t\t\t\t<a>&#13;<br \/>\n\t\t\t\t\t\t22:49&#13;<br \/>\n\t\t\t\t\t<\/a>&#13;<\/p>\n<p><b>Min 77<\/b><\/p>\n<p>\t\t\t\t\t\u00a1GOL ANULADO AL RACING!<\/p>\n<p>Manex Lozano se plant\u00f3 solo ante Joan Garc\u00eda con una carrera desde el centro del campo, pero parece que parti\u00f3 en fuera de juego. Hizo un cambio el cuadro c\u00e1ntabro. Andr\u00e9s Mart\u00edn entr\u00f3 por \u00cd\u00f1igo Sainz.<\/p>\n<p>\t\t\t\t\t&#13;<\/p>\n<p>\t\t\t\t&#13;<br \/>\n\t\t\t\t\t<a>&#13;<br \/>\n\t\t\t\t\t\t22:46&#13;<br \/>\n\t\t\t\t\t<\/a>&#13;<\/p>\n<p><b>Min 73<\/b><\/p>\n<p>\t\t\t\t\tOtra amarilla<\/p>\n<p>La cartulina amarilla es ahora para Ferm\u00edn L\u00f3pez, que fue al suelo fuerte y se llev\u00f3 la tarjeta.<\/p>\n<p>\t\t\t\t\t&#13;<\/p>\n<p>\t\t\t\t&#13;<br \/>\n\t\t\t\t\t<a>&#13;<br \/>\n\t\t\t\t\t\t22:44&#13;<br \/>\n\t\t\t\t\t<\/a>&#13;<\/p>\n<p><b>Min 71<\/b><\/p>\n<p>\t\t\t\t\tAmarilla y cambio en el Racing<\/p>\n<p>Dami\u00e1n ve la amarilla por una falta sobre Marc Casad\u00f3. Mario Garc\u00eda se march\u00f3 y dej\u00f3 su puesto a \u00cd\u00f1igo Vicente.<\/p>\n<p>\t\t\t\t\t&#13;<\/p>\n<p>\t\t\t\t&#13;<br \/>\n\t\t\t\t\t<a>&#13;<br \/>\n\t\t\t\t\t\t22:42&#13;<br \/>\n\t\t\t\t\t<\/a>&#13;<\/p>\n<p><b>Min 69<\/b><\/p>\n<p>\t\t\t\t\t\u00a1Raphinha!<\/p>\n<p>Un minuto sobre le terreno de juego y Raphinha ya lo ha intentado, pero cruz\u00f3 demasiado su disparo. Respondi\u00f3 el Racing con un contragolpe, pero el disparo lejano de Gueye se march\u00f3 por l\u00ednea de fondo.<\/p>\n<p>\t\t\t\t\t&#13;<\/p>\n<p>\t\t\t\t&#13;<br \/>\n\t\t\t\t\t<a>&#13;<br \/>\n\t\t\t\t\t\t22:40&#13;<br \/>\n\t\t\t\t\t<\/a>&#13;<\/p>\n<p><b>Min 68<\/b><\/p>\n<p>\t\t\t\t\tCambios en el Barcelona<\/p>\n<p>Se revisaba el gol y Hansi Flick decidi\u00f3 meter a Raphinha, Pedri y Lewandowski. Se marcharon Dani Olmo, Rashford y Ferran Torres.<\/p>\n<p>\t\t\t\t\t&#13;<\/p>\n<p>\t\t\t\t&#13;<br \/>\n\t\t\t\t\t<a>&#13;<br \/>\n\t\t\t\t\t\t22:39&#13;<br \/>\n\t\t\t\t\t<\/a>&#13;<\/p>\n<p><b>Min 66<\/b><\/p>\n<p>\t\t\t\t\t\u00a1GOOOL DEL BARCELONA!<\/p>\n<p><strong>\u00a1GOOOL DEL BARCELONA! \u00a1GOOOL DE FERRAN TORRES!<\/strong> Lo estaba mereciendo el Bar\u00e7a y ah\u00ed lleg\u00f3 el tanto del valenciano. Recibi\u00f3 un bal\u00f3n en profundidad de Ferm\u00edn L\u00f3pez y en el mano a mano super\u00f3 al guardameta del Racing y s\u00f3lo tuvo que mandar el cuero al fondo de la jaula. Parti\u00f3 en una posici\u00f3n muy ajustada el ex del City.<\/p>\n<p>\t\t\t\t\t&#13;<\/p>\n<p>\t\t\t\t&#13;<br \/>\n\t\t\t\t\t<a>&#13;<br \/>\n\t\t\t\t\t\t22:38&#13;<br \/>\n\t\t\t\t\t<\/a>&#13;<\/p>\n<p><b>Min 64<\/b><\/p>\n<p>\t\t\t\t\t\u00a1Mantilla\u2026 y larguero!<\/p>\n<p>Vaya jugad\u00f3n de Lamine Yamal, que termin\u00f3 centrando a Ferran Torres. El valenciano iba a poder rematar a placer, pero apareci\u00f3 volando Mantilla para despejar a c\u00f3rner. Lamine Yamal busc\u00f3 el gol ol\u00edmpico\u2026 pero el bal\u00f3n lo repeli\u00f3 el travesa\u00f1o.<\/p>\n<p>\t\t\t\t\t&#13;<\/p>\n<p>\t\t\t\t&#13;<br \/>\n\t\t\t\t\t<a>&#13;<br \/>\n\t\t\t\t\t\t22:36&#13;<br \/>\n\t\t\t\t\t<\/a>&#13;<\/p>\n<p><b>Min 63<\/b><\/p>\n<p>\t\t\t\t\tCu\u00e1nto va el Racing vs Bar\u00e7a<\/p>\n<p>Ya hemos superado la hora de juego y s\u00f3lo queda media horita por delante. El Racing y el Barcelona siguen empatando 0-0 y de quedar as\u00ed nos ir\u00edamos a la pr\u00f3rroga.<\/p>\n<p>\t\t\t\t\t&#13;<\/p>\n<p>\t\t\t\t&#13;<br \/>\n\t\t\t\t\t<a>&#13;<br \/>\n\t\t\t\t\t\t22:33&#13;<br \/>\n\t\t\t\t\t<\/a>&#13;<\/p>\n<p><b>Min 60<\/b><\/p>\n<p>\t\t\t\t\tM\u00e1s cambios<\/p>\n<p>Ahora llega un doble cambio en el Racing de Santander. Aldasoro y Guliashvili y entran Dami\u00e1n y Sangalli.<\/p>\n<p>\t\t\t\t\t&#13;<\/p>\n<p>\t\t\t\t&#13;<br \/>\n\t\t\t\t\t<a>&#13;<br \/>\n\t\t\t\t\t\t22:31&#13;<br \/>\n\t\t\t\t\t<\/a>&#13;<\/p>\n<p><b>Min 58<\/b><\/p>\n<p>\t\t\t\t\tCambio en el Barcelona<\/p>\n<p>Hansi Flick mueve ficha y mete a Ferm\u00edn L\u00f3pez para que ocupe el puesto de Marc Bernal.<\/p>\n<p>\t\t\t\t\t&#13;<\/p>\n<p>\t\t\t\t&#13;<br \/>\n\t\t\t\t\t<a>&#13;<br \/>\n\t\t\t\t\t\t22:29&#13;<br \/>\n\t\t\t\t\t<\/a>&#13;<\/p>\n<p><b>Min 56<\/b><\/p>\n<p>\t\t\t\t\tInsiste el Barcelona<\/p>\n<p>Este arranque del segundo tiempo ha sido completamente para un Barcelona que est\u00e1 buscando abrir la lata lo antes posible.<\/p>\n<p>\t\t\t\t\t&#13;<\/p>\n<p>\t\t\t\t&#13;<br \/>\n\t\t\t\t\t<a>&#13;<br \/>\n\t\t\t\t\t\t22:26&#13;<br \/>\n\t\t\t\t\t<\/a>&#13;<\/p>\n<p><b>Min 53<\/b><\/p>\n<p>\t\t\t\t\t\u00a1Lo intent\u00f3 Rashford!<\/p>\n<p>Hubo c\u00f3rner a favor del Bar\u00e7a y el cuero acab\u00f3 en la frontal, donde Rashford se sac\u00f3 un derechazo que se march\u00f3 lamiendo el poste.<\/p>\n<p>\t\t\t\t\t&#13;<\/p>\n<p>\t\t\t\t&#13;<br \/>\n\t\t\t\t\t<a>&#13;<br \/>\n\t\t\t\t\t\t22:24&#13;<br \/>\n\t\t\t\t\t<\/a>&#13;<\/p>\n<p><b>Min 51<\/b><\/p>\n<p>\t\t\t\t\t\u00a1Otra vez Ezkieta!<\/p>\n<p>El guardameta local ha vuelto a aparecer para repeler ahora otro disparo de Lamine Yamal. Aprieta, y mucho el Barcelona, en este inicio del segundo tiempo.<\/p>\n<p>\t\t\t\t\t&#13;<\/p>\n<p>\t\t\t\t&#13;<br \/>\n\t\t\t\t\t<a>&#13;<br \/>\n\t\t\t\t\t\t22:22&#13;<br \/>\n\t\t\t\t\t<\/a>&#13;<\/p>\n<p><b>Min 49<\/b><\/p>\n<p>\t\t\t\t\t\u00a1Parad\u00f3n de Ezkieta!<\/p>\n<p>Vaya mano le acaba de meter el guardameta del Racing de Santander a Rashford, que desaprovech\u00f3 la mejor oportunidad del partido hasta ahora. El c\u00f3rner lo sac\u00f3 Lamine Yamal y Gueye despej\u00f3 con un testarazo.<\/p>\n<p>\t\t\t\t\t&#13;<\/p>\n<p>\t\t\t\t&#13;<br \/>\n\t\t\t\t\t<a>&#13;<br \/>\n\t\t\t\t\t\t22:20&#13;<br \/>\n\t\t\t\t\t<\/a>&#13;<\/p>\n<p><b>Min 47<\/b><\/p>\n<p>\t\t\t\t\t\u00a1Rozando el palo!<\/p>\n<p>Disparo de Lamine Yamal desde la medialuna del \u00e1rea, pero el bal\u00f3n lo desvi\u00f3 ligeramente un defensor del Racing. En el c\u00f3rner no generaron gran peligro los de Hansi Flick.<\/p>\n<p>\t\t\t\t\t&#13;<\/p>\n<p>\t\t\t\t&#13;<br \/>\n\t\t\t\t\t<a>&#13;<br \/>\n\t\t\t\t\t\t22:18&#13;<br \/>\n\t\t\t\t\t<\/a>&#13;<\/p>\n<p>\t\t\t\t\t\u00a1Comienza el segundo tiempo!<\/p>\n<p>Otra vez en juego el partido en El Sardinero. \u00a1Sac\u00f3 de centro el Barcelona! Hubo un cambio en el Racing, entrando Lozano por Arana.<\/p>\n<p>\t\t\t\t\t&#13;<\/p>\n<p>\t\t\t\t&#13;<br \/>\n\t\t\t\t\t<a>&#13;<br \/>\n\t\t\t\t\t\t22:09&#13;<br \/>\n\t\t\t\t\t<\/a>&#13;<\/p>\n<p>\t\t\t\t\tCronolog\u00eda del Racing \u2013 Barcelona<\/p>\n<p>El Barcelona ha dominado en este primer tiempo, pero tampoco han conseguido generar grandes ocasiones de gol y es por ello que el choque sigue 0-0 y lo \u00fanico rese\u00f1able fue la amarilla a Mario Garc\u00eda en el minuto 29.<\/p>\n<p>\t\t\t\t\t&#13;<\/p>\n<p>\t\t\t\t&#13;<br \/>\n\t\t\t\t\t<a>&#13;<br \/>\n\t\t\t\t\t\t22:04&#13;<br \/>\n\t\t\t\t\t<\/a>&#13;<\/p>\n<p>\t\t\t\t\t\u00bfNervios en El Sardinero?<\/p>\n<p>Estamos en el descanso y el partido sigue 0-0 en Santander. Por delante quedan 45 minutos en los que el Barcelona tratar\u00e1 de llevarse el triunfo para no llevarse una sorpresa como le pas\u00f3 ayer al Real Madrid.<\/p>\n<p>\t\t\t\t\t&#13;<\/p>\n<p>\t\t\t\t&#13;<br \/>\n\t\t\t\t\t<a>&#13;<br \/>\n\t\t\t\t\t\t22:02&#13;<br \/>\n\t\t\t\t\t<\/a>&#13;<\/p>\n<p>\t\t\t\t\t\u00a1Descanso!<\/p>\n<p>Termina el primer tiempo en El Sardinero y lo hizo con una ocasi\u00f3n del Racing, pero el testarazo de Arana acab\u00f3 siendo anulado por fuera de juego.<\/p>\n<p>\t\t\t\t\t&#13;<\/p>\n<p>\t\t\t\t&#13;<br \/>\n\t\t\t\t\t<a>&#13;<br \/>\n\t\t\t\t\t\t22:01&#13;<br \/>\n\t\t\t\t\t<\/a>&#13;<\/p>\n<p><b>Min 45<\/b><\/p>\n<p>\t\t\t\t\t\u00a1Tiempo a\u00f1adido!<\/p>\n<p>El cuarto \u00e1rbitro muestra el cartel\u00f3n para se\u00f1alar que se jugar\u00e1 un minuto m\u00e1s en este primer tiempo.<\/p>\n<p>\t\t\t\t\t&#13;<\/p>\n<p>\t\t\t\t&#13;<br \/>\n\t\t\t\t\t<a>&#13;<br \/>\n\t\t\t\t\t\t21:59&#13;<br \/>\n\t\t\t\t\t<\/a>&#13;<\/p>\n<p><b>Min 44<\/b><\/p>\n<p>\t\t\t\t\tDisparo de Rashford<\/p>\n<p>Llegada del Barcelona que se sald\u00f3 con un disparo de Rashford que atrap\u00f3 el guardameta del Racing, aunque se llev\u00f3 un golpe de un compa\u00f1ero y ha necesitado que entren a atenderle.<\/p>\n<p>\t\t\t\t\t&#13;<\/p>\n<p>\t\t\t\t&#13;<br \/>\n\t\t\t\t\t<a>&#13;<br \/>\n\t\t\t\t\t\t21:56&#13;<br \/>\n\t\t\t\t\t<\/a>&#13;<\/p>\n<p><b>Min 41<\/b><\/p>\n<p>\t\t\t\t\tRecta final<\/p>\n<p>Entramos en los \u00faltimos minutos del primer tiempo y el marcador de El Sardinero sigue se\u00f1alando el 0-0 en el luminoso.<\/p>\n<p>\t\t\t\t\t&#13;<\/p>\n<p>\t\t\t\t&#13;<br \/>\n\t\t\t\t\t<a>&#13;<br \/>\n\t\t\t\t\t\t21:53&#13;<br \/>\n\t\t\t\t\t<\/a>&#13;<\/p>\n<p><b>Min 37<\/b><\/p>\n<p>\t\t\t\t\t\u00a1Casi mete el Barcelona!<\/p>\n<p>Vaya movimiento de Lamine Yamal, que se la dio a un Marc Bernal que se la jug\u00f3 con un disparo desde la frontal del \u00e1rea, pero su zurdazo se march\u00f3 fuera.<\/p>\n<p>\t\t\t\t\t&#13;<\/p>\n<p>\t\t\t\t&#13;<br \/>\n\t\t\t\t\t<a>&#13;<br \/>\n\t\t\t\t\t\t21:51&#13;<br \/>\n\t\t\t\t\t<\/a>&#13;<\/p>\n<p><b>Min 36<\/b><\/p>\n<p>\t\t\t\t\tResiste el Racing<\/p>\n<p>El Barcelona domina el bal\u00f3n, pero la defensa del Racing est\u00e1 muy bien cortando y achicando cada bal\u00f3n que va a su \u00e1rea.<\/p>\n<p>\t\t\t\t\t&#13;<\/p>\n<p>\t\t\t\t&#13;<br \/>\n\t\t\t\t\t<a>&#13;<br \/>\n\t\t\t\t\t\t21:48&#13;<br \/>\n\t\t\t\t\t<\/a>&#13;<\/p>\n<p><b>Min 33<\/b><\/p>\n<p>\t\t\t\t\t\u00a1Muy arriba!<\/p>\n<p>Falta lateral muy peligrosa a favor del Barcelona. Estaban Lamine Yamal y Rashford y finalmente fue el canterano, que intent\u00f3 sorprender con un disparo directo que se march\u00f3 por encima del larguero.<\/p>\n<p>\t\t\t\t\t&#13;<\/p>\n<p>\t\t\t\t&#13;<br \/>\n\t\t\t\t\t<a>&#13;<br \/>\n\t\t\t\t\t\t21:46&#13;<br \/>\n\t\t\t\t\t<\/a>&#13;<\/p>\n<p><b>Min 31<\/b><\/p>\n<p>\t\t\t\t\tSin problemas para el Racing<\/p>\n<p>Otro c\u00f3rner para el Barcelona. Lamine Yamal lo sac\u00f3 en corto y tras varios rechaces acab\u00f3 despejando la zaga del Racing de Santander.<\/p>\n<p>\t\t\t\t\t&#13;<\/p>\n<p>\t\t\t\t&#13;<br \/>\n\t\t\t\t\t<a>&#13;<br \/>\n\t\t\t\t\t\t21:44&#13;<br \/>\n\t\t\t\t\t<\/a>&#13;<\/p>\n<p><b>Min 29<\/b><\/p>\n<p>\t\t\t\t\tAmarilla<\/p>\n<p>Primera cartulina amarilla del encuentro. Es para Mario Garc\u00eda por una falta sobre Lamine Yamal.<\/p>\n<p>\t\t\t\t\t&#13;<\/p>\n<p>\t\t\t\t&#13;<br \/>\n\t\t\t\t\t<a>&#13;<br \/>\n\t\t\t\t\t\t21:41&#13;<br \/>\n\t\t\t\t\t<\/a>&#13;<\/p>\n<p><b>Min 25<\/b><\/p>\n<p>\t\t\t\t\tC\u00f3mo va el Racing \u2013 Barcelona<\/p>\n<p>Siguen pasando los minutos en El Sardinero y el Racing y el Barcelona siguen 0-0 en el marcador.<\/p>\n<p>\t\t\t\t\t&#13;<\/p>\n<p>\t\t\t\t&#13;<br \/>\n\t\t\t\t\t<a>&#13;<br \/>\n\t\t\t\t\t\t21:37&#13;<br \/>\n\t\t\t\t\t<\/a>&#13;<\/p>\n<p><b>Min 21<\/b><\/p>\n<p>\t\t\t\t\tContragolpe del Racing<\/p>\n<p>Nuevo c\u00f3rner para el Barcelona. Lo sac\u00f3 Rashford y un futbolista del Racing despej\u00f3 en el primer palo. Inici\u00f3 un contragolpe el cuadro local, pero el disparo final de Guliashvili fue muy centrado y lo detuvo Joan Garc\u00eda.<\/p>\n<p>\t\t\t\t\t&#13;<\/p>\n<p>\t\t\t\t&#13;<br \/>\n\t\t\t\t\t<a>&#13;<br \/>\n\t\t\t\t\t\t21:33&#13;<br \/>\n\t\t\t\t\t<\/a>&#13;<\/p>\n<p><b>Min 18<\/b><\/p>\n<p>\t\t\t\t\t\u00a1Joan Garc\u00eda!<\/p>\n<p>Centro del Racing que despeja Joan Garc\u00eda de pu\u00f1os. Gueye se queja de un golpe y parece que reclama penalti, peor lo que se se\u00f1al\u00f3 fue fuera de juego.<\/p>\n<p>\t\t\t\t\t&#13;<\/p>\n<p>\t\t\t\t&#13;<br \/>\n\t\t\t\t\t<a>&#13;<br \/>\n\t\t\t\t\t\t21:30&#13;<br \/>\n\t\t\t\t\t<\/a>&#13;<\/p>\n<p><b>Min 14<\/b><\/p>\n<p>\t\t\t\t\tMal centro<\/p>\n<p>Llegada del Barcelona por la banda derecha y el centro de Jules Kound\u00e9 fue p\u00e9simo. Sacar\u00e1 de centro el Racing.<\/p>\n<p>\t\t\t\t\t&#13;<\/p>\n<p>\t\t\t\t&#13;<br \/>\n\t\t\t\t\t<a>&#13;<br \/>\n\t\t\t\t\t\t21:25&#13;<br \/>\n\t\t\t\t\t<\/a>&#13;<\/p>\n<p><b>Min 10<\/b><\/p>\n<p>\t\t\t\t\tDani Olmo<\/p>\n<p>El egarense intent\u00f3 un centro que desvi\u00f3 un defensor del Racing, pero Jokin Ezkieta estuvo atento y se hizo con el cuero. Instantes despu\u00e9s Dani Olmo no consigui\u00f3 rematar un gran centro de Marcus Rashford.<\/p>\n<p>\t\t\t\t\t&#13;<\/p>\n<p>\t\t\t\t&#13;<br \/>\n\t\t\t\t\t<a>&#13;<br \/>\n\t\t\t\t\t\t21:23&#13;<br \/>\n\t\t\t\t\t<\/a>&#13;<\/p>\n<p><b>Min 8<\/b><\/p>\n<p>\t\t\t\t\tSin generar peligro<\/p>\n<p>Tuvo el Barcelona dos saques de esquina consecutivos y sac\u00f3 ambos en corto, generando entre poco y nada de peligro.<\/p>\n<p>\t\t\t\t\t&#13;<\/p>\n<p>\t\t\t\t&#13;<br \/>\n\t\t\t\t\t<a>&#13;<br \/>\n\t\t\t\t\t\t21:21&#13;<br \/>\n\t\t\t\t\t<\/a>&#13;<\/p>\n<p><b>Min 6<\/b><\/p>\n<p>\t\t\t\t\tBloca Joan Garc\u00eda<\/p>\n<p>Falta peligrosa a favor del Racing, pero el cuero acaba en los guantes del portero del Barcelona sin grandes problemas.<\/p>\n<p>\t\t\t\t\t&#13;<\/p>\n<p>\t\t\t\t&#13;<br \/>\n\t\t\t\t\t<a>&#13;<br \/>\n\t\t\t\t\t\t21:19&#13;<br \/>\n\t\t\t\t\t<\/a>&#13;<\/p>\n<p><b>Min 4<\/b><\/p>\n<p>\t\t\t\t\tOlmo aleja el peligro<\/p>\n<p>Despej\u00f3 Dani Olmo tras el \u00faltimo c\u00f3rner que sac\u00f3 el Racing de Santander.<\/p>\n<p>\t\t\t\t\t&#13;<\/p>\n<p>\t\t\t\t&#13;<br \/>\n\t\t\t\t\t<a>&#13;<br \/>\n\t\t\t\t\t\t21:18&#13;<br \/>\n\t\t\t\t\t<\/a>&#13;<\/p>\n<p><b>Min 2<\/b><\/p>\n<p>\t\t\t\t\t\u00a1Joan Garc\u00eda!<\/p>\n<p>P\u00e9rdida del Barcelona en la salida, m\u00e1s concretamente de Gerard Mart\u00edn, y el centro de Arana se fue envenenando y Joan Garc\u00eda tuvo que despejar a c\u00f3rner. El saque de esquina lo despej\u00f3 Ferran y regal\u00f3 otro c\u00f3rner. En este segundo que tuvieron los locales\u2026 otra vez el valenciano dio otro saque de esquina.<\/p>\n<p>\t\t\t\t\t&#13;<\/p>\n<p>\t\t\t\t&#13;<br \/>\n\t\t\t\t\t<a>&#13;<br \/>\n\t\t\t\t\t\t21:16&#13;<br \/>\n\t\t\t\t\t<\/a>&#13;<\/p>\n<p>\t\t\t\t\t\u00a1Comienza el Racing \u2013 Barcelona!<\/p>\n<p>Con retraso, pero ya acaba de comenzar este partidazo de octavos de final de la Copa del Rey en El Sardinero. \u00a1Sac\u00f3 de centro el Racing!<\/p>\n<p>\t\t\t\t\t&#13;<\/p>\n<p>\t\t\t\t&#13;<br \/>\n\t\t\t\t\t<a>&#13;<br \/>\n\t\t\t\t\t\t21:12&#13;<br \/>\n\t\t\t\t\t<\/a>&#13;<\/p>\n<p>\t\t\t\t\tHay pasillo<\/p>\n<p>Los jugadores del Racing de Santander le hacen el pasillo a los del Barcelona, que ganaron hace unos d\u00edas la Supercopa de Espa\u00f1a.<\/p>\n<p>\t\t\t\t\t&#13;<\/p>\n<p>\t\t\t\t&#13;<br \/>\n\t\t\t\t\t<a>&#13;<br \/>\n\t\t\t\t\t\t21:08&#13;<br \/>\n\t\t\t\t\t<\/a>&#13;<br \/>\n\t\t\t\t\t&#13;<\/p>\n<p>\t\t\t\t&#13;<br \/>\n\t\t\t\t\t<a>&#13;<br \/>\n\t\t\t\t\t\t21:01&#13;<br \/>\n\t\t\t\t\t<\/a>&#13;<\/p>\n<p>\t\t\t\t\tSeguimos esperando<\/p>\n<p>El partido deber\u00eda haber empezado ya en El Sardinero, pero estamos esperando a que se solucione todo para que el bal\u00f3n pueda rodar en este Racing \u2013 Barcelona. As\u00ed est\u00e1 el p\u00fablico a la espera de que todo comience.<\/p>\n<blockquote class=\"instagram-media\" style=\"background: #FFF; border: 0; border-radius: 3px; box-shadow: 0 0 1px 0 rgba(0,0,0,0.5),0 1px 10px 0 rgba(0,0,0,0.15); margin: 1px; max-width: 540px; min-width: 326px; padding: 0; width: calc(100% - 2px);\" data-instgrm-captioned=\"\" data-instgrm-permalink=\"https:\/\/www.instagram.com\/p\/DTixyzwjKk4\/?utm_source=ig_embed&amp;utm_campaign=loading\" data-instgrm-version=\"14\">\n<\/blockquote>\n<p>\t\t\t\t\t&#13;<\/p>\n<p>\t\t\t\t&#13;<br \/>\n\t\t\t\t\t<a>&#13;<br \/>\n\t\t\t\t\t\t20:54&#13;<br \/>\n\t\t\t\t\t<\/a>&#13;<\/p>\n<p>\t\t\t\t\t\u00a1Retraso de 15 minutos!<\/p>\n<p>El partido entre el Racing de Santander y el Barcelona de octavos de final de la Copa del Rey se va a retrasar 15 minutos por temas de seguridad.<\/p>\n<p>\t\t\t\t\t&#13;<\/p>\n<p>\t\t\t\t&#13;<br \/>\n\t\t\t\t\t<a>&#13;<br \/>\n\t\t\t\t\t\t20:47&#13;<br \/>\n\t\t\t\t\t<\/a>&#13;<br \/>\n\t\t\t\t\t&#13;<\/p>\n<p>\t\t\t\t&#13;<br \/>\n\t\t\t\t\t<a>&#13;<br \/>\n\t\t\t\t\t\t20:40&#13;<br \/>\n\t\t\t\t\t<\/a>&#13;<\/p>\n<p>\t\t\t\t\tEl \u00e1rbitro del Racing \u2013 Barcelona<\/p>\n<p>La RFEF anunci\u00f3 que <a href=\"https:\/\/okdiario.com\/deportes\/negreiro-sanchez-martinez-arbitrara-racing-barcelona-copa-del-rey-16070663\" rel=\"nofollow noopener\" target=\"_blank\">S\u00e1nchez Mart\u00ednez<\/a> impondr\u00eda justicia en este Racing \u2013 Barcelona de la Copa del Rey. David G\u00e1lvez actuar\u00e1 en el VAR.<\/p>\n<p>\t\t\t\t\t&#13;<\/p>\n<p>\t\t\t\t&#13;<br \/>\n\t\t\t\t\t<a>&#13;<br \/>\n\t\t\t\t\t\t20:33&#13;<br \/>\n\t\t\t\t\t<\/a>&#13;<br \/>\n\t\t\t\t\t&#13;<\/p>\n<p>\t\t\t\t&#13;<br \/>\n\t\t\t\t\t<a>&#13;<br \/>\n\t\t\t\t\t\t20:26&#13;<br \/>\n\t\t\t\t\t<\/a>&#13;<\/p>\n<p>\t\t\t\t\tTer Stegen<\/p>\n<p>Hansi Flick parece haber sentenciado al guardameta alem\u00e1n, ya que hoy, en la Copa del Rey, le ha dejado en el banquillo. <a href=\"https:\/\/okdiario.com\/deportes\/flick-entierra-completo-ter-stegen-muestra-puerta-salida-del-barcelona-16081521\" rel=\"nofollow noopener\" target=\"_blank\">La situaci\u00f3n de Ter Stegen<\/a>.<\/p>\n<p>\t\t\t\t\t&#13;<\/p>\n<p>\t\t\t\t&#13;<br \/>\n\t\t\t\t\t<a>&#13;<br \/>\n\t\t\t\t\t\t20:19&#13;<br \/>\n\t\t\t\t\t<\/a>&#13;<\/p>\n<p>\t\t\t\t\tAlineaci\u00f3n del Racing de Santander<\/p>\n<p>Hay rotaciones en el cuadro c\u00e1ntabro, que mira con m\u00e1s atenci\u00f3n al partido de Las Palmas del pr\u00f3ximo fin de semana. Esta es la alineaci\u00f3n oficial del Racing contra el Barcelona hoy:<strong> Ezkieta; Mantilla, Manu Hernando, Castro, Mario Garc\u00eda; I\u00f1igo Sainz-Maza, Aldasoro, Suleiman, Maguette; Guliashvili, Arana.<\/strong><\/p>\n<p>\t\t\t\t\t&#13;<\/p>\n<p>\t\t\t\t&#13;<br \/>\n\t\t\t\t\t<a>&#13;<br \/>\n\t\t\t\t\t\t20:12&#13;<br \/>\n\t\t\t\t\t<\/a>&#13;<\/p>\n<p>\t\t\t\t\tEl Sardinero<\/p>\n<p>El estadio del Racing de Santander vuelve a recibir a un rival de la talla del Barcelona despu\u00e9s de tantos a\u00f1os alejados de la m\u00e1xima categor\u00eda del f\u00fatbol espa\u00f1ol.<\/p>\n<blockquote class=\"instagram-media\" style=\"background: #FFF; border: 0; border-radius: 3px; box-shadow: 0 0 1px 0 rgba(0,0,0,0.5),0 1px 10px 0 rgba(0,0,0,0.15); margin: 1px; max-width: 540px; min-width: 326px; padding: 0; width: calc(100% - 2px);\" data-instgrm-captioned=\"\" data-instgrm-permalink=\"https:\/\/www.instagram.com\/p\/DTij4PtDP1z\/?utm_source=ig_embed&amp;utm_campaign=loading\" data-instgrm-version=\"14\">\n<\/blockquote>\n<p>\t\t\t\t\t&#13;<\/p>\n<p>\t\t\t\t&#13;<br \/>\n\t\t\t\t\t<a>&#13;<br \/>\n\t\t\t\t\t\t20:05&#13;<br \/>\n\t\t\t\t\t<\/a>&#13;<\/p>\n<p>\t\t\t\t\tD\u00f3nde ver por TV el partido del Barcelona<\/p>\n<p>Recordamos que este apasionante partido de octavos de final de la Copa del Rey <a href=\"https:\/\/okdiario.com\/deportes\/horario-del-racing-barcelona-cuando-juega-partido-copa-del-rey-donde-ver-tv-directo-vivo-online-video-16062503\" rel=\"nofollow noopener\" target=\"_blank\">Racing \u2013 Barcelona se podr\u00e1 ver en directo por TV<\/a> por Movistar+, por lo que es un encuentro de pago. Aqu\u00ed, en OKDIARIO vamos a narrar gratis en vivo online y en streaming todo lo que ocurra en El Sardinero.<\/p>\n<p>\t\t\t\t\t&#13;<\/p>\n<p>\t\t\t\t&#13;<br \/>\n\t\t\t\t\t<a>&#13;<br \/>\n\t\t\t\t\t\t19:58&#13;<br \/>\n\t\t\t\t\t<\/a>&#13;<\/p>\n<p>\t\t\t\t\tLa convocatoria del Barcelona<\/p>\n<p>El club azulgrana anunci\u00f3 la lista de convocados para este choque de Copa del Rey frente al Racing y Hansi Flick no se guarda nada porque no quiere sorpresas y lleg\u00f3 a incluir al reci\u00e9n llegado Joao Cancelo.<a href=\"https:\/\/okdiario.com\/deportes\/flick-no-pilla-dedos-lleva-cancelo-todos-titulares-santander-16076738\" rel=\"nofollow noopener\" target=\"_blank\"> La convocatoria del Barcelona<\/a>.<\/p>\n<p>\t\t\t\t\t&#13;<\/p>\n<p>\t\t\t\t&#13;<br \/>\n\t\t\t\t\t<a>&#13;<br \/>\n\t\t\t\t\t\t19:51&#13;<br \/>\n\t\t\t\t\t<\/a>&#13;<br \/>\n\t\t\t\t\t&#13;<\/p>\n<p>\t\t\t\t&#13;<br \/>\n\t\t\t\t\t<a>&#13;<br \/>\n\t\t\t\t\t\t19:44&#13;<br \/>\n\t\t\t\t\t<\/a>&#13;<\/p>\n<p>\t\t\t\t\tA qu\u00e9 hora empieza el Racing \u2013 Barcelona<\/p>\n<p>Recordamos que la RFEF fij\u00f3 este <a href=\"https:\/\/okdiario.com\/deportes\/horario-del-racing-barcelona-cuando-juega-partido-copa-del-rey-donde-ver-tv-directo-vivo-online-video-16062503\" rel=\"nofollow noopener\" target=\"_blank\">Racing- Barcelona en el horario<\/a> de las 21:00 horas (horario peninsular), por lo que queda algo m\u00e1s de una horita para que arranque este partidazo en El Sardinero.<\/p>\n<p>\t\t\t\t\t&#13;<\/p>\n<p>\t\t\t\t&#13;<br \/>\n\t\t\t\t\t<a>&#13;<br \/>\n\t\t\t\t\t\t19:37&#13;<br \/>\n\t\t\t\t\t<\/a>&#13;<\/p>\n<p>\t\t\t\t\tHansi Flick<\/p>\n<p>El t\u00e9cnico alem\u00e1n del Barcelona compareci\u00f3 en rueda de prensa previa a este partido de Copa del Rey y tuvo unas palabras para Xabi Alonso tras su destituci\u00f3n. <a href=\"https:\/\/okdiario.com\/deportes\/flick-sobre-destitucion-xabi-alonso-entrenador-fantastico-tendra-gran-proyecto-pronto-16069524\" rel=\"nofollow noopener\" target=\"_blank\">Las declaraciones de Hansi Flick<\/a>.<\/p>\n<p>\t\t\t\t\t&#13;<\/p>\n<p>\t\t\t\t&#13;<br \/>\n\t\t\t\t\t<a>&#13;<br \/>\n\t\t\t\t\t\t19:30&#13;<br \/>\n\t\t\t\t\t<\/a>&#13;<\/p>\n<p>\t\t\t\t\tTodo preparado<\/p>\n<p>Falta apenas una horita para que arranque este partidazo en El Sardinero y todo est\u00e1 listo, aunque en breves momentos nos tocar\u00e1 conocer las alineaciones del Racing de Santander y del Barcelona.<\/p>\n<p>\t\t\t\t\t&#13;<\/p>\n<p>        <script async src=\"\/\/www.instagram.com\/embed.js\"><\/script><\/p>\n","protected":false},"excerpt":{"rendered":"El Barcelona se enfrenta al Racing de Santander en este partido de octavos de final de la Copa&hellip;\n","protected":false},"author":2,"featured_media":343423,"comment_status":"","ping_status":"","sticky":false,"template":"","format":"standard","meta":{"footnotes":""},"categories":[268],"tags":[168,25,24,280,282,281,23,167],"class_list":{"0":"post-343422","1":"post","2":"type-post","3":"status-publish","4":"format-standard","5":"has-post-thumbnail","7":"category-futbol","8":"tag-deportes","9":"tag-es","10":"tag-espana","11":"tag-football","12":"tag-futbol","13":"tag-soccer","14":"tag-spain","15":"tag-sports"},"share_on_mastodon":{"url":"https:\/\/pubeurope.com\/@es\/115903038969787836","error":""},"_links":{"self":[{"href":"https:\/\/www.europesays.com\/es\/wp-json\/wp\/v2\/posts\/343422","targetHints":{"allow":["GET"]}}],"collection":[{"href":"https:\/\/www.europesays.com\/es\/wp-json\/wp\/v2\/posts"}],"about":[{"href":"https:\/\/www.europesays.com\/es\/wp-json\/wp\/v2\/types\/post"}],"author":[{"embeddable":true,"href":"https:\/\/www.europesays.com\/es\/wp-json\/wp\/v2\/users\/2"}],"replies":[{"embeddable":true,"href":"https:\/\/www.europesays.com\/es\/wp-json\/wp\/v2\/comments?post=343422"}],"version-history":[{"count":0,"href":"https:\/\/www.europesays.com\/es\/wp-json\/wp\/v2\/posts\/343422\/revisions"}],"wp:featuredmedia":[{"embeddable":true,"href":"https:\/\/www.europesays.com\/es\/wp-json\/wp\/v2\/media\/343423"}],"wp:attachment":[{"href":"https:\/\/www.europesays.com\/es\/wp-json\/wp\/v2\/media?parent=343422"}],"wp:term":[{"taxonomy":"category","embeddable":true,"href":"https:\/\/www.europesays.com\/es\/wp-json\/wp\/v2\/categories?post=343422"},{"taxonomy":"post_tag","embeddable":true,"href":"https:\/\/www.europesays.com\/es\/wp-json\/wp\/v2\/tags?post=343422"}],"curies":[{"name":"wp","href":"https:\/\/api.w.org\/{rel}","templated":true}]}}