{"id":343424,"date":"2026-01-16T05:06:11","date_gmt":"2026-01-16T05:06:11","guid":{"rendered":"https:\/\/www.europesays.com\/es\/343424\/"},"modified":"2026-01-16T05:06:11","modified_gmt":"2026-01-16T05:06:11","slug":"la-familia-de-gisele-bundchen-alerta-sobre-las-malas-intenciones-de-su-nuevo-marido","status":"publish","type":"post","link":"https:\/\/www.europesays.com\/es\/343424\/","title":{"rendered":"La familia de Gisele B\u00fcndchen alerta sobre las malas intenciones de su nuevo marido"},"content":{"rendered":"<p><a title=\"Gisele B\u00fcndchen\" href=\"https:\/\/www.larazon.es\/lifestyle\/belleza\/impresionante-cambio-look-gisele-bundchen-ideal-mujeres-mas-50_2024100567015ff1077ed10001e27e37.html\" target=\"_blank\" rel=\"nofollow noopener\">Gisele B\u00fcndchen<\/a> est\u00e1 viviendo un aut\u00e9ntico cuento de hadas junto a su amado, Joaqu\u00edm Valente. Pero en todo cuento de pr\u00edncipes y princesas hay amenazas, ya sean lobos, brujas o villanos. En su caso, el problema llega por parte de la familia de la modelo brasile\u00f1a, que parece no ver con buenos ojos el hecho de que <a title=\"se haya casado con el profesor de artes marciales en secreto y sin rendir cuentas con nadie\" href=\"https:\/\/www.larazon.es\/gente\/celebrities\/gisele-bundchen-casa-joaquim-valente-secreto-todos-detalles-enlace_20251220694692ffaf09df50108ebc7a.html\" target=\"_blank\" rel=\"nofollow noopener\">se haya casado con el profesor de artes marciales en secreto y sin rendir cuentas con nadie<\/a>. En su entorno han comenzado a resonar las alarmas y ya hay quien muestra su desconfianza hacia el joven que ha enamorado a la veterana maniqu\u00ed. Creen que su fortuna est\u00e1 en serio peligro. <\/p>\n<p><b>La pareja est\u00e1 a punto de celebrar el primer cumplea\u00f1os de su hijo en com\u00fan<\/b>. El peque\u00f1o naci\u00f3 el pasado mes de febrero y en menos de un mes cumple su primer a\u00f1o de vida. La modelo y el entrenador de jiu-jitsu no se conformaron con crear una familia juntos, en la que ella aporta dos hijos fruto de su anterior matrimonio. Tambi\u00e9n entendieron necesario unir sus caminos mediante el correspondiente <b>\u2018s\u00ed, quiero\u2019, pronunciando sus votos e intercambiando alianzas en la m\u00e1s estricta intimidad<\/b>. <\/p>\n<p>De la boda secreta a la oposici\u00f3n familiar<\/p>\n<p>Tan en secreto lo hicieron este pasado 3 de diciembre en su casa de Surfside, Florida, que <b>ni su familia ten\u00eda conocimiento de sus planes. Tan solo los m\u00e1s \u00edntimos eran testigos<\/b> y fueron muchos los cercanos que no recibieron su invitaci\u00f3n. Ahora alguno se lleva las manos a la cabeza y advierte del error que la modelo podr\u00eda haber cometido. Est\u00e1n preocupados, como as\u00ed mantienen desde el portal estadounidense \u2018Page Six\u2019, <b>centrando su desasosiego m\u00e1s en el aspecto econ\u00f3mico y legal del matrimonio<\/b>, que por la parte sentimental. Saben que si no triunfa el amor el coraz\u00f3n se repone, pero temen m\u00e1s c\u00f3mo afectar\u00eda a su fortuna.<\/p>\n<p><img decoding=\"async\" loading=\"lazy\" src=\"https:\/\/www.europesays.com\/es\/wp-content\/uploads\/2026\/01\/gisele-bundchen_58.jpg\" alt=\"Gisele B\u00fcndchen \" width=\"1920\" height=\"1519\"\/><b>Gisele B\u00fcndchen <\/b>Gtres<\/p>\n<p>Tal y como apuntan desde la citada publicaci\u00f3n, desde el entorno m\u00e1s cercano a Gisele B\u00fcndchen les trasladan su inquietud. <b>Hablan de la posibilidad de que la modelo brasile\u00f1a no haya tenido la precauci\u00f3n de blindar su patrimonio a la hora de contraer matrimonio con su novio<\/b>. Subrayan la idea de que la diferencia de estatus y solvencia econ\u00f3mica de los c\u00f3nyuges es muy dispar, lo que podr\u00eda acarrear problemas en un futuro. <\/p>\n<p><b>\u201cSu familia le advirti\u00f3 de que casarse con un hombre sin dinero cuando ella tiene millones es un error\u201d<\/b>, mantienen desde su c\u00edrculo m\u00e1s \u00edntimo. \u201cSu familia le dijo que simplemente viviera con \u00e9l. Pero entre la presi\u00f3n de Valente y su tradicionalismo, pens\u00f3 que ya que ten\u00edan un hijo, lo mejor era casarse\u201d, a\u00f1aden c\u00f3mo Gisele B\u00fcndchen no ha meditado mucho su paso por el altar, siguiendo tan solo los designios de su coraz\u00f3n y sin pensar en su fortuna. Una que, seg\u00fan el citado medio estadounidense, estar\u00eda <b>valorada en 400 millones de d\u00f3lares<\/b>. Hubo acuerdo prenupcial, pero dicen que \u201cno es del todo seguro, porque tiene algunas lagunas que significan que si se divorcian habr\u00e1 un acuerdo financiero para \u00e9l\u201d. <\/p>\n","protected":false},"excerpt":{"rendered":"Gisele B\u00fcndchen est\u00e1 viviendo un aut\u00e9ntico cuento de hadas junto a su amado, Joaqu\u00edm Valente. Pero en todo&hellip;\n","protected":false},"author":2,"featured_media":343425,"comment_status":"","ping_status":"","sticky":false,"template":"","format":"standard","meta":{"footnotes":""},"categories":[174],"tags":[255,146,147,25,24,256,23],"class_list":{"0":"post-343424","1":"post","2":"type-post","3":"status-publish","4":"format-standard","5":"has-post-thumbnail","7":"category-famosos","8":"tag-celebrities","9":"tag-entertainment","10":"tag-entretenimiento","11":"tag-es","12":"tag-espana","13":"tag-famosos","14":"tag-spain"},"share_on_mastodon":{"url":"https:\/\/pubeurope.com\/@es\/115903042892974431","error":""},"_links":{"self":[{"href":"https:\/\/www.europesays.com\/es\/wp-json\/wp\/v2\/posts\/343424","targetHints":{"allow":["GET"]}}],"collection":[{"href":"https:\/\/www.europesays.com\/es\/wp-json\/wp\/v2\/posts"}],"about":[{"href":"https:\/\/www.europesays.com\/es\/wp-json\/wp\/v2\/types\/post"}],"author":[{"embeddable":true,"href":"https:\/\/www.europesays.com\/es\/wp-json\/wp\/v2\/users\/2"}],"replies":[{"embeddable":true,"href":"https:\/\/www.europesays.com\/es\/wp-json\/wp\/v2\/comments?post=343424"}],"version-history":[{"count":0,"href":"https:\/\/www.europesays.com\/es\/wp-json\/wp\/v2\/posts\/343424\/revisions"}],"wp:featuredmedia":[{"embeddable":true,"href":"https:\/\/www.europesays.com\/es\/wp-json\/wp\/v2\/media\/343425"}],"wp:attachment":[{"href":"https:\/\/www.europesays.com\/es\/wp-json\/wp\/v2\/media?parent=343424"}],"wp:term":[{"taxonomy":"category","embeddable":true,"href":"https:\/\/www.europesays.com\/es\/wp-json\/wp\/v2\/categories?post=343424"},{"taxonomy":"post_tag","embeddable":true,"href":"https:\/\/www.europesays.com\/es\/wp-json\/wp\/v2\/tags?post=343424"}],"curies":[{"name":"wp","href":"https:\/\/api.w.org\/{rel}","templated":true}]}}