{"id":343438,"date":"2026-01-16T05:17:09","date_gmt":"2026-01-16T05:17:09","guid":{"rendered":"https:\/\/www.europesays.com\/es\/343438\/"},"modified":"2026-01-16T05:17:09","modified_gmt":"2026-01-16T05:17:09","slug":"rusia-castiga-a-millones-de-ucranios-a-vivir-sin-luz-ni-agua-en-el-invierno-mas-gelido-de-la-guerra-internacional","status":"publish","type":"post","link":"https:\/\/www.europesays.com\/es\/343438\/","title":{"rendered":"Rusia castiga a millones de ucranios a vivir sin luz ni agua en el invierno m\u00e1s g\u00e9lido de la guerra | Internacional"},"content":{"rendered":"<p class=\"\">\u201cHe intentado aguantar, pero esto es demasiado deprimente\u201d, dice Alina Sorochka, una mujer ucrania de la provincia de Kiev. El lunes tuvo en su casa tan solo cuatro horas de luz. Desde noviembre sufre apagones diarios similares, pero el term\u00f3metro marc\u00f3 aquella noche -22 \u00b0C. De d\u00eda, la temperatura media esta semana es de -12 \u00b0C. Sorochka <a href=\"https:\/\/elpais.com\/internacional\/2025-12-15\/ucrania-batalla-para-mantener-su-economia-con-vida.html\" target=\"_self\" rel=\"nofollow noopener\" title=\"https:\/\/elpais.com\/internacional\/2025-12-15\/ucrania-batalla-para-mantener-su-economia-con-vida.html\">volvi\u00f3 a su pa\u00eds tras tres a\u00f1os residiendo en el Levante espa\u00f1ol<\/a>. Quer\u00eda permanecer en Ucrania hasta marzo, para cuidar de sus padres. Pero este enero volver\u00e1 a hacer las maletas con sus hijas de 6 y 11 a\u00f1os: \u201cLas ni\u00f1as me piden constantemente que marchemos, por las explosiones, por el fr\u00edo\u201d. La campa\u00f1a rusa de bombardeos contra el sistema energ\u00e9tico hace de su vida un suplicio.<\/p>\n<p class=\"\">Volod\u00edmir Zelenski, presidente de Ucrania, avis\u00f3 a la poblaci\u00f3n el pasado noviembre de que este pod\u00eda ser \u201cun invierno extremadamente dif\u00edcil\u201d. No le faltaba raz\u00f3n. Los misiles y los drones rusos han dejado este enero a millones de personas sin luz, ni agua caliente, ni calefacci\u00f3n, sobre todo en <a href=\"https:\/\/elpais.com\/internacional\/2025-12-23\/los-bombardeos-rusos-se-ceban-con-odesa-para-interrumpir-el-comercio-maritimo-de-ucrania.html\" target=\"_self\" rel=\"nofollow noopener\" title=\"https:\/\/elpais.com\/internacional\/2025-12-23\/los-bombardeos-rusos-se-ceban-con-odesa-para-interrumpir-el-comercio-maritimo-de-ucrania.html\">las ciudades densamente pobladas como Kiev, Dnipr\u00f3, Odesa, Zaporiyia y Krivi Rih<\/a>. <\/p>\n<p class=\"\">El momento es tan dif\u00edcil en Kiev que su alcalde, Vitali Klitschko, insiste en que quien pueda abandonar la ciudad durante los meses que fr\u00edo, que lo haga. Pero no todo el mundo tiene una alternativa en lugares m\u00e1s seguros, o la opci\u00f3n de salir de Ucrania como Sorochka<a href=\"https:\/\/elpais.com\/internacional\/2025-12-22\/europa-presiona-a-ucrania-para-que-contenga-el-exodo-de-jovenes-hacia-los-paises-vecinos.html\" target=\"_self\" rel=\"nofollow noopener\" title=\"https:\/\/elpais.com\/internacional\/2025-12-22\/europa-presiona-a-ucrania-para-que-contenga-el-exodo-de-jovenes-hacia-los-paises-vecinos.html\"> y otros 6 millones de ucranios que se han desplazado a Europa<\/a>. Ella tiene familia en Espa\u00f1a y le espera un empleo en el sector tur\u00edstico a partir de la Semana Santa. Svitlana Melnikova no tiene recursos para emigrar, tambi\u00e9n tiene un marido al que no quiere dejar solo en Brovar\u00ed, su ciudad, colindante con Kiev. Los adultos en edad de servicio militar no pueden cruzar la frontera.<\/p>\n<p><img decoding=\"auto\" class=\"_re lazyload a_m-h\" height=\"276\"  width=\"414\"  src=\"https:\/\/www.europesays.com\/es\/wp-content\/uploads\/2026\/01\/YQ3XBLS7AFE33KMAIUVRZHGLGQ.jpg\" loading=\"lazy\"\/>Svitlana Melnikova junto a su hija y madre, el 12 de enero en un tren de emergencias de Brovar\u00ed, Ucrania.Cristian Segura<\/p>\n<p class=\"\">Melnikova pasaba el lunes junto a su hija de 2 a\u00f1os y la abuela en un compartimiento de unos vagones de socorro que la empresa estatal de ferrocarriles, Ukrzaliznytsia, ha fletado en varias de sus estaciones de la provincia de Kiev. Estos vagones sirven para que la poblaci\u00f3n pueda tener electricidad, cargar sus aparatos electr\u00f3nicos, beber y comer caliente <a href=\"https:\/\/elpais.com\/noticias\/world-central-kitchen\/\" target=\"_self\" rel=\"nofollow noopener\" title=\"https:\/\/elpais.com\/noticias\/world-central-kitchen\/\">(gracias a la ONG World Central Kitchen del chef espa\u00f1ol Jos\u00e9 Andr\u00e9s)<\/a> e incluso dormir.<\/p>\n<p class=\"\">\u201cPara la ni\u00f1a es mejor estar en el tren, en casa es demasiado duro porque no hay luz y no tenemos agua caliente, la cisterna sin electricidad no funciona\u201d, explica Melnikova. Las cuatro \u00faltimas noches ha habido bombardeos rusos y Miroslava, la hija, empieza a entender que la situaci\u00f3n no es normal. \u201cCuando suenan las alarmas antia\u00e9reas le digo que es m\u00fasica, pero luego vienen las explosiones\u201d, cuenta con l\u00e1grimas en los ojos.<\/p>\n<p class=\"\">\u201cEste invierno estamos bien jodidos, pero yo seguir\u00e9 aqu\u00ed\u201d, afirma Katerina, otra mujer que aprovecha para almorzar en el tren. Es empleada en un supermercado y su marido es soldado de infanter\u00eda desde el inicio de la guerra. \u201cNo voy a dejarlo aqu\u00ed solo\u201d, a\u00f1ade esta mujer de 36 a\u00f1os. \u201c\u00bfNo me pregunta por la guerra?\u201d, a\u00f1ade, \u201cle dir\u00e9 qu\u00e9 opino de la guerra, que tambi\u00e9n estamos bien jodidos\u201d.<\/p>\n<p class=\"\">Por los pasillos de los vagones corretean ni\u00f1os que han salido de la escuela y que juegan all\u00ed en vez de quedarse en casa a oscuras (el sol se pone antes de la cinco de la tarde). \u201cSolemos brindar por una mejor vida cuando empieza un nuevo a\u00f1o, pero ya me falta el \u00e1nimo\u201d, dice Melnikova. Su deseo <a href=\"https:\/\/elpais.com\/internacional\/2025-09-21\/los-ucranios-que-se-niegan-a-ir-a-morir-al-frente.html\" target=\"_self\" rel=\"nofollow noopener\" title=\"https:\/\/elpais.com\/internacional\/2025-09-21\/los-ucranios-que-se-niegan-a-ir-a-morir-al-frente.html\">para 2026 es que su marido no sea llamado a filas en el ej\u00e9rcito<\/a>.<\/p>\n<p><img decoding=\"auto\" class=\"_re lazyload a_m-h\" height=\"276\"  width=\"414\"  src=\"https:\/\/www.europesays.com\/es\/wp-content\/uploads\/2026\/01\/ZNCOMLTIZVA3RFMEBURG4SQPOY.JPG\" loading=\"lazy\"\/>Tienda de emergencias para combatir el fr\u00edo y falta de luz, el 12 de enero en Brovar\u00ed.Cristian Segura<\/p>\n<p class=\"\">El Servicio de Emergencias de Ucrania est\u00e1 desplegando miles de tiendas de campa\u00f1a de primeros auxilios energ\u00e9ticos por todo el pa\u00eds. Una de estas se ubica ante el estadio municipal de Brovar\u00ed. Dentro pasa las horas la familia Kisilichin. La esposa de Mijailo, que no quiere facilitar su nombre, trabaja con su ordenador, abrigada de pies a cabeza. Sobre la mesa tienen un calentador de agua, t\u00e9 y galletas. Los Kisilichin son de Bajmut. Ella era funcionaria municipal y huy\u00f3 junto a sus dos hijos<a href=\"https:\/\/elpais.com\/internacional\/2022-12-23\/bajmut-la-ciudad-fortaleza-que-resiste-a-la-batalla-mas-sangrienta-de-la-guerra-de-rusia-en-ucrania.html\" target=\"_self\" rel=\"nofollow noopener\" title=\"https:\/\/elpais.com\/internacional\/2022-12-23\/bajmut-la-ciudad-fortaleza-que-resiste-a-la-batalla-mas-sangrienta-de-la-guerra-de-rusia-en-ucrania.html\"> de esta ciudad de Donb\u00e1s en 2022, cuando estall\u00f3 la invasi\u00f3n rusa<\/a>. El marido esper\u00f3 hasta la primavera de 2023, cuando la vida all\u00ed ya era insostenible y Rusia estaba cerca de conquistar las ruinas de la ciudad. En Bajmut lo perdieron todo menos la vida. <\/p>\n<p class=\"\">Los Kisilichin se han instalado en la tienda porque en su domicilio no hay suficientes horas de electricidad para recargar sus generadores el\u00e9ctricos. Tampoco tienen agua caliente. La desventaja de los edificios de altura de las ciudades, comparados con una casa rural, una vivienda unifamiliar o los comercios a pie de calle, es que no pueden instalar generadores de electricidad con motor de gasolina.<\/p>\n<p class=\"\">El padre y los hijos pasan el rato distra\u00eddos con el tel\u00e9fono. \u201cHemos empezado una nueva vida en Brovar\u00ed y aqu\u00ed seguiremos, esto es seguro\u201d, afirma Mijailo. Media hora m\u00e1s tarde, una explosi\u00f3n sorprende en el exterior. A unos 300 metros, desde un parque industrial, se levanta una columna de humo.<a href=\"https:\/\/elpais.com\/internacional\/2025-12-27\/un-ataque-masivo-ruso-deja-sin-electricidad-un-tercio-de-kiev-en-visperas-de-la-reunion-entre-trump-y-zelenski.html\" target=\"_self\" rel=\"nofollow noopener\" title=\"https:\/\/elpais.com\/internacional\/2025-12-27\/un-ataque-masivo-ruso-deja-sin-electricidad-un-tercio-de-kiev-en-visperas-de-la-reunion-entre-trump-y-zelenski.html\"> Las alarmas antia\u00e9reas hab\u00edan sonado por la llegada de drones bomba de largo alcance Shahed<\/a>. \u201cPese a todo, Brovari es seguro\u201d, vuelve a decir Mijailo. Son las palabras de alguien que sobrevivi\u00f3 ocho meses en el asedio sobre Bajmut.<\/p>\n<p><img decoding=\"auto\" class=\"_re lazyload a_m-h\" height=\"276\"  width=\"414\"  src=\"https:\/\/www.europesays.com\/es\/wp-content\/uploads\/2026\/01\/2K64BG4T45BGJKOWKR3GBA5A6I.jpg\" loading=\"lazy\"\/>Mijailo Kisilichin y sus hijos, el 12 de enero en una tienda de emergencias de Brovar\u00ed, Ucrania.Cristian Segura<\/p>\n<p class=\"\">Una soluci\u00f3n que han encontrado las empresas el\u00e9ctricas, para proteger sus subestaciones, es cubrir con sarc\u00f3fagos de hormig\u00f3n la maquinaria m\u00e1s fundamental, como los transformadores. Estos sarc\u00f3fagos han demostrado ser \u00fatiles para evitar el da\u00f1o de un Shahed, pero no el de los misiles bal\u00edsticos que dispara peri\u00f3dicamente Rusia. <\/p>\n<p class=\"\">Zelenski ha mostrado en m\u00e1s de una ocasi\u00f3n su malestar con el ministerio de Energ\u00eda por la incapacidad de su Gobierno de no proteger mejor la red el\u00e9ctrica de los ataques rusos. El ministerio, salpicado tambi\u00e9n por casos de corrupci\u00f3n, ha tenido cinco ministros diferentes solo en el \u00faltimo a\u00f1o. El elegido <a href=\"https:\/\/elpais.com\/internacional\/2026-01-06\/zelenski-vuelve-a-poner-patas-arriba-la-cupula-de-poder-en-ucrania.html\" target=\"_self\" rel=\"nofollow noopener\" title=\"https:\/\/elpais.com\/internacional\/2026-01-06\/zelenski-vuelve-a-poner-patas-arriba-la-cupula-de-poder-en-ucrania.html\">este enero por Zelenski para ser el nuevo titular de Energ\u00eda es el ex primer ministro Denis Shmihal<\/a>.<\/p>\n<p>Desuni\u00f3n<\/p>\n<p class=\"\">La Rada, el parlamento, vot\u00f3 en contra este martes del nombramiento de Shmihal, prueba del momento pol\u00edtico convulso. La crisis energ\u00e9tica ha provocado las primeras protestas p\u00fablicas en Ucrania. El 11 de enero, tras cuatro d\u00edas de completo apag\u00f3n, vecinos de varios municipios de la provincia de Kiev se coordinaron para cortar el tr\u00e1fico de carreteras. De esta forma quer\u00edan mostrar su malestar, por lo que consideraban desidia de la administraci\u00f3n p\u00fablica para darles una soluci\u00f3n. <\/p>\n<p class=\"\">\u201cCortar las carreteras no har\u00e1 que la reparaci\u00f3n llegue antes\u201d, dijo en un comunicado Mikola Kalashnik, jefe del servicio de emergencias de la regi\u00f3n de Kiev. Kalashnik pidi\u00f3 \u201cunidad\u201d: \u201cEstar unidos nos permitir\u00e1 salir de esta\u201d. <a href=\"https:\/\/elpais.com\/internacional\/2025-11-27\/cansancio-y-pesimismo-en-bucha-donde-rusia-cometio-sus-peores-crimenes-de-guerra.html\" target=\"_self\" rel=\"nofollow noopener\" title=\"https:\/\/elpais.com\/internacional\/2025-11-27\/cansancio-y-pesimismo-en-bucha-donde-rusia-cometio-sus-peores-crimenes-de-guerra.html\">La desuni\u00f3n pol\u00edtica y social se agrava en Ucrania<\/a>, tambi\u00e9n bajo el efecto desmoralizador del invierno m\u00e1s dif\u00edcil.<\/p>\n<p class=\"\">Zelenski y Klitschko se enzarzaron este mi\u00e9rcoles en una agria discusi\u00f3n p\u00fablica con motivo de la crisis energ\u00e9tica. Zelenski acus\u00f3 al Ayuntamiento de la capital de \u201chaber hecho muy poco para preparar a la ciudad\u201d. Klitschko replic\u00f3 que su Gobierno est\u00e1 haciendo lo imposible y que \u00e9l, a diferencia de Zelenski, no se preocupa \u201cpor quedar bien en las encuestas o para prepararse unas elecciones fantasma\u201d. El alcalde tambi\u00e9n revel\u00f3 que el presidente no hab\u00eda encontrado el momento en los casi cuatro a\u00f1os de guerra para mantener una reuni\u00f3n entre ellos.<\/p>\n<p class=\"\">Caus\u00f3 revuelo el 7 de enero Oleksi Kuleba, ministro de Fomento (parcialmente responsable de la red energ\u00e9tica), cuando en una entrevista en el diario Pravda, describi\u00f3 con estas palabras la fragmentaci\u00f3n que detecta en el pa\u00eds: \u201cLo \u00fanico que ahora mismo une a nuestro pa\u00eds es el cementerio\u201d. Kuleba precis\u00f3 posteriormente que se refer\u00eda al hecho de que, pese a todas las diferencias, la violencia rusa contin\u00faa siendo el problema de todos.<\/p>\n","protected":false},"excerpt":{"rendered":"\u201cHe intentado aguantar, pero esto es demasiado deprimente\u201d, dice Alina Sorochka, una mujer ucrania de la provincia de&hellip;\n","protected":false},"author":2,"featured_media":343439,"comment_status":"","ping_status":"","sticky":false,"template":"","format":"standard","meta":{"footnotes":""},"categories":[42],"tags":[8738,17,18,70,71,72,700,13,14,16249,69,7082,11,61,62,63,64,16250,19,20,9,10,15,16,1613,37496,1614,12,7081,21,22,1617,65,66,67],"class_list":{"0":"post-343438","1":"post","2":"type-post","3":"status-publish","4":"format-standard","5":"has-post-thumbnail","7":"category-internacional","8":"tag-ataques-militares","9":"tag-breaking-news","10":"tag-breakingnews","11":"tag-conflictos","12":"tag-conflictos-armados","13":"tag-conflictos-internacionales","14":"tag-europa","15":"tag-featured-news","16":"tag-featurednews","17":"tag-frio","18":"tag-guerra","19":"tag-guerra-de-rusia-en-ucrania","20":"tag-headlines","21":"tag-internacional","22":"tag-international","23":"tag-international-news","24":"tag-internationalnews","25":"tag-invierno","26":"tag-latest-news","27":"tag-latestnews","28":"tag-news","29":"tag-noticias","30":"tag-noticias-destacadas","31":"tag-noticiasdestacadas","32":"tag-otan","33":"tag-pobreza-energetica","34":"tag-rusia","35":"tag-titulares","36":"tag-ucrania","37":"tag-ultimas-noticias","38":"tag-ultimasnoticias","39":"tag-union-europea","40":"tag-world","41":"tag-world-news","42":"tag-worldnews"},"share_on_mastodon":{"url":"","error":"Validation failed: Text character limit of 500 exceeded"},"_links":{"self":[{"href":"https:\/\/www.europesays.com\/es\/wp-json\/wp\/v2\/posts\/343438","targetHints":{"allow":["GET"]}}],"collection":[{"href":"https:\/\/www.europesays.com\/es\/wp-json\/wp\/v2\/posts"}],"about":[{"href":"https:\/\/www.europesays.com\/es\/wp-json\/wp\/v2\/types\/post"}],"author":[{"embeddable":true,"href":"https:\/\/www.europesays.com\/es\/wp-json\/wp\/v2\/users\/2"}],"replies":[{"embeddable":true,"href":"https:\/\/www.europesays.com\/es\/wp-json\/wp\/v2\/comments?post=343438"}],"version-history":[{"count":0,"href":"https:\/\/www.europesays.com\/es\/wp-json\/wp\/v2\/posts\/343438\/revisions"}],"wp:featuredmedia":[{"embeddable":true,"href":"https:\/\/www.europesays.com\/es\/wp-json\/wp\/v2\/media\/343439"}],"wp:attachment":[{"href":"https:\/\/www.europesays.com\/es\/wp-json\/wp\/v2\/media?parent=343438"}],"wp:term":[{"taxonomy":"category","embeddable":true,"href":"https:\/\/www.europesays.com\/es\/wp-json\/wp\/v2\/categories?post=343438"},{"taxonomy":"post_tag","embeddable":true,"href":"https:\/\/www.europesays.com\/es\/wp-json\/wp\/v2\/tags?post=343438"}],"curies":[{"name":"wp","href":"https:\/\/api.w.org\/{rel}","templated":true}]}}