{"id":343440,"date":"2026-01-16T05:18:06","date_gmt":"2026-01-16T05:18:06","guid":{"rendered":"https:\/\/www.europesays.com\/es\/343440\/"},"modified":"2026-01-16T05:18:06","modified_gmt":"2026-01-16T05:18:06","slug":"junts-da-margen-al-gobierno-para-la-negociacion-con-una-enmienda-que-presenta-una-financiacion-autonomica-alternativa-el-pais","status":"publish","type":"post","link":"https:\/\/www.europesays.com\/es\/343440\/","title":{"rendered":"Junts da margen al Gobierno para la negociaci\u00f3n con una enmienda que presenta una financiaci\u00f3n auton\u00f3mica \u201calternativa\u201d &#8211; EL PA\u00cdS"},"content":{"rendered":"<ol>\n<li><a href=\"https:\/\/news.google.com\/rss\/articles\/CBMi_gFBVV95cUxQaGlVaEJQNkVYOFloa1d2M0RXeVNPek9CdGZvUm9fbkx2RjMyd1Q3MWRZRWNRNFB3RW9WVGlVSEltZTltTDBDdFIydGdyQzZPdnJjR1JmT3pUclFtNC1ndnREMTNGYVY2djZwWkd4OHhudDlrY19wMjRac2ctcDN1ZF85YXB5c2pJS3lNN2hXSF9BV3R2Nl9fYWFMbFlxYkh5bTY4aE1QcThWdTR2NTI1NUhwczBSclBDdEIydFlzVndzdm9aLXYzZ2JHb1pFSTlrMkFGdHFGTll2TVFqdGd1WjJmNV9ITmxtN0tfblF5emRGbDVOUW9yOEZRYlF5UdIBkgJBVV95cUxNLUJqNDZuTXdlRGwtZlIwVHlGUnN5c3U4RnhPYl9jUmxJZ0E4aWxDbV8zSTE4ZVRkRG84SWNBY3hRX3F1YW9McDlDZ2JGc1pXc1ZmZnRiSzdrajFfUGlSajM5ODlrQ1BJM1NDRXM4aHhwQUVITVZzaDFxbU1tRG02Um50anJFMVlEQ3l0d2JYTWFzNjFXd25FcWVQNGhtajRmcDN2eml1M0ZMLWNaUkcwSWJIVTEtZ1A5RlZKdWJmZ2RhWFd1QmExS2NveFBOS2xrVFlNZUNRLXJYY19MX2Y5UEVKSHRqdnNMNzZ5Sm9QYV95TjJfbXdOWDFDaHBvR0F0S1hvRjR5bll4UjBpbTVlTm53?oc=5\" target=\"_blank\" rel=\"nofollow noopener\">Junts da margen al Gobierno para la negociaci\u00f3n con una enmienda que presenta una financiaci\u00f3n auton\u00f3mica \u201calternativa\u201d<\/a>&nbsp;&nbsp;EL PA\u00cdS<\/li>\n<li><a href=\"https:\/\/news.google.com\/rss\/articles\/CBMikwJBVV95cUxQcWoxZjlkM1ptRlZsQy1KbEhlYklzZzc4WTRQbmIzd3NhVlJMVUh0S09WdHBhUzlydnRJX2M4dlJyYTByMDNISkE0bXliUEtmc0cxSUZxck0tYXY1RGpvNzg4OU8ybHZTWVBRLUxrNmt6Ujc4WnJXZFh1emRTSUxGcm1OLWRBZXZJa3c5RFZnTVFSNjFDSks5bGRNU3ZaeUdPUDloTWQ1cm1rdHRCV2ROQnZpbTRwRFpTSXlwZ0ZBRUZVRkgxOWF3alJ1RnVhRHRxOTBwRnVXX0o4MVlRZ2xoT055a1V1Rm1md0tSRThBYUVDN0F5THZiRm9WbnR6aW9pZFBSSW1GMUQ4eC0xbFljdkhyWQ?oc=5\" target=\"_blank\" rel=\"nofollow noopener\">El d\u00e9ficit y las facturas impagadas en Salud demandar\u00e1 buena parte de los 4.700 millones de euros de Catalu\u00f1a de la nueva financiaci\u00f3n<\/a>&nbsp;&nbsp;EL PA\u00cdS<\/li>\n<li><a href=\"https:\/\/news.google.com\/rss\/articles\/CBMifEFVX3lxTE9mSWd4ZmdFbjBjLWswOGJ3TXFITWZqdF9rVHZ0X2o4Z25zaUZ2T3c3Uk42cU9HWU9ZRWdxNGZKY3J3QmcyS0pmaHU2bXJJQU5ZcU5oelFGcEpkSmk3alNmN1dsRFMzSk5PNW9nb1FyWHVTQXFzYzd1WlI1OUfSAXxBVV95cUxPMDU3eXRESlJHWWR1cFZCR0lzZF9VR2ZGVDFQSHBZQTZYWmxsaC1aTU05NDJtSGluMXN5ZGxHM2E1M1ZBWVBQTHA5MG5zZkxSS2lDR2JOM0FoNVo3cVJoNHFlWXlVN0lhSlV0YkR0WlB3RmVXUUUzMGhiQlBN?oc=5\" target=\"_blank\" rel=\"nofollow noopener\">Junts exige que se publiquen las balanzas fiscales para que toda Espa\u00f1a \u00absea consciente del expolio que sufre Catalu\u00f1a\u00bb antes de votar la financiaci\u00f3n<\/a>&nbsp;&nbsp;El Mundo<\/li>\n<li><a href=\"https:\/\/news.google.com\/rss\/articles\/CBMi4wFBVV95cUxNVkxPdU1ZdVlIWEZyaEx6X3k2dm5MdUlxQ0pjODdmemhqRTBTTkd0VFRMNFoyYmNwRmc5RzM5M25Fd3hLSndVWmRZM0ZTOGFCMUJPVENBaG5uMUItRjRvYmZJOFkyUTZqenhFT1dCVDFYRktaZENJVzhOcHUyZ2lOQVNvTFZSdmc0X2hzSzFVUkJRY2lFZFRSdzlwRWZzd2FQdUtKUXpqYWc0UEEtY09BZllXVWowUEZySmZkRjE2czNNVGlOLU43cFpnQ2tLV0FSbnMzWGQtV3VrS3RVa0hwRGFGQdIB4wFBVV95cUxQVzgtdl9KRmRlRnY4VG03cGZoMV80UjQ2LVRzQ3cybVlYUkJTeHRvSE1PalMxRWItU0daQ1Y0ZzJtUEttTWFtTzcxR1dIR1ktR0pUSFRST01hMExIS0tOLXlOUXk1MlBiSU9GeHA4UHZNNW01eUFoLTExMS1CeVlsNTY1N2V4OU51TkIzcnFncHNGZ3UzbzdiUEVEWHE4VTFKRG1XYlBNUGlIeTB4enBjVURKWHNGZnEzaGg0bjFZakZDckozYWhYUEFVMHRxOXZxRHNrVUtvbWFRUTF0SUpCVlZjVQ?oc=5\" target=\"_blank\" rel=\"nofollow noopener\">Vivienda, impuestos y ahora financiaci\u00f3n auton\u00f3mica: los temas en los que chocan Salvador Illa y Foment<\/a>&nbsp;&nbsp;El Peri\u00f3dico<\/li>\n<li><a href=\"https:\/\/news.google.com\/rss\/articles\/CBMiuwFBVV95cUxNU3dHWU9vb3Y4OG5DV0xFUkFONGFnVHJVN2ktMEtobDEtZlNOUFhIYkREZ3ZUY3ludElYdXNFOC10a29Nd2dlX1pvUnNvcFpGX0xtaW5PNXFsemVZcVVKTXF2U2VfRGk1SVZEWFItWU1UR3JJNVpSNE9COFR0VzZxSzM0bzJybFVEX3VKLU1xczdEcWI5cFhPWmtkdDdyM1Q3RkxIM3ZGQWFyMzE5a1o0bng1SndxbU1Wa08w?oc=5\" target=\"_blank\" rel=\"nofollow noopener\">JxCat conf\u00eda en mejorar el modelo de financiaci\u00f3n en el Congreso de la mano de ERC<\/a>&nbsp;&nbsp;La Vanguardia<\/li>\n<\/ol>\n","protected":false},"excerpt":{"rendered":"Junts da margen al Gobierno para la negociaci\u00f3n con una enmienda que presenta una financiaci\u00f3n auton\u00f3mica \u201calternativa\u201d&nbsp;&nbsp;EL PA\u00cdS&hellip;\n","protected":false},"author":2,"featured_media":338026,"comment_status":"","ping_status":"","sticky":false,"template":"","format":"standard","meta":{"footnotes":""},"categories":[8],"tags":[17,18,25,24,13,14,11,19,20,9,10,15,16,23,12,21,22],"class_list":{"0":"post-343440","1":"post","2":"type-post","3":"status-publish","4":"format-standard","5":"has-post-thumbnail","7":"category-espana","8":"tag-breaking-news","9":"tag-breakingnews","10":"tag-es","11":"tag-espana","12":"tag-featured-news","13":"tag-featurednews","14":"tag-headlines","15":"tag-latest-news","16":"tag-latestnews","17":"tag-news","18":"tag-noticias","19":"tag-noticias-destacadas","20":"tag-noticiasdestacadas","21":"tag-spain","22":"tag-titulares","23":"tag-ultimas-noticias","24":"tag-ultimasnoticias"},"share_on_mastodon":{"url":"","error":""},"_links":{"self":[{"href":"https:\/\/www.europesays.com\/es\/wp-json\/wp\/v2\/posts\/343440","targetHints":{"allow":["GET"]}}],"collection":[{"href":"https:\/\/www.europesays.com\/es\/wp-json\/wp\/v2\/posts"}],"about":[{"href":"https:\/\/www.europesays.com\/es\/wp-json\/wp\/v2\/types\/post"}],"author":[{"embeddable":true,"href":"https:\/\/www.europesays.com\/es\/wp-json\/wp\/v2\/users\/2"}],"replies":[{"embeddable":true,"href":"https:\/\/www.europesays.com\/es\/wp-json\/wp\/v2\/comments?post=343440"}],"version-history":[{"count":0,"href":"https:\/\/www.europesays.com\/es\/wp-json\/wp\/v2\/posts\/343440\/revisions"}],"wp:featuredmedia":[{"embeddable":true,"href":"https:\/\/www.europesays.com\/es\/wp-json\/wp\/v2\/media\/338026"}],"wp:attachment":[{"href":"https:\/\/www.europesays.com\/es\/wp-json\/wp\/v2\/media?parent=343440"}],"wp:term":[{"taxonomy":"category","embeddable":true,"href":"https:\/\/www.europesays.com\/es\/wp-json\/wp\/v2\/categories?post=343440"},{"taxonomy":"post_tag","embeddable":true,"href":"https:\/\/www.europesays.com\/es\/wp-json\/wp\/v2\/tags?post=343440"}],"curies":[{"name":"wp","href":"https:\/\/api.w.org\/{rel}","templated":true}]}}