{"id":343445,"date":"2026-01-16T05:28:10","date_gmt":"2026-01-16T05:28:10","guid":{"rendered":"https:\/\/www.europesays.com\/es\/343445\/"},"modified":"2026-01-16T05:28:10","modified_gmt":"2026-01-16T05:28:10","slug":"josue-dorrio-una-primera-vuelta-para-olvidar-y-el-reto-de-entrar-en-escena","status":"publish","type":"post","link":"https:\/\/www.europesays.com\/es\/343445\/","title":{"rendered":"Josu\u00e9 Dorrio: Una primera vuelta para olvidar y el reto de entrar en escena"},"content":{"rendered":"<p>\t\tCompartir esta publicaci\u00f3n\t\t\t\t\t<\/p>\n<p><strong>Josu\u00e9 Dorrio<\/strong> es, tras los lesionados que a\u00fan no han participado, <strong><a href=\"https:\/\/www.merchanendirecto.es\/moussa-no-quiere-salida-malaga-fichajes\/\" target=\"_blank\" rel=\"noopener nofollow\">Moussa Diarra<\/a> y Ram\u00f3n<\/strong>, el segundo jugador de la plantilla despu\u00e9s de <strong>Luismi S\u00e1nchez<\/strong> (jugador lesionado de larga duraci\u00f3n desde la primera jornada de liga), el futbolista con menos minutos del <a href=\"http:\/\/malagacf.com\" target=\"_blank\" rel=\"noopener nofollow\">M\u00e1laga CF<\/a> hasta ahora. Su particular caso es muy llamativo. Solo<strong> 102 minutos<\/strong> repartidos en <strong>cinco partidos<\/strong>, despu\u00e9s de distintos problemas con virus y lesiones que le han impedido tener protagonismo en esta primera vuelta.<\/p>\n<p>El bilba\u00edno lleg\u00f3 con la vitola de ser un jugador que apenas hab\u00eda contado con lesiones a lo largo de su carrera. De hecho, <strong>disput\u00f3 al completo sus \u00faltimas dos temporadas en Segunda con SD Amorebieta y Racing de Ferrol.<\/strong> Destacado por su continuidad y posible aportaci\u00f3n en cuanto a profundidad en banda. El nuevo fichaje aterriz\u00f3 el 28 de agosto en plenos \u00faltimos d\u00edas de mercado. Con el curso empezado y con un <strong>plan espec\u00edfico de entrenamiento ante su falta de ritmo<\/strong>, Dorrio no se visti\u00f3 de corto hasta<strong> un mes despu\u00e9s<\/strong> ante el <strong>Burgos.<\/strong><\/p>\n<p>No obstante, lejos de encontrar continuidad, el extremo <strong>no volvi\u00f3 a jugar hasta otro mes despu\u00e9s en el enfrentamiento copero en Estepona.<\/strong> Con hasta<strong> dos procesos v\u00edricos<\/strong> como escollo por el camino. Fue su verdadera puesta en escena y cumpli\u00f3 con creces, siendo clave en la resoluci\u00f3n del partido con <strong>un gol y una asistencia.<\/strong> \u00abMe ha gustado poder sumar minutos e ir cogiendo buenas sensaciones. <strong>Somos personas y ven\u00eda de una temporada que mentalmente me cost\u00f3 mucho.<\/strong> Intento contagiarme de este grupo tan sano que hay\u00bb, dec\u00eda el vasco en zona mixta tras el choque.\u00a0<\/p>\n<p>Posterior a esto, fue uno de los elegidos por <strong>Sergio Pellicer<\/strong> como sustituto en la segunda parte de los <strong>tres \u00faltimos partidos del t\u00e9cnico de Nules<\/strong> al frente del banquillo blanquiazul. Sin apenas notoriedad. En <strong>Le\u00f3n<\/strong>, <strong>fue la \u00faltima vez que se le vio en una convocatoria.<\/strong> En la previa del debut de<a href=\"https:\/\/www.merchanendirecto.es\/funes-sigue-haciendo-fichajes-desde-la-cantera\/\" target=\"_blank\" rel=\"noopener nofollow\"> Funes<\/a> en La Rosaleda ante el <strong>CD Mirand\u00e9s<\/strong>, Dorrio era<strong> baja por unas molestias en el cu\u00e1driceps<\/strong> y desde entonces no ha reaparecido.<\/p>\n<p>Dorrio <strong>comenz\u00f3 a entrenar con normalidad junto al resto del grupo el pasado 5 de enero<\/strong>, es decir, casi dos meses despu\u00e9s. Ahora, y a seis meses de su vencimiento de contrato, el jugador cuenta con un gran reto por delante de intentar recuperar confianza y aprovechar de los minutos que pueda disponer. Todo ante un nivel actual excelso de los extremos titulares: <strong>Joaqu\u00edn Mu\u00f1oz y David Larrubia,<\/strong> sumado a un recuperado<strong> Aaron Ochoa<\/strong> cada vez con m\u00e1s protagonismo y un <strong>Julen Lobete<\/strong> que<a href=\"https:\/\/www.merchanendirecto.es\/el-inesperado-lider-de-asistencias-del-malaga\/\" target=\"_blank\" rel=\"noopener nofollow\"> viene aportando cifras cada vez que entra al campo.<\/a><\/p>\n<p>\u00a0<\/p>\n","protected":false},"excerpt":{"rendered":"Compartir esta publicaci\u00f3n Josu\u00e9 Dorrio es, tras los lesionados que a\u00fan no han participado, Moussa Diarra y Ram\u00f3n,&hellip;\n","protected":false},"author":2,"featured_media":343446,"comment_status":"","ping_status":"","sticky":false,"template":"","format":"standard","meta":{"footnotes":""},"categories":[268],"tags":[168,25,24,280,282,281,23,167],"class_list":{"0":"post-343445","1":"post","2":"type-post","3":"status-publish","4":"format-standard","5":"has-post-thumbnail","7":"category-futbol","8":"tag-deportes","9":"tag-es","10":"tag-espana","11":"tag-football","12":"tag-futbol","13":"tag-soccer","14":"tag-spain","15":"tag-sports"},"share_on_mastodon":{"url":"https:\/\/pubeurope.com\/@es\/115903129412627509","error":""},"_links":{"self":[{"href":"https:\/\/www.europesays.com\/es\/wp-json\/wp\/v2\/posts\/343445","targetHints":{"allow":["GET"]}}],"collection":[{"href":"https:\/\/www.europesays.com\/es\/wp-json\/wp\/v2\/posts"}],"about":[{"href":"https:\/\/www.europesays.com\/es\/wp-json\/wp\/v2\/types\/post"}],"author":[{"embeddable":true,"href":"https:\/\/www.europesays.com\/es\/wp-json\/wp\/v2\/users\/2"}],"replies":[{"embeddable":true,"href":"https:\/\/www.europesays.com\/es\/wp-json\/wp\/v2\/comments?post=343445"}],"version-history":[{"count":0,"href":"https:\/\/www.europesays.com\/es\/wp-json\/wp\/v2\/posts\/343445\/revisions"}],"wp:featuredmedia":[{"embeddable":true,"href":"https:\/\/www.europesays.com\/es\/wp-json\/wp\/v2\/media\/343446"}],"wp:attachment":[{"href":"https:\/\/www.europesays.com\/es\/wp-json\/wp\/v2\/media?parent=343445"}],"wp:term":[{"taxonomy":"category","embeddable":true,"href":"https:\/\/www.europesays.com\/es\/wp-json\/wp\/v2\/categories?post=343445"},{"taxonomy":"post_tag","embeddable":true,"href":"https:\/\/www.europesays.com\/es\/wp-json\/wp\/v2\/tags?post=343445"}],"curies":[{"name":"wp","href":"https:\/\/api.w.org\/{rel}","templated":true}]}}