{"id":343449,"date":"2026-01-16T05:32:08","date_gmt":"2026-01-16T05:32:08","guid":{"rendered":"https:\/\/www.europesays.com\/es\/343449\/"},"modified":"2026-01-16T05:32:08","modified_gmt":"2026-01-16T05:32:08","slug":"gh-duo-completo-su-casting-con-el-trio-de-las-tentaciones-y-vivio-la-fuga-en-directo-de-cristina-piaget","status":"publish","type":"post","link":"https:\/\/www.europesays.com\/es\/343449\/","title":{"rendered":"&#8216;GH D\u00fao&#8217; complet\u00f3 su casting con el tr\u00edo de las &#8216;Tentaciones&#8217; y vivi\u00f3 la fuga en directo de Cristina Piaget"},"content":{"rendered":"<p class=\"article-text\">\n        La segunda gala de<strong> GH D\u00fao<\/strong> complet\u00f3 el casting de la cuarta edici\u00f3n en <strong>Telecinco<\/strong>, con la entrada de <strong>Sandra Barrios y Juanpi Vega<\/strong>, expareja que entr\u00f3 a <strong>La isla de las tentaciones 9<\/strong> y <strong>Andrea<\/strong>, el tentador que la rompi\u00f3. Los tres forman el \u00faltimo tr\u00edo de concursantes.\n    <\/p>\n<p>    <a href=\"https:\/\/www.eldiario.es\/vertele\/noticias\/telecinco-alarga-semana-la-isla-de-las-tentaciones-9-estrategia-inedita-debate-final_1_12908838.html\" data-mrf-recirculation=\"saber-mas\" data-dl-event=\"saber-mas\" rel=\"nofollow noopener\" target=\"_blank\"><\/p>\n<p class=\"know-more__title\">Telecinco alarga una semana m\u00e1s &#8216;La isla de las tentaciones 9&#8217; con una estrategia in\u00e9dita para su &#8216;Debate&#8217; final<\/p>\n<p>            <img decoding=\"async\" class=\"lazy\" loading=\"lazy\" data-src=\"https:\/\/static.eldiario.es\/clip\/fae10a96-6608-4480-ab81-f23a43dcc321_16-9-aspect-ratio_default_0.jpg\" src=\"data:image\/svg+xml,%3Csvg xmlns=\" http:=\"\" viewbox=\"0 0 880 495\" alt=\"Telecinco alarga una semana m\u00e1s 'La isla de las tentaciones 9' con una estrategia in\u00e9dita para su 'Debate' final\"\/><\/p>\n<p>                        <\/a><\/p>\n<p class=\"article-text\">\n        El programa tambi\u00e9n vivi\u00f3 un momento \u201cinclasificable\u201d, seg\u00fan<strong> Jorge Javier V\u00e1zquez<\/strong>, mientras se duchaba <strong>Cristina Piaget y Bel\u00e9n Rodr\u00edguez <\/strong>entr\u00f3 a abroncarle. Lo que provoc\u00f3 que la modelo acabara se \u201cescapara\u201d del reality en directo.\n    <\/p>\n<p class=\"article-text\">\n        Adem\u00e1s, la edici\u00f3n celebr\u00f3 sus primeras nominaciones, que sacaron a la palestra a <strong>Carlos Lozano, Cristina Piaget, Bel\u00e9n Ro, Carmen Borrego y John.<\/strong>\n    <\/p>\n<p>    El momento \u201cinclasificable\u201d de la ducha de Cristina y su \u201cescapada\u201d en directo<\/p>\n<p class=\"article-text\">\n        <strong>\u201cTenemos mucho que contar, casi siempre con Cristina como protagonista\u201d<\/strong> empezaba diciendo a la audiencia Jorge Javier, al arrancar la gala. Y es que la top model est\u00e1 metida en todas las salsas.\n    <\/p>\n<p class=\"article-text\">\n        El presentador dio paso a un momento \u201cinclasificable\u201d en la ducha. Al amanecer,<strong> la concursante corri\u00f3 a ducharse y, mientras estaba bajo el agua, Bel\u00e9n irrumpi\u00f3 en su momento \u00edntimo.<\/strong> La colaboradora le abronc\u00f3 porque era su turno, y se lo estaba robando.\n    <\/p>\n<blockquote class=\"twitter-tweet\" data-lang=\"es\"><p><a href=\"https:\/\/twitter.com\/X\/status\/2011907660677820562?ref_src=twsrc%5Etfw\" rel=\"nofollow noopener\" target=\"_blank\"><\/p><\/blockquote>\n<p class=\"article-text\">\n        Ambas protagonizaron una bronca in\u00e9dita, en la que <strong>Bel\u00e9n critic\u00f3 que se meara en la ducha, y Cristina le recrimin\u00f3 su indiscreci\u00f3n: \u201cNo me mires el chichi, cotilla\u201d<\/strong>, le solt\u00f3 y sali\u00f3 del ba\u00f1o.\n    <\/p>\n<p class=\"article-text\">\n        Al contar lo ocurrido en directo, los \u00e1nimos se caldearon y <strong>Raquel Salazar<\/strong> acab\u00f3 nombrando a la madre de Cristina. Esta se levant\u00f3 y la insult\u00f3. Al separarlas, la modelo sali\u00f3 de plano, y el programa public\u00f3 en redes que se hab\u00eda \u201cescapado por la trampilla del jard\u00edn\u201d. Carlos Lozano corri\u00f3 a buscarla y la devolvi\u00f3 a la casa.\n    <\/p>\n<blockquote class=\"twitter-tweet\" data-lang=\"es\"><p><a href=\"https:\/\/twitter.com\/X\/status\/2011929206247055614?ref_src=twsrc%5Etfw\" rel=\"nofollow noopener\" target=\"_blank\"><\/p><\/blockquote>\n<p>    Sandra, Juanpi y Andres, el tr\u00edo de las &#8216;Tentaciones&#8217;<\/p>\n<p class=\"article-text\">\n        <strong>Sandra y Juanpi<\/strong> se reencontraron en la casa, y ni se saludaron, a la espera de que entrara su tercer integrante del tr\u00edo. La que lleg\u00f3 fue la madre del joven, <strong>la exsuegra de ella<\/strong>. La suegra entr\u00f3 abrazando a su hijo y llam\u00e1ndolo \u201cmi mu\u00f1equito de la tarta\u201d, en referencia a lo que le dijo Sandra.\n    <\/p>\n<p class=\"article-text\">\n        Sin embargo, todo fue una broma del programa, por lo que la madre\/suegra acab\u00f3 saliendo de la sala, y el que entr\u00f3 para quedarse fue <strong>Andrea, el tentador italiano con el que Sandra cay\u00f3. <\/strong>\n    <\/p>\n<blockquote class=\"twitter-tweet\" data-lang=\"es\"><p><a href=\"https:\/\/twitter.com\/X\/status\/2011933284708581572?ref_src=twsrc%5Etfw\" rel=\"nofollow noopener\" target=\"_blank\"><\/p><\/blockquote>\n<p class=\"article-text\">\n        A ella no le hizo gracia tener que participar juntos, ya que quiso cortar toda comunicaci\u00f3n con \u00e9l &#8211; como <a href=\"https:\/\/www.eldiario.es\/vertele\/noticias\/isla-tentaciones-9-rompio-timpanos-claudia-descubrio-borja-reencuentro-almudena_1_12905466.html\" data-mrf-recirculation=\"links-noticia\" class=\"link\" rel=\"nofollow noopener\" target=\"_blank\">explic\u00f3 en el Reencuentro<\/a>-, pero no le qued\u00f3 m\u00e1s remedio.\n    <\/p>\n<p>    Primeras lista de nominados con 5 nombres<\/p>\n<p class=\"article-text\">\n        En las primeras nominaciones de la edici\u00f3n, todos <strong>tuvieron que dar puntos a parejas o tr\u00edos, no de forma individual.<\/strong> Y sin tocar a Sandra, Andrea y Juanpi que acababan de sumarse al reality.\n    <\/p>\n<p class=\"article-text\">\n        Los concursantes nominaron en el confesionario, sin saber que <strong>Manuel, Gloria y Anita ten\u00edan el privilegio de observar <\/strong>los puntos que daban todos.\n    <\/p>\n<p>    <a href=\"https:\/\/www.eldiario.es\/vertele\/noticias\/ana-rosa-quintana-domina-cuarto-ano-horas-produccion-tv-auge-risto-buenafuente-2025_1_12909218.html\" data-mrf-recirculation=\"saber-mas-abajo\" data-dl-event=\"saber-mas-abajo\" rel=\"nofollow noopener\" target=\"_blank\"><\/p>\n<p class=\"know-more__title\">Ana Rosa Quintana domina por cuarto a\u00f1o las horas de producci\u00f3n en TV, con auge para Risto y Buenafuente en 2025<\/p>\n<p>            <img decoding=\"async\" class=\"lazy\" loading=\"lazy\" data-src=\"https:\/\/static.eldiario.es\/clip\/779e9ecd-f215-4208-af37-ef8d3b00c07e_16-9-aspect-ratio_default_0.jpg\" src=\"data:image\/svg+xml,%3Csvg xmlns=\" http:=\"\" viewbox=\"0 0 880 495\" alt=\"Ana Rosa Quintana domina por cuarto a\u00f1o las horas de producci\u00f3n en TV, con auge para Risto y Buenafuente en 2025\"\/><\/p>\n<p>                        <\/a><\/p>\n<blockquote class=\"twitter-tweet\" data-lang=\"es\"><p><a href=\"https:\/\/twitter.com\/X\/status\/2011964412899340589?ref_src=twsrc%5Etfw\" rel=\"nofollow noopener\" target=\"_blank\"><\/p><\/blockquote>\n<p class=\"article-text\">\n        Finalmente, los que m\u00e1s puntos acumularon para salir en la lista de nominados fueron<strong> Carlos Lozano y Cristina Piaget y el tr\u00edo formado por Bel\u00e9n Ro, Carmen Borrego y John.<\/strong>\n    <\/p>\n<p>                                    <script async src=\"https:\/\/platform.twitter.com\/widgets.js\" charset=\"utf-8\"><\/script><\/p>\n","protected":false},"excerpt":{"rendered":"La segunda gala de GH D\u00fao complet\u00f3 el casting de la cuarta edici\u00f3n en Telecinco, con la entrada&hellip;\n","protected":false},"author":2,"featured_media":343450,"comment_status":"","ping_status":"","sticky":false,"template":"","format":"standard","meta":{"footnotes":""},"categories":[171],"tags":[25717,4399,7538,2125,16738,146,147,25,24,5671,37023,75130,23,4473,78042,214,19678],"class_list":["post-343449","post","type-post","status-publish","format-standard","has-post-thumbnail","category-tv","tag-casting","tag-completo","tag-cristina","tag-directo","tag-duo","tag-entertainment","tag-entretenimiento","tag-es","tag-espana","tag-fuga","tag-gh","tag-piaget","tag-spain","tag-tentaciones","tag-trio","tag-tv","tag-vivio"],"share_on_mastodon":{"url":"https:\/\/pubeurope.com\/@es\/115903145127150111","error":""},"_links":{"self":[{"href":"https:\/\/www.europesays.com\/es\/wp-json\/wp\/v2\/posts\/343449","targetHints":{"allow":["GET"]}}],"collection":[{"href":"https:\/\/www.europesays.com\/es\/wp-json\/wp\/v2\/posts"}],"about":[{"href":"https:\/\/www.europesays.com\/es\/wp-json\/wp\/v2\/types\/post"}],"author":[{"embeddable":true,"href":"https:\/\/www.europesays.com\/es\/wp-json\/wp\/v2\/users\/2"}],"replies":[{"embeddable":true,"href":"https:\/\/www.europesays.com\/es\/wp-json\/wp\/v2\/comments?post=343449"}],"version-history":[{"count":0,"href":"https:\/\/www.europesays.com\/es\/wp-json\/wp\/v2\/posts\/343449\/revisions"}],"wp:featuredmedia":[{"embeddable":true,"href":"https:\/\/www.europesays.com\/es\/wp-json\/wp\/v2\/media\/343450"}],"wp:attachment":[{"href":"https:\/\/www.europesays.com\/es\/wp-json\/wp\/v2\/media?parent=343449"}],"wp:term":[{"taxonomy":"category","embeddable":true,"href":"https:\/\/www.europesays.com\/es\/wp-json\/wp\/v2\/categories?post=343449"},{"taxonomy":"post_tag","embeddable":true,"href":"https:\/\/www.europesays.com\/es\/wp-json\/wp\/v2\/tags?post=343449"}],"curies":[{"name":"wp","href":"https:\/\/api.w.org\/{rel}","templated":true}]}}