{"id":343469,"date":"2026-01-16T05:42:08","date_gmt":"2026-01-16T05:42:08","guid":{"rendered":"https:\/\/www.europesays.com\/es\/343469\/"},"modified":"2026-01-16T05:42:08","modified_gmt":"2026-01-16T05:42:08","slug":"maria-corina-machado-en-usa-su-excelente-reunion-con-trump-y-la-agenda-en-ee-uu-de-la-nobel-de-la-paz-venezolana","status":"publish","type":"post","link":"https:\/\/www.europesays.com\/es\/343469\/","title":{"rendered":"Mar\u00eda Corina Machado en USA: su \u201cexcelente\u201d reuni\u00f3n con Trump y la agenda en EE.UU. de la Nobel de la Paz venezolana"},"content":{"rendered":"<p class=\"com-paragraph  --capital --s\">La presencia de <a href=\"https:\/\/www.lanacion.com.ar\/estados-unidos\/que-se-espera-de-la-reunion-entre-donald-trump-y-corina-machado-en-la-casa-blanca-nid15012026\/\" target=\"_self\" title=\"https:\/\/www.lanacion.com.ar\/estados-unidos\/que-se-espera-de-la-reunion-entre-donald-trump-y-corina-machado-en-la-casa-blanca-nid15012026\/\" class=\"com-link break-word\" data-mrf-recirculation=\"n_link_parrafo\" rel=\"nofollow noopener\"><strong>Mar\u00eda Corina Machado en Estados Unidos<\/strong><\/a> marca uno de los momentos de mayor exposici\u00f3n internacional desde que recibi\u00f3 el <strong>Premio Nobel de la Paz en 2025<\/strong>. La dirigente opositora venezolana arrib\u00f3 a Washington para cumplir una serie de <strong>reuniones con funcionarios del Poder Ejecutivo y Legislativo<\/strong>, luego de su encuentro en la Casa Blanca con <strong>Donald Trump<\/strong>, que calific\u00f3 como <strong>\u201cexcelente\u201d<\/strong>.<\/p>\n<p class=\"com-paragraph   --s\">De acuerdo con la <a href=\"https:\/\/x.com\/voceriavzla\/status\/2011640989644177874?ref_src=twsrc%5Etfw%7Ctwcamp%5Etweetembed%7Ctwterm%5E2011640989644177874%7Ctwgr%5Ef5669e16801d61cd9c18bb4f432822c1d55763fd%7Ctwcon%5Es1_&amp;ref_url=https%3A%2F%2Fwww.lafm.com.co%2Finternacional%2Fla-agenda-de-maria-corina-machado-en-washington-incluye-un-almuerzo-privado-con-trump-387841\" target=\"_blank\" title=\"https:\/\/x.com\/voceriavzla\/status\/2011640989644177874?ref_src=twsrc%5Etfw%7Ctwcamp%5Etweetembed%7Ctwterm%5E2011640989644177874%7Ctwgr%5Ef5669e16801d61cd9c18bb4f432822c1d55763fd%7Ctwcon%5Es1_&amp;ref_url=https%3A%2F%2Fwww.lafm.com.co%2Finternacional%2Fla-agenda-de-maria-corina-machado-en-washington-incluye-un-almuerzo-privado-con-trump-387841\" class=\"com-link break-word\" data-mrf-recirculation=\"n_link_parrafo\" rel=\"nofollow\">agenda difundida<\/a> por la vocer\u00eda oficial de <strong>Mar\u00eda Corina Machado<\/strong>, la <strong>reuni\u00f3n con el presidente Donald Trump<\/strong> estuvo programada para<strong> <\/strong>este <strong>jueves 15 de enero a las 12.30 hs<\/strong>, hora local de Washington. El formato elegido fue un almuerzo privado en un comedor de la residencia presidencial, <strong>sin acceso para la prensa<\/strong>.<\/p>\n<p>Corina Machado se encontrar\u00e1 con Donald Trump en la Casa Blanca este jueves 15 de eneroAriana Cubillos &#8211; AP<\/p>\n<p class=\"com-paragraph   --s\">Durante el encuentro,<strong> Machado ten\u00eda previsto exponer su visi\u00f3n sobre la situaci\u00f3n pol\u00edtica y social de Venezuela<\/strong> tras la captura de Nicol\u00e1s Maduro y de Cilia Flores, ocurrida el 3 de enero en una operaci\u00f3n militar liderada por EE.UU. <\/p>\n<p class=\"com-paragraph   --s\">Seg\u00fan <a href=\"https:\/\/www.nbcnews.com\/news\/us-news\/trump-meets-venezuelan-opposition-leader-tension-minnesota-another-sho-rcna254157\" target=\"_blank\" title=\"https:\/\/www.nbcnews.com\/news\/us-news\/trump-meets-venezuelan-opposition-leader-tension-minnesota-another-sho-rcna254157\" class=\"com-link break-word\" data-mrf-recirculation=\"n_link_parrafo\" rel=\"nofollow noopener\">NBC News<\/a>, la dirigente buscar\u00eda <strong>respaldo expl\u00edcito para avanzar hacia un proceso de normalizaci\u00f3n institucional con elecciones competitivas<\/strong>.<\/p>\n<p>Agenda pol\u00edtica de Corina Machado en Washington para este jueves 15 de eneroX @voceriavzla<\/p>\n<p class=\"com-paragraph   --s\">El presidente Trump hab\u00eda anticipado p\u00fablicamente el encuentro d\u00edas atr\u00e1s. En una entrevista con <a href=\"https:\/\/www.lanacion.com.ar\/estados-unidos\/donald-trump-confirmo-que-se-reunira-la-semana-proxima-con-maria-corina-machado-en-estados-unidos-nid09012026\/\" target=\"_self\" title=\"https:\/\/www.lanacion.com.ar\/estados-unidos\/donald-trump-confirmo-que-se-reunira-la-semana-proxima-con-maria-corina-machado-en-estados-unidos-nid09012026\/\" class=\"com-link break-word\" data-mrf-recirculation=\"n_link_parrafo\" rel=\"nofollow noopener\">Fox News<\/a>, se\u00f1al\u00f3 que esperaba reunirse con Machado durante la semana y <strong>manifest\u00f3 inter\u00e9s en dialogar con ella<\/strong>.<strong> \u201cEstoy impaciente por saludarla\u201d,<\/strong> se\u00f1al\u00f3.<\/p>\n<p class=\"com-paragraph   --s\">Desde la Casa Blanca indicaron que<strong> el encuentro se concede como una cortes\u00eda diplom\u00e1tica<\/strong> solicitada por la dirigente venezolana.<\/p>\n<p class=\"com-paragraph   --s\">Una vez que Machado sali\u00f3 de la Casa Blanca, fue abordaba por periodistas y consultada acerca del resultado de la reuni\u00f3n. En ese sentido, solo dijo que <strong>hab\u00eda sido \u201cexcelente\u201d<\/strong> y que ofrecer\u00eda detalles m\u00e1s adelante en una declaraci\u00f3n.<\/p>\n<p class=\"com-paragraph   --s\">Adem\u00e1s del encuentro con Trump, la<strong> agenda de Mar\u00eda Corina Machado en Estados Unidos <\/strong>incluy\u00f3 reuniones con legisladores y funcionarios clave. <strong>A las 15 hs estuvo previsto un encuentro con senadores estadounidenses<\/strong>, en el que expuso su an\u00e1lisis sobre el proceso de transici\u00f3n en Venezuela y el rol de la oposici\u00f3n organizada.<\/p>\n<p class=\"com-paragraph   --s\">Estas reuniones en el Capitolio forman parte de una estrategia orientada a <strong>consolidar apoyos pol\u00edticos dentro del Congreso de EE.UU.<\/strong>, tanto en el Partido Republicano como en sectores dem\u00f3cratas, para<strong> mantener presi\u00f3n diplom\u00e1tica sobre el gobierno interino venezolano<\/strong> en relaci\u00f3n con los derechos humanos y el calendario electoral.<\/p>\n<p class=\"com-paragraph   --s\">Antes de la reuni\u00f3n, el senador republicano por Florida, <strong>Rick Scott, afirm\u00f3 que Mar\u00eda Corina Machado se convertir\u00e1 en presidenta de Venezuela<\/strong>, m\u00e1s all\u00e1 de los dichos de Donald Trump tras la captura de Nicol\u00e1s Maduro. <strong>\u201cCreo que claramente se convertir\u00e1 en presidenta\u201d<\/strong>, dijo Scott, para luego deslizar que Trump y Marco Rubio tendr\u00edan un plan claro de transici\u00f3n que hay que respetar. Y agreg\u00f3: <strong>\u201cNo creo que haya ninguna duda de que ella tiene el respeto\u201d<\/strong>.<\/p>\n<p>La opositora venezolana buscar\u00e1 asegurar una transici\u00f3n democr\u00e1tica formal, mientras persisten tensiones sobre qui\u00e9n ejercer\u00e1 el control definitivo de Venezuelaafp  &#8211; AFP <\/p>\n<p class=\"com-paragraph   --s\">Machado tambi\u00e9n busca reforzar el di\u00e1logo con la administraci\u00f3n Trump, que hasta el momento <strong>ha optado por respaldar una conducci\u00f3n transitoria encabezada por Delcy Rodr\u00edguez<\/strong>.<\/p>\n<p class=\"com-paragraph   --s\">La reuni\u00f3n entre Trump y Machado se produce en un escenario pol\u00edtico complejo. Tras <a href=\"https:\/\/www.lanacion.com.ar\/estados-unidos\/quien-es-la-venezolana-que-asegura-haber-participado-de-la-captura-de-nicolas-maduro-nid13012026\/\" target=\"_self\" title=\"https:\/\/www.lanacion.com.ar\/estados-unidos\/quien-es-la-venezolana-que-asegura-haber-participado-de-la-captura-de-nicolas-maduro-nid13012026\/\" class=\"com-link break-word\" data-mrf-recirculation=\"n_link_parrafo\" rel=\"nofollow noopener\">la detenci\u00f3n de Nicol\u00e1s Maduro<\/a>, <strong>la administraci\u00f3n estadounidense reconoci\u00f3 a Delcy Rodr\u00edguez como presidenta interina<\/strong> para la gesti\u00f3n diaria del gobierno venezolano, mientras se eval\u00faan los pasos a seguir en el proceso de estabilizaci\u00f3n de ese pa\u00eds.<\/p>\n<p class=\"com-paragraph   --s\">Desde Caracas, el <strong>liderazgo interino <\/strong>sostiene que no existe una injerencia externa en el gobierno, aunque acept\u00f3 una serie de exigencias planteadas por Washington, entre ellas, la<strong> apertura de negociaciones en relaci\u00f3n con el petr\u00f3leo y la revisi\u00f3n de la situaci\u00f3n de los presos pol\u00edticos<\/strong>. <\/p>\n<p class=\"com-paragraph   --s\">Trump, por su parte, reiter\u00f3 que, una vez alcanzada cierta estabilidad, <strong>Venezuela deber\u00e1 volver a celebrar elecciones<\/strong>. \u201cEstoy seguro de eso. Pero va a tomar un tiempo\u201d, asegur\u00f3 a Fox News.<\/p>\n<p class=\"com-paragraph   --s\">En declaraciones recientes, <strong>Trump<\/strong> confirm\u00f3 que mantuvo una <strong>conversaci\u00f3n telef\u00f3nica con Delcy Rodr\u00edguez<\/strong>,<strong> <\/strong>a la que calific\u00f3 como extensa y positiva.<\/p>\n<p class=\"com-paragraph   --s\"><strong>\u201cEstamos logrando avances extraordinarios<\/strong> mientras <strong>ayudamos a Venezuela a estabilizarse y recuperarse<\/strong>\u201d, dijo el mandatario estadounidense en una publicaci\u00f3n en <a href=\"https:\/\/truthsocial.com\/@realDonaldTrump\/posts\/115895806350456434\" target=\"_blank\" title=\"https:\/\/truthsocial.com\/@realDonaldTrump\/posts\/115895806350456434\" class=\"com-link break-word\" data-mrf-recirculation=\"n_link_parrafo\" rel=\"nofollow noopener\">Truth Social<\/a> el mi\u00e9rcoles 14 de enero. \u201cSe abordaron muchos temas, como el petr\u00f3leo, los minerales, el comercio y, por supuesto, la seguridad nacional. <strong>Esta alianza ser\u00e1 espectacular para todos<\/strong> y Venezuela pronto volver\u00e1 a ser grande y pr\u00f3spera, \u00a1quiz\u00e1s m\u00e1s que nunca!\u201d, se\u00f1al\u00f3.<\/p>\n","protected":false},"excerpt":{"rendered":"La presencia de Mar\u00eda Corina Machado en Estados Unidos marca uno de los momentos de mayor exposici\u00f3n internacional&hellip;\n","protected":false},"author":2,"featured_media":343470,"comment_status":"","ping_status":"","sticky":false,"template":"","format":"standard","meta":{"footnotes":""},"categories":[5],"tags":[17,18,25,24,13,14,11,19,20,9,10,15,16,23,12,21,22],"class_list":{"0":"post-343469","1":"post","2":"type-post","3":"status-publish","4":"format-standard","5":"has-post-thumbnail","7":"category-titulares","8":"tag-breaking-news","9":"tag-breakingnews","10":"tag-es","11":"tag-espana","12":"tag-featured-news","13":"tag-featurednews","14":"tag-headlines","15":"tag-latest-news","16":"tag-latestnews","17":"tag-news","18":"tag-noticias","19":"tag-noticias-destacadas","20":"tag-noticiasdestacadas","21":"tag-spain","22":"tag-titulares","23":"tag-ultimas-noticias","24":"tag-ultimasnoticias"},"share_on_mastodon":{"url":"https:\/\/pubeurope.com\/@es\/115903184424663700","error":""},"_links":{"self":[{"href":"https:\/\/www.europesays.com\/es\/wp-json\/wp\/v2\/posts\/343469","targetHints":{"allow":["GET"]}}],"collection":[{"href":"https:\/\/www.europesays.com\/es\/wp-json\/wp\/v2\/posts"}],"about":[{"href":"https:\/\/www.europesays.com\/es\/wp-json\/wp\/v2\/types\/post"}],"author":[{"embeddable":true,"href":"https:\/\/www.europesays.com\/es\/wp-json\/wp\/v2\/users\/2"}],"replies":[{"embeddable":true,"href":"https:\/\/www.europesays.com\/es\/wp-json\/wp\/v2\/comments?post=343469"}],"version-history":[{"count":0,"href":"https:\/\/www.europesays.com\/es\/wp-json\/wp\/v2\/posts\/343469\/revisions"}],"wp:featuredmedia":[{"embeddable":true,"href":"https:\/\/www.europesays.com\/es\/wp-json\/wp\/v2\/media\/343470"}],"wp:attachment":[{"href":"https:\/\/www.europesays.com\/es\/wp-json\/wp\/v2\/media?parent=343469"}],"wp:term":[{"taxonomy":"category","embeddable":true,"href":"https:\/\/www.europesays.com\/es\/wp-json\/wp\/v2\/categories?post=343469"},{"taxonomy":"post_tag","embeddable":true,"href":"https:\/\/www.europesays.com\/es\/wp-json\/wp\/v2\/tags?post=343469"}],"curies":[{"name":"wp","href":"https:\/\/api.w.org\/{rel}","templated":true}]}}