{"id":343537,"date":"2026-01-16T06:43:10","date_gmt":"2026-01-16T06:43:10","guid":{"rendered":"https:\/\/www.europesays.com\/es\/343537\/"},"modified":"2026-01-16T06:43:10","modified_gmt":"2026-01-16T06:43:10","slug":"28-anos-despues-el-templo-de-los-huesos-el-filme-zombi-que-logra-resucitar-cine-estrenos-y-criticas","status":"publish","type":"post","link":"https:\/\/www.europesays.com\/es\/343537\/","title":{"rendered":"\u201828 a\u00f1os despu\u00e9s: el templo de los huesos\u2019: el filme zombi que logra resucitar | Cine: estrenos y cr\u00edticas"},"content":{"rendered":"<p class=\"\">Ahora las pel\u00edculas de sagas terminan como un episodio de televisi\u00f3n de fin de temporada: abriendo boca para la nueva secuela, pero en anticl\u00edmax.<a href=\"https:\/\/elpais.com\/cultura\/2025-06-20\/28-anos-despues-danny-boyle-resucita-el-cine-zombi-con-estilo-sustancia-y-furia-pagana.html\" target=\"_self\" rel=\"nofollow noopener\" title=\"https:\/\/elpais.com\/cultura\/2025-06-20\/28-anos-despues-danny-boyle-resucita-el-cine-zombi-con-estilo-sustancia-y-furia-pagana.html\"> 28 a\u00f1os despu\u00e9s,<\/a> estrenada hace apenas siete meses, resurrecci\u00f3n de una estupenda franquicia de zombis de la primera d\u00e9cada de los 2000, conformada por <a href=\"https:\/\/elpais.com\/diario\/2003\/04\/25\/cine\/1051221611_850215.html\" target=\"_self\" rel=\"nofollow noopener\" title=\"https:\/\/elpais.com\/diario\/2003\/04\/25\/cine\/1051221611_850215.html\">28 d\u00edas despu\u00e9s <\/a>y <a href=\"https:\/\/elpais.com\/diario\/2007\/06\/29\/cine\/1183068018_850215.html\" target=\"_self\" rel=\"nofollow noopener\" title=\"https:\/\/elpais.com\/diario\/2007\/06\/29\/cine\/1183068018_850215.html\">28 semanas despu\u00e9s,<\/a> culminaba con un ep\u00edlogo que devaluaba un tanto lo visto hasta entonces \u2014una aguerrida pel\u00edcula de terror folcl\u00f3rico de tradiciones paganas\u2014, y auguraba una nueva entrega con unos protagonistas sin demasiado carisma y un estilo formal distinto. <\/p>\n<p>M\u00e1s informaci\u00f3n<\/p>\n<p class=\"\">Aquel presagio se cumple casi a rajatabla durante los primeros 70 minutos de 28 a\u00f1os despu\u00e9s: El templo de los huesos, en la que <a href=\"https:\/\/es.wikipedia.org\/wiki\/Nia_DaCosta\" target=\"_self\" rel=\"nofollow noopener\" title=\"https:\/\/es.wikipedia.org\/wiki\/Nia_DaCosta\">Nia DaCosta<\/a> sustituye a <a href=\"https:\/\/elpais.com\/cultura\/2025-06-07\/danny-boyle-mezcla-zombies-con-brexit-somos-una-isla-pequena-de-mierda-no-un-imperio.html#?rel=mas_sumario\" target=\"_self\" rel=\"nofollow noopener\" title=\"https:\/\/elpais.com\/cultura\/2025-06-07\/danny-boyle-mezcla-zombies-con-brexit-somos-una-isla-pequena-de-mierda-no-un-imperio.html#?rel=mas_sumario\">Danny Boyle<\/a> en la direcci\u00f3n, con <a href=\"https:\/\/elpais.com\/cultura\/2024-04-18\/civil-war-la-guerra-civil-que-triunfa-y-aterra-a-estados-unidos-mientras-manda-un-mensaje-al-resto-del-mundo.html\" target=\"_self\" rel=\"nofollow noopener\" title=\"https:\/\/elpais.com\/cultura\/2024-04-18\/civil-war-la-guerra-civil-que-triunfa-y-aterra-a-estados-unidos-mientras-manda-un-mensaje-al-resto-del-mundo.html\">Alex Garland<\/a> una vez m\u00e1s al frente del guion. Aqu\u00ed hay mucha m\u00e1s violencia expl\u00edcita, infinito gore y un tono m\u00e1s dionisiaco y efervescente, aunque con secuencias a menudo demasiado largas, comandadas en el relato por un grupo sin excesiva personalidad: unos cafres m\u00e1s o menos inspirados en la enervante pandilla de La naranja mec\u00e1nica, vestidos de teletubbies, con colores chillones, pelucas rubias y collares de oro. Garland enlaza con gracia con la primera secuencia de 28 a\u00f1os despu\u00e9s, en la que un grupo de cr\u00edos sufr\u00eda una matanza zombi mientras disfrutaba de la ingenua serie de televisi\u00f3n, pero a cambio se le desequilibra demasiado el relato porque la comparaci\u00f3n con la segunda gran trama de esta nueva entrega, la del m\u00e9dico solitario que interpreta el formidable <a href=\"https:\/\/elpais.com\/icon\/2023-09-30\/no-quiero-que-me-conozcan-quiero-estar-a-salvo-ralph-fiennes-el-gran-actor-teatral-que-no-quiso-ser-ni-famoso-ni-galan.html\" target=\"_self\" rel=\"nofollow noopener\" title=\"https:\/\/elpais.com\/icon\/2023-09-30\/no-quiero-que-me-conozcan-quiero-estar-a-salvo-ralph-fiennes-el-gran-actor-teatral-que-no-quiso-ser-ni-famoso-ni-galan.html\">Ralph Fiennes,<\/a> se hace a\u00fan m\u00e1s patente.<\/p>\n<p class=\"\">En demasiados momentos de la primera mitad de El templo de los huesos huele a episodio de transici\u00f3n de serial de plataformas, a interminables minutos en los que no ocurren cosas relevantes. Hay una estupenda colecci\u00f3n de canciones brit\u00e1nicas, y el gore y el folk horror impuestos por DaCosta recuerdan a la fundacional en materia de (simulacro) de metraje encontrado Holocausto can\u00edbal. Pero en el guion de Garland sigue habiendo tiempos muertos de m\u00e1s.<\/p>\n<p><img decoding=\"auto\" class=\"_re lazyload a_m-h\" height=\"276\"  width=\"414\"  src=\"https:\/\/www.europesays.com\/es\/wp-content\/uploads\/2026\/01\/RLIF47KMIBBULKGZDD7IBZNU2A.webp.jpeg\" loading=\"lazy\"\/>Jack O&#8217;Connell, en &#8217;28 a\u00f1os despu\u00e9s: el templo de los huesos&#8217;.<\/p>\n<p class=\"\">No obstante, casi sorprendentemente, cuando ya se est\u00e1 cerca de la lengua fuera a causa no del aburrimiento, aunque s\u00ed de un amago de tedio, Garland y DaCosta dan un importante volantazo que unen las dos tramas. Primero, con una magn\u00edfica, preciosa y trascendente conversaci\u00f3n acerca de lo que ocurr\u00eda antes de la epidemia de infecciones: \u201cSe hab\u00eda llegado a una cierta certeza en todo el mundo; por supuesto que hab\u00eda revueltas y guerras, pero los cimientos estaban puestos\u201d, se viene a decir. Lo que nos lleva tanto a la tragedia del covid como a cualquier momento hist\u00f3rico que provoque que esa certidumbre se resquebraje, y justo ahora corre uno de esos tiempos. Y segundo, con otra estupenda charla, poco habitual en las historias de zombis, puramente cient\u00edfica y m\u00e9dica, acerca del diagn\u00f3stico (f\u00edsico y psiqui\u00e1trico) de los contagiados y de una posible cura. <\/p>\n<p class=\"\">As\u00ed, desde un nivel muy superior a lo experimentado en la primera parte del metraje, se llega a un desenlace muy poderoso en lo visual, lo sonoro, lo musical y lo aleg\u00f3rico, capitaneado al fondo nada menos que por Iron Maiden (y, por supuesto, por el genio de Fiennes). La estadounidense DaCosta, que este mismo a\u00f1o ha estrenado Hedda Gabler, pero que es una especialista en cine de g\u00e9nero desde Candyman, monta un espect\u00e1culo de simbolog\u00eda cat\u00f3lica, de crucifixiones y esperanzas, de Dios y Satan\u00e1s, con notable fiereza.<\/p>\n<p>M\u00e1s informaci\u00f3n<\/p>\n<p class=\"\">Todo esto, claro, antes de un nuevo y anticlim\u00e1tico ep\u00edlogo, que adelanta una tercera parte, en la que volver\u00e1 Boyle. El deambulatorio cine zombi no parece tener fin, y El templo de los huesos podr\u00eda ser su paradigma: una pel\u00edcula que a mitad de camino parec\u00eda agonizar, pero que revive como el m\u00e1s feroz de los contagiados.<\/p>\n<p>28 a\u00f1os despu\u00e9s: el templo de los huesos<\/p>\n<p><strong>Direcci\u00f3n:<\/strong> Nia DaCosta.<\/p>\n<p><strong>Int\u00e9rpretes:<\/strong> Ralph Fiennes, Alfie Williams, Jack O\u2019Connell, Emma Laird. <\/p>\n<p><strong>G\u00e9nero:<\/strong> terror. Reino Unido, 2026.<\/p>\n<p><strong>Duraci\u00f3n:<\/strong> 120 minutos. <\/p>\n<p><strong>Estreno: 16 de enero.<\/strong><\/p>\n","protected":false},"excerpt":{"rendered":"Ahora las pel\u00edculas de sagas terminan como un episodio de televisi\u00f3n de fin de temporada: abriendo boca para&hellip;\n","protected":false},"author":2,"featured_media":343538,"comment_status":"","ping_status":"","sticky":false,"template":"","format":"standard","meta":{"footnotes":""},"categories":[169],"tags":[1014,177,11365,11344,209,77947,9265,146,147,25,24,176,175,753,26264,23,22301],"class_list":{"0":"post-343537","1":"post","2":"type-post","3":"status-publish","4":"format-standard","5":"has-post-thumbnail","7":"category-cine","8":"tag-actores","9":"tag-cine","10":"tag-cine-terror","11":"tag-critica-cine","12":"tag-cultura","13":"tag-danny-boyle","14":"tag-directores-cine","15":"tag-entertainment","16":"tag-entretenimiento","17":"tag-es","18":"tag-espana","19":"tag-film","20":"tag-movies","21":"tag-peliculas","22":"tag-ralph-fiennes","23":"tag-spain","24":"tag-zombis"},"share_on_mastodon":{"url":"https:\/\/pubeurope.com\/@es\/115903424328691975","error":""},"_links":{"self":[{"href":"https:\/\/www.europesays.com\/es\/wp-json\/wp\/v2\/posts\/343537","targetHints":{"allow":["GET"]}}],"collection":[{"href":"https:\/\/www.europesays.com\/es\/wp-json\/wp\/v2\/posts"}],"about":[{"href":"https:\/\/www.europesays.com\/es\/wp-json\/wp\/v2\/types\/post"}],"author":[{"embeddable":true,"href":"https:\/\/www.europesays.com\/es\/wp-json\/wp\/v2\/users\/2"}],"replies":[{"embeddable":true,"href":"https:\/\/www.europesays.com\/es\/wp-json\/wp\/v2\/comments?post=343537"}],"version-history":[{"count":0,"href":"https:\/\/www.europesays.com\/es\/wp-json\/wp\/v2\/posts\/343537\/revisions"}],"wp:featuredmedia":[{"embeddable":true,"href":"https:\/\/www.europesays.com\/es\/wp-json\/wp\/v2\/media\/343538"}],"wp:attachment":[{"href":"https:\/\/www.europesays.com\/es\/wp-json\/wp\/v2\/media?parent=343537"}],"wp:term":[{"taxonomy":"category","embeddable":true,"href":"https:\/\/www.europesays.com\/es\/wp-json\/wp\/v2\/categories?post=343537"},{"taxonomy":"post_tag","embeddable":true,"href":"https:\/\/www.europesays.com\/es\/wp-json\/wp\/v2\/tags?post=343537"}],"curies":[{"name":"wp","href":"https:\/\/api.w.org\/{rel}","templated":true}]}}