{"id":34354,"date":"2025-08-08T18:15:14","date_gmt":"2025-08-08T18:15:14","guid":{"rendered":"https:\/\/www.europesays.com\/es\/34354\/"},"modified":"2025-08-08T18:15:14","modified_gmt":"2025-08-08T18:15:14","slug":"tsitsipas-explica-los-motivos-de-su-reconciliacion","status":"publish","type":"post","link":"https:\/\/www.europesays.com\/es\/34354\/","title":{"rendered":"Tsitsipas explica los motivos de su reconciliaci\u00f3n"},"content":{"rendered":"<p class=\"parrafo\">El 2025 hemos visto la ca\u00edda en desgracia de uno de los jugadores que m\u00e1s tiempo han estado en la parte alta del ranking estos \u00faltimos a\u00f1os, Stefanos Tsitsipas. El griego, que parec\u00eda un top ten perenne y <strong>pese a que le faltaba un paso para pelear con los mejores, siempre estaba ah\u00ed en las rondas finales<\/strong>. Pero este curso, con apenas 26 a\u00f1os, <a href=\"https:\/\/www.estadiodeportivo.com\/tenis\/tsitsipas-dice-adios-20250731-506145.html\" target=\"_blank\" class=\"intext-link\" rel=\"nofollow noopener\">todo ha sido un drama constante para \u00e9l<\/a>. Lejos de los 20 mejores, con derrotas inesperadas y con m\u00e1s revuelo duera de la pista que dentro de ellas, con <strong>cambios de entrenador, rupturas sonadas y muchas m\u00e1s declaraciones pol\u00e9micas de las que deber\u00eda<\/strong>.<\/p>\n<p class=\"parrafo\">Por eso mismo necesita de nuevo encontrar la cordura que parece haber perdido y para hacerlo ha optado por dar varios pasos atr\u00e1s y volver a lo que siempre le fue bien, pero que parece que tiene un tope: <a href=\"https:\/\/www.estadiodeportivo.com\/tenis\/stefanos-tsitsipas-decide-volver-20250730-506026.html\" target=\"_blank\" class=\"intext-link\" rel=\"nofollow noopener\">tener a su padre de entrenador<\/a>. Han pasado unas semanas de que s<strong>u relaci\u00f3n con Goran Ivanisevic llegara a su fin y tras las hirientes palabras del croata<\/strong>, que criticaba su cabeza, su juego e incluso su forma f\u00edsica, &#8216;Stef&#8217; no ha querido entrar en ajustar nada de eso. si no que simplemente ha retornado a su padre.<\/p>\n<p><img decoding=\"async\" src=\"https:\/\/www.europesays.com\/es\/wp-content\/uploads\/2025\/08\/7c63c5a6-877a-43f6-8823-c15ddb0c3e46_800x450.jpeg\" loading=\"lazy\"\/><\/p>\n<p class=\"parrafo\">Tras hacerlo, ha hecho p\u00fablicos motivos de su reconciliaci\u00f3n y ha expresado como se siente tras <strong>un cambio tan dr\u00e1stico que ha terminado volviendo donde pensaba que no iba a estar de nuevo<\/strong>. Y es que la relaci\u00f3n entre ambos estaba lejos de ser id\u00edlica, de hecho, fue ese el problema que les llev\u00f3 a separar sus caminos hace ya m\u00e1s de un a\u00f1o. \u00abTodo el mundo lo ha visto, no puedo decir que no haya pasado, lo admito. Pero <strong>ya no nos gritamos como antes<\/strong>. Ahora tenemos una relaci\u00f3n m\u00e1s tranquila\u201d.<\/p>\n<p><a class=\"elementos-rel-t2\" href=\"https:\/\/www.estadiodeportivo.com\/tenis\/aryna-sabalenka-dice-basta-antes-cincinnati-20250808-507152.html\" title=\"Aryna Sabalenka dice basta antes de Cincinnati\" rel=\"nofollow noopener\" target=\"_blank\">Aryna Sabalenka dice basta antes de Cincinnati<img decoding=\"async\" src=\"https:\/\/www.europesays.com\/es\/wp-content\/uploads\/2025\/08\/18502f9c-cb0f-47f8-b741-920c568d3111_320x180.jpeg\" alt=\"Aryna Sabalenka dice basta antes de Cincinnati\"\/><\/a><a class=\"elementos-rel-t2\" href=\"https:\/\/www.estadiodeportivo.com\/tenis\/carlos-alcaraz-apunta-nuevo-reto-con-espana-20250808-507136.html\" title=\"Carlos Alcaraz se apunta a un nuevo reto con Espa\u00f1a\" rel=\"nofollow noopener\" target=\"_blank\">Carlos Alcaraz se apunta a un nuevo reto con Espa\u00f1a<img decoding=\"async\" src=\"https:\/\/www.europesays.com\/es\/wp-content\/uploads\/2025\/08\/96004908-09e7-4ad4-b719-77dd64070050_320x180.jpeg\" alt=\"Carlos Alcaraz se apunta a un nuevo reto con Espa\u00f1a\"\/><\/a><a class=\"elementos-rel-t2\" href=\"https:\/\/www.estadiodeportivo.com\/tenis\/alejandro-davidovich-logra-gran-ascenso-carrera-20250808-507091.html\" title=\"Alejandro Davidovich logra el gran ascenso de su carrera\" rel=\"nofollow noopener\" target=\"_blank\">Alejandro Davidovich logra el gran ascenso de su carrera<img decoding=\"async\" src=\"https:\/\/www.europesays.com\/es\/wp-content\/uploads\/2025\/08\/f07f1c13-af5f-483d-ba6f-a5d27e6872bf_320x180.jpeg\" alt=\"Alejandro Davidovich logra el gran ascenso de su carrera\"\/><\/a>Todo fluye mucho mejor<\/p>\n<p class=\"parrafo\">El ateniense ha confesado que en este momento <strong>su padre le escucha mucho m\u00e1s y tienen una relaci\u00f3n m\u00e1s organizada y de dos v\u00edas<\/strong>, lo que se deber\u00eda traducir en <strong>una necesaria mejora en su tenis<\/strong>. Y es que ten\u00edan que cambiar muchas cosas en la forma de comportarse el uno con el otro. \u00abLo que me hac\u00eda la vida dif\u00edcil era que \u00e9l no estaba preparado para esos cambios. Yo hab\u00eda hecho todo lo que pod\u00eda, pero <strong>estar con mi padre se hab\u00eda convertido sobre todo en una fuente de frustraci\u00f3n<\/strong>\u00ab. Pero ya lo han hecho y el futuro no pinta nada mal: \u201cHa aprendido a volver a ponerme en el centro del proyecto, en lugar de anteponer sus ideas y certezas. <strong>Ahora escucha m\u00e1s mis sensaciones que antes<\/strong>. Ya veremos c\u00f3mo evoluciona con el tiempo\u201d.<\/p>\n","protected":false},"excerpt":{"rendered":"El 2025 hemos visto la ca\u00edda en desgracia de uno de los jugadores que m\u00e1s tiempo han estado&hellip;\n","protected":false},"author":2,"featured_media":34355,"comment_status":"","ping_status":"","sticky":false,"template":"","format":"standard","meta":{"footnotes":""},"categories":[274],"tags":[168,25,24,284,23,167,9409,327,326],"class_list":{"0":"post-34354","1":"post","2":"type-post","3":"status-publish","4":"format-standard","5":"has-post-thumbnail","7":"category-tenis","8":"tag-deportes","9":"tag-es","10":"tag-espana","11":"tag-estadio-deportivo","12":"tag-spain","13":"tag-sports","14":"tag-stefanos-tsitsipas","15":"tag-tenis","16":"tag-tennis"},"share_on_mastodon":{"url":"","error":""},"_links":{"self":[{"href":"https:\/\/www.europesays.com\/es\/wp-json\/wp\/v2\/posts\/34354","targetHints":{"allow":["GET"]}}],"collection":[{"href":"https:\/\/www.europesays.com\/es\/wp-json\/wp\/v2\/posts"}],"about":[{"href":"https:\/\/www.europesays.com\/es\/wp-json\/wp\/v2\/types\/post"}],"author":[{"embeddable":true,"href":"https:\/\/www.europesays.com\/es\/wp-json\/wp\/v2\/users\/2"}],"replies":[{"embeddable":true,"href":"https:\/\/www.europesays.com\/es\/wp-json\/wp\/v2\/comments?post=34354"}],"version-history":[{"count":0,"href":"https:\/\/www.europesays.com\/es\/wp-json\/wp\/v2\/posts\/34354\/revisions"}],"wp:featuredmedia":[{"embeddable":true,"href":"https:\/\/www.europesays.com\/es\/wp-json\/wp\/v2\/media\/34355"}],"wp:attachment":[{"href":"https:\/\/www.europesays.com\/es\/wp-json\/wp\/v2\/media?parent=34354"}],"wp:term":[{"taxonomy":"category","embeddable":true,"href":"https:\/\/www.europesays.com\/es\/wp-json\/wp\/v2\/categories?post=34354"},{"taxonomy":"post_tag","embeddable":true,"href":"https:\/\/www.europesays.com\/es\/wp-json\/wp\/v2\/tags?post=34354"}],"curies":[{"name":"wp","href":"https:\/\/api.w.org\/{rel}","templated":true}]}}