{"id":343584,"date":"2026-01-16T07:14:34","date_gmt":"2026-01-16T07:14:34","guid":{"rendered":"https:\/\/www.europesays.com\/es\/343584\/"},"modified":"2026-01-16T07:14:34","modified_gmt":"2026-01-16T07:14:34","slug":"la-aemet-avisa-de-copiosas-nevadas-fuertes-vientos-y-lluvias-persistentes","status":"publish","type":"post","link":"https:\/\/www.europesays.com\/es\/343584\/","title":{"rendered":"la AEMET avisa de copiosas nevadas, fuertes vientos y lluvias persistentes"},"content":{"rendered":"<p>Aunque las \u00faltimas previsiones apuntan a un <b>invierno m\u00e1s c\u00e1lido de lo habitual,<\/b><a title=\"el tiempo volver\u00e1 a complicarse en los pr\u00f3ximos d\u00edas\" href=\"https:\/\/www.larazon.es\/sociedad\/ultima-hora-tren-borrascas-espana-aemet-pone-foco-estas-comunidades-lluvias-nieve_202601156968974abe7ae37724c67868.html\" target=\"_blank\" rel=\"nofollow noopener\">el tiempo volver\u00e1 a complicarse en los pr\u00f3ximos d\u00edas<\/a>. <b>La nieve regresar\u00e1 a varias zonas del pa\u00eds<\/b>, con espesores importantes<b>,<\/b> mientras que las lluvias lluvias se generalizar\u00e1n y el viento soplar\u00e1 con rachas intensas, seg\u00fan la <b>Agencia Estatal de Meteorolog\u00eda (AEMET).<\/b> Este nuevo episodio de inestabilidad llega despu\u00e9s de semanas marcadas por <b>temperaturas puntualmente muy bajas <\/b>y unas Navidades con nevadas en numerosos puntos, una situaci\u00f3n que, seg\u00fan los expertos, es completamente normal para esta \u00e9poca del a\u00f1o.<\/p>\n<p>Predicci\u00f3n para el viernes<\/p>\n<p>Para <b>ma\u00f1ana viernes,<\/b> se esperan n<b>evadas con acumulaciones significativas <\/b>en zonas de monta\u00f1a de la mitad norte, mientras que en zonas altas de la meseta sur podr\u00edan persistir nieblas densas. La pen\u00ednsula y Baleares estar\u00e1n bajo la influencia del paso de varios frentes y predominar\u00e1n los <b>cielos nubosos o cubiertos con precipitaciones generalizadas<\/b>, que ser\u00e1n menos probables en el Cant\u00e1brico, fachada oriental peninsular y Baleares.<\/p>\n<p>Las lluvias m\u00e1s intensas se concentrar\u00e1n en la <b>vertiente atl\u00e1ntica sur, Galicia y entorno pirenaico<\/b>, especialmente en el <b>oeste de Galicia y puntos de Andaluc\u00eda occidental<\/b>. La cota de nieve se situar\u00e1 en torno a 1.000\/1.400 metros, aunque al inicio del episodio estar\u00e1 m\u00e1s alta, en torno a 1.500-1.700 metros en las sierras del sureste, y <b>podr\u00eda descender hasta 800 metros en el cuadrante noroeste.<\/b><\/p>\n<p>En cuanto a las temperaturas, se esperan <b>m\u00e1ximas de entre 7 y 8 grados en ciudades del interior como Burgos, Soria, \u00c1vila, Palencia o Valladolid<\/b>. En Madrid no se superar\u00e1n los 9 grados, ni en Segovia, Zamora o Lugo.<\/p>\n<p>Chubascos en casi todo el pa\u00eds<\/p>\n<p>Por su parte, eltiempo.es indica que durante el <b>s\u00e1bado<\/b> se prev\u00e9n <b>chubascos en casi todo el pa\u00eds a excepci\u00f3n del noreste, donde las precipitaciones ser\u00e1n intensas y persistentes. Se dar\u00e1n chubascos y tormentas fuertes en Baleares y Catalu\u00f1<\/b>a, donde tambi\u00e9n se espera nieve por encima de los 1.300 a 1.600 metros (m).<\/p>\n<p>A lo largo del d\u00eda, <b>las lluvias se extender\u00e1n tambi\u00e9n a Arag\u00f3n y otras zonas del sistema Ib\u00e9rico, donde se reforzar\u00e1n de cara a la madrugada del domingo<\/b>. En el suroeste del pa\u00eds, los chubascos continuar\u00e1n, <b>con posibilidad de nevadas en \u00e1reas de Arag\u00f3n, Cuenca, Guadalajara y Soria<\/b>, con una cota de nieve aproximada de 900 metros.<\/p>\n<p>El ambiente ser\u00e1 fr\u00edo, con heladas extendidas en gran parte del interior, y <b>las m\u00e1ximas diarias no superar\u00e1n los 10\u00baC <\/b>en la mayor\u00eda del territorio, salvo en zonas costeras.<\/p>\n<p>De cara al <b>lunes<\/b>, el portal meteorol\u00f3gico puntualiza que <b>las precipitaciones volver\u00edan a todo el este de Espa\u00f1a y que afectar\u00edan un d\u00eda m\u00e1s a Baleares, Catalu\u00f1a y Arag\u00f3n.<\/b> De forma paralela, tambi\u00e9n se esperan chubascos en zonas del suroeste.<\/p>\n<p>Durante la jornada del <b>martes<\/b>, las l<b>luvias podr\u00edan ser persistentes e intensas en toda la cuenca del Ebro, puntos de Castell\u00f3n, Catalu\u00f1a y Baleares y alcanzar\u00edan con el paso de las horas tambi\u00e9n Castilla y Le\u00f3n, Guadalajara, Madrid, Cuenca y Albacete<\/b>. En todas estas zonas, la cota de nieve se situar\u00e1 sobre los 1.000 a 1.200 m. En este sentido, Eltiempo.es ha indicado que se podr\u00edan registrar entre 15 y 20 cm de acumulado de nieve por aqu\u00ed, al igual que en el sistema central.<\/p>\n<p>\u00bfEst\u00e1 siendo muy fr\u00edo este invierno?<\/p>\n<p>A pesar de los episodios de fr\u00edo y nieve, el invierno en su conjunto <b>no est\u00e1 siendo m\u00e1s fr\u00edo de lo previsto<\/b>. Las predicciones estacionales de la AEMET pronostican una estaci\u00f3n m\u00e1s c\u00e1lida de lo normal, y los picos de fr\u00edo son puntuales y no determinan el balance final de la temporada. Como explica Rub\u00e9n del Campo, portavoz de la AEMET: <b>\u201cEntra dentro de lo normal que pese a que se haya previsto un invierno en conjunto c\u00e1lido, haya per\u00edodos fr\u00edos a lo largo de la estaci\u00f3n<\/b>\u201d.<\/p>\n<p>El invierno meteorol\u00f3gico, que abarca del 1 de diciembre al 28 de febrero,<b> comenz\u00f3 con semanas m\u00e1s c\u00e1lidas de lo habitual.<\/b> Las previsiones trimestrales ofrecen un pron\u00f3stico probabil\u00edstico para toda la estaci\u00f3n, indicando la probabilidad de que la temperatura media sea m\u00e1s c\u00e1lida, normal o fr\u00eda, y lo mismo para las precipitaciones. Cuando se pronostica, por ejemplo, un 60-70 % de probabilidad de un invierno m\u00e1s c\u00e1lido, esto significa que la media de la estaci\u00f3n tender\u00e1 a ser superior a lo normal, pero no excluye episodios puntuales de fr\u00edo o nieve, que siguen siendo posibles.<\/p>\n<p>Adem\u00e1s, la fiabilidad de las predicciones a largo plazo se limita al conjunto de la estaci\u00f3n. <b>Los episodios concretos, como nevadas o olas de fr\u00edo, solo pueden anticiparse con cierta precisi\u00f3n hasta siete o diez d\u00edas antes<\/b>, y las precipitaciones en Espa\u00f1a son especialmente irregulares, por lo que uno o dos episodios intensos pueden concentrar gran parte de la media de toda la estaci\u00f3n.<\/p>\n","protected":false},"excerpt":{"rendered":"Aunque las \u00faltimas previsiones apuntan a un invierno m\u00e1s c\u00e1lido de lo habitual,el tiempo volver\u00e1 a complicarse en&hellip;\n","protected":false},"author":2,"featured_media":343585,"comment_status":"","ping_status":"","sticky":false,"template":"","format":"standard","meta":{"footnotes":""},"categories":[5],"tags":[17,18,25,24,13,14,11,19,20,9,10,15,16,23,12,21,22],"class_list":{"0":"post-343584","1":"post","2":"type-post","3":"status-publish","4":"format-standard","5":"has-post-thumbnail","7":"category-titulares","8":"tag-breaking-news","9":"tag-breakingnews","10":"tag-es","11":"tag-espana","12":"tag-featured-news","13":"tag-featurednews","14":"tag-headlines","15":"tag-latest-news","16":"tag-latestnews","17":"tag-news","18":"tag-noticias","19":"tag-noticias-destacadas","20":"tag-noticiasdestacadas","21":"tag-spain","22":"tag-titulares","23":"tag-ultimas-noticias","24":"tag-ultimasnoticias"},"share_on_mastodon":{"url":"https:\/\/pubeurope.com\/@es\/115903546152010007","error":""},"_links":{"self":[{"href":"https:\/\/www.europesays.com\/es\/wp-json\/wp\/v2\/posts\/343584","targetHints":{"allow":["GET"]}}],"collection":[{"href":"https:\/\/www.europesays.com\/es\/wp-json\/wp\/v2\/posts"}],"about":[{"href":"https:\/\/www.europesays.com\/es\/wp-json\/wp\/v2\/types\/post"}],"author":[{"embeddable":true,"href":"https:\/\/www.europesays.com\/es\/wp-json\/wp\/v2\/users\/2"}],"replies":[{"embeddable":true,"href":"https:\/\/www.europesays.com\/es\/wp-json\/wp\/v2\/comments?post=343584"}],"version-history":[{"count":0,"href":"https:\/\/www.europesays.com\/es\/wp-json\/wp\/v2\/posts\/343584\/revisions"}],"wp:featuredmedia":[{"embeddable":true,"href":"https:\/\/www.europesays.com\/es\/wp-json\/wp\/v2\/media\/343585"}],"wp:attachment":[{"href":"https:\/\/www.europesays.com\/es\/wp-json\/wp\/v2\/media?parent=343584"}],"wp:term":[{"taxonomy":"category","embeddable":true,"href":"https:\/\/www.europesays.com\/es\/wp-json\/wp\/v2\/categories?post=343584"},{"taxonomy":"post_tag","embeddable":true,"href":"https:\/\/www.europesays.com\/es\/wp-json\/wp\/v2\/tags?post=343584"}],"curies":[{"name":"wp","href":"https:\/\/api.w.org\/{rel}","templated":true}]}}