{"id":343615,"date":"2026-01-16T07:36:15","date_gmt":"2026-01-16T07:36:15","guid":{"rendered":"https:\/\/www.europesays.com\/es\/343615\/"},"modified":"2026-01-16T07:36:15","modified_gmt":"2026-01-16T07:36:15","slug":"gracias-a-la-jornada-de-infancia-misionera-se-sostienen-2-600-proyectos-infantiles","status":"publish","type":"post","link":"https:\/\/www.europesays.com\/es\/343615\/","title":{"rendered":"Gracias a la Jornada de Infancia Misionera se sostienen 2.600 proyectos infantiles"},"content":{"rendered":"<p>Gracias a lo que <a href=\"https:\/\/infanciamisionera.es\" rel=\"nofollow noopener\" target=\"_blank\">esta Obra Pontificia<\/a> recauda en todo el mundo -de ni\u00f1os y de adultos-, <strong>el Papa puede sostener cada a\u00f1o 2.600 proyectos infantiles en las misiones.\u00a0<\/strong><\/p>\n<p>Uno de ellos es el Centro de Discapacitados de Dajla (S\u00e1hara), al que ha viajado el aventurero Telmo Aldaz de la Quadra-Salcedo.\u00a0<\/p>\n<p>Son incontables las iniciativas infantiles de la Iglesia en los territorios de misi\u00f3n: colegios, hospitales, hogares, maternidades, catequesis\u2026 Toda esta labor es sostenida y apoyada cada a\u00f1o a trav\u00e9s de la Obra Pontificia de Infancia Misionera.\u00a0<\/p>\n<p><strong>El dinero recaudado en todo el mundo \u201313.860.000\u20ac en 2025\u2013, se pone a disposici\u00f3n del Santo Padre, para que desde Roma se distribuyan las ayudas de una forma equitativa entre las 1.131 di\u00f3cesis j\u00f3venes que tiene la Iglesia, que son consideradas territorios de misi\u00f3n. \u00a0<\/strong><\/p>\n<p>Este dinero llega cada a\u00f1o a <strong>2.600 proyectos, <\/strong>que benefician a m\u00e1s de cuatro millones de ni\u00f1os. Por un lado, se ofrece un apoyo ordinario a cada una de estas di\u00f3cesis, y por otro se financian proyectos extraordinarios de educaci\u00f3n (55 %), protecci\u00f3n de la vida (25 %) y evangelizaci\u00f3n (20 %).<\/p>\n<p><strong>Espa\u00f1a volvi\u00f3 a ser el pa\u00eds que m\u00e1s aport\u00f3 a Infancia Misionera, <\/strong>seguido de Alemania y de Australia. Desde el bolsillo de los ni\u00f1os espa\u00f1oles \u2013y de los adultos que generosamente han contribuido-, en 2025 se envi\u00f3 desde nuestro pa\u00eds 2.453.113,45\u20ac, para apoyar 473 proyectos en 36 pa\u00edses, que llegaron a m\u00e1s de 700.000 ni\u00f1os.<\/p>\n<p style=\"font-size:25px\"><strong>\u00abTu vida, una misi\u00f3n\u00bb<\/strong><\/p>\n<p>Este domingo, Jornada de Infancia Misionera, <strong>es una nueva oportunidad para apoyar la labor que se realiza en las misiones con los m\u00e1s peque\u00f1os. <\/strong>\u00a0A estos ni\u00f1os misioneros, el Papa Le\u00f3n XIV les ha dirigido unas\u00a0<a href=\"https:\/\/omp.us16.list-manage.com\/track\/click?u=a0b7c91bbf1680971eef450ac&amp;id=4f79cee602&amp;e=1278243823\" target=\"_blank\" rel=\"noreferrer noopener nofollow\">palabras de agradecimiento en el \u00c1ngelus del pasado 6 de enero<\/a>. \u00abEn la Jornada Misionera de los Ni\u00f1os, quiero saludar y dar las gracias a todos los ni\u00f1os y j\u00f3venes que, en muchas partes del mundo, rezan por los misioneros y se comprometen a ayudar a sus coet\u00e1neos m\u00e1s desvalidos. \u00a1Gracias, queridos amigos!\u00bb.<\/p>\n","protected":false},"excerpt":{"rendered":"Gracias a lo que esta Obra Pontificia recauda en todo el mundo -de ni\u00f1os y de adultos-, el&hellip;\n","protected":false},"author":2,"featured_media":343616,"comment_status":"","ping_status":"","sticky":false,"template":"","format":"standard","meta":{"footnotes":""},"categories":[8],"tags":[17,18,25,24,13,14,11,19,20,2508,9,10,15,16,14100,23,12,21,22],"class_list":{"0":"post-343615","1":"post","2":"type-post","3":"status-publish","4":"format-standard","5":"has-post-thumbnail","7":"category-espana","8":"tag-breaking-news","9":"tag-breakingnews","10":"tag-es","11":"tag-espana","12":"tag-featured-news","13":"tag-featurednews","14":"tag-headlines","15":"tag-latest-news","16":"tag-latestnews","17":"tag-misioneros","18":"tag-news","19":"tag-noticias","20":"tag-noticias-destacadas","21":"tag-noticiasdestacadas","22":"tag-solidaridad","23":"tag-spain","24":"tag-titulares","25":"tag-ultimas-noticias","26":"tag-ultimasnoticias"},"share_on_mastodon":{"url":"https:\/\/pubeurope.com\/@es\/115903632950001571","error":""},"_links":{"self":[{"href":"https:\/\/www.europesays.com\/es\/wp-json\/wp\/v2\/posts\/343615","targetHints":{"allow":["GET"]}}],"collection":[{"href":"https:\/\/www.europesays.com\/es\/wp-json\/wp\/v2\/posts"}],"about":[{"href":"https:\/\/www.europesays.com\/es\/wp-json\/wp\/v2\/types\/post"}],"author":[{"embeddable":true,"href":"https:\/\/www.europesays.com\/es\/wp-json\/wp\/v2\/users\/2"}],"replies":[{"embeddable":true,"href":"https:\/\/www.europesays.com\/es\/wp-json\/wp\/v2\/comments?post=343615"}],"version-history":[{"count":0,"href":"https:\/\/www.europesays.com\/es\/wp-json\/wp\/v2\/posts\/343615\/revisions"}],"wp:featuredmedia":[{"embeddable":true,"href":"https:\/\/www.europesays.com\/es\/wp-json\/wp\/v2\/media\/343616"}],"wp:attachment":[{"href":"https:\/\/www.europesays.com\/es\/wp-json\/wp\/v2\/media?parent=343615"}],"wp:term":[{"taxonomy":"category","embeddable":true,"href":"https:\/\/www.europesays.com\/es\/wp-json\/wp\/v2\/categories?post=343615"},{"taxonomy":"post_tag","embeddable":true,"href":"https:\/\/www.europesays.com\/es\/wp-json\/wp\/v2\/tags?post=343615"}],"curies":[{"name":"wp","href":"https:\/\/api.w.org\/{rel}","templated":true}]}}