{"id":343625,"date":"2026-01-16T07:46:11","date_gmt":"2026-01-16T07:46:11","guid":{"rendered":"https:\/\/www.europesays.com\/es\/343625\/"},"modified":"2026-01-16T07:46:11","modified_gmt":"2026-01-16T07:46:11","slug":"la-portada-de-estadio-deportivo-para-el-viernes-16-de-enero-de-2026","status":"publish","type":"post","link":"https:\/\/www.europesays.com\/es\/343625\/","title":{"rendered":"La portada de ESTADIO Deportivo para el viernes, 16 de enero de 2026"},"content":{"rendered":"<p>Sergio Ramos, en el Sevilla FC; el Chimy \u00c1vila, en el Betis; los Hispanos, en el Europeo de Balonmano; los apuros del Barcelona en Santander o la solvencia del Valencia ante el Burgos, en la Copa del Rey&#8230;<\/p>\n<p class=\"parrafo\">La portada de <strong>ESTADIO Deportivo<\/strong> para el viernes, 16 de enero de 2026 tiene a Sergio Ramos como principal protagonista, tras aterrizar en la ma\u00f1ana del jueves en la capital andaluza para avanzar en su intento de compra del Sevilla FC. El Chimy \u00c1vila, cotizando al alza tras su doblete al Elche; las victorias de Bar\u00e7a y Valencia, para avanzar en la Copa del Rey; y el notable debut de la selecci\u00f3n espa\u00f1ola en el Europeo de balonmano completan el resumen del d\u00eda.<\/p>\n<p>Sergio Ramos da el paso&#8230; pero se pone a la cola <\/p>\n<p class=\"parrafo\">Los accionistas del Sevilla FC, con P\u00e9rez Solano como portavoz, extraen \u00absensaciones positivas\u00bb de su reuni\u00f3n con Sergio Ramos, que lleg\u00f3 acompa\u00f1ado de su hermano Ren\u00e9 y el abogado Julio Senn. Con su visita quiso dejar claro que va muy en serio pero fue informado de que habr\u00eda otro supuesto comprador con derecho de exclusividad. Movi\u00e9ndose a medio camino entre la expectaci\u00f3n y a\u00fan una cierta incredulidad, la cosa apunta a ir para rato. <\/p>\n<p><a class=\"elementos-rel-t2\" href=\"https:\/\/www.estadiodeportivo.com\/futbol\/sevilla-fc\/reunion-sergio-ramos-con-accionistas-del-sevilla-sin-del-nido-benavente-con-perez-solano-mando-sensaciones-positivas-freno-echado-20260115-526737.html\" title=\"La reuni\u00f3n de Sergio Ramos con accionistas del Sevilla: sin Del Nido Benavente, con P\u00e9rez Solano al mando, &quot;sensaciones positivas&quot;... y el freno echado\" rel=\"nofollow noopener\" target=\"_blank\"><\/p>\n<p class=\"titular titulo-4\">La reuni\u00f3n de Sergio Ramos con accionistas del Sevilla: sin Del Nido Benavente, con P\u00e9rez Solano al mando, \u00absensaciones positivas\u00bb&#8230; y el freno echado<\/p>\n<p><img decoding=\"async\" src=\"https:\/\/www.europesays.com\/es\/wp-content\/uploads\/2026\/01\/3c30e822-bfee-40eb-9911-b8db264f7764_320x180.jpeg\" alt=\"La reuni\u00f3n de Sergio Ramos con accionistas del Sevilla: sin Del Nido Benavente, con P\u00e9rez Solano al mando, &quot;sensaciones positivas&quot;... y el freno echado\"\/><\/a><a class=\"elementos-rel-t2\" href=\"https:\/\/www.estadiodeportivo.com\/futbol\/sevilla-fc\/sergio-ramos-equipo-aterrizan-sevilla-con-venta-del-club-como-protagonista-20260115-526684.html\" title=\"Sergio Ramos y su equipo aterrizan en Sevilla con la venta del club como protagonista\" rel=\"nofollow noopener\" target=\"_blank\"><\/p>\n<p class=\"titular titulo-4\">Sergio Ramos y su equipo aterrizan en Sevilla con la venta del club como protagonista<\/p>\n<p><img decoding=\"async\" src=\"https:\/\/www.europesays.com\/es\/wp-content\/uploads\/2026\/01\/b3ea2e59-a810-46e6-80d9-515145b3523f_320x180.jpeg\" alt=\"Sergio Ramos y su equipo aterrizan en Sevilla con la venta del club como protagonista\"\/><\/a>Chimy \u00c1vila, qu\u00e9date <\/p>\n<p class=\"parrafo\">El Getafe CF ha alcanzado un acuerdo con el delantero uruguayo Mart\u00edn Satriano (cedido por el Brest en el Olympique de Lyon) y ha paralizado el fichaje del rosarino. A\u00fan maneja varias opciones en Argentina, especialmente en Boca Juniors; y se le han abierto dos nuevas v\u00edas en Italia, donde se han sumado el Cremonese y el Pisa. Tras su doblete salvador ante el Elche el vestuario del Real Betis le pide p\u00fablicamente que siga de verdiblanco: Bartra, Aitor Ruibal, Adri\u00e1n, Pellegrini&#8230; <\/p>\n<p><a class=\"elementos-rel-t2\" href=\"https:\/\/www.estadiodeportivo.com\/futbol\/betis\/getafe-decanta-por-martin-satriano-descarta-fichaje-del-chimy-avila-arropado-por-vestuario-del-betis-siempre-callo-20260115-526747.html\" title=\"El Getafe se decanta por Mart\u00edn Satriano y descarta el fichaje del Chimy \u00c1vila, arropado por el vestuario del Betis: &quot;Siempre da el callo&quot;  \" rel=\"nofollow noopener\" target=\"_blank\"><\/p>\n<p class=\"titular titulo-4\">El Getafe se decanta por Mart\u00edn Satriano y descarta el fichaje del Chimy \u00c1vila, arropado por el vestuario del Betis: \u00abSiempre da el callo\u00bb  <\/p>\n<p><img decoding=\"async\" src=\"https:\/\/www.europesays.com\/es\/wp-content\/uploads\/2026\/01\/5ffed9c6-22ac-4c87-802b-fd1bea39f73a_320x180.jpeg\" alt=\"El Getafe se decanta por Mart\u00edn Satriano y descarta el fichaje del Chimy \u00c1vila, arropado por el vestuario del Betis: &quot;Siempre da el callo&quot;  \"\/><\/a><a class=\"elementos-rel-t2\" href=\"https:\/\/www.estadiodeportivo.com\/futbol\/copa-del-rey\/los-equipos-clasificados-para-cuartos-final-copa-del-rey-unico-condicionante-del-sorteo-20260115-526750.html\" title=\"Los equipos clasificados para cuartos de final de la Copa del Rey y el \u00fanico condicionante del sorteo\" rel=\"nofollow noopener\" target=\"_blank\"><\/p>\n<p class=\"titular titulo-4\">Los equipos clasificados para cuartos de final de la Copa del Rey y el \u00fanico condicionante del sorteo<\/p>\n<p><img decoding=\"async\" src=\"https:\/\/www.europesays.com\/es\/wp-content\/uploads\/2026\/01\/18b885e5-ea37-415a-8944-5343341ca215_320x180.jpeg\" alt=\"Los equipos clasificados para cuartos de final de la Copa del Rey y el \u00fanico condicionante del sorteo\"\/><\/a>Copa del Rey: El Racing de Santander roza la &#8216;Albacetada&#8217; ante el Barcelona <\/p>\n<p class=\"parrafo\">El FC Barcelona, con bastantes m\u00e1s apuros de los esperados, se mete en los cuartos de final de la Copa del Rey tras vencer al Racing de Santander por 0-2, <a href=\"https:\/\/www.estadiodeportivo.com\/futbol\/copa-del-rey\/racing-barcelona-flick-entiende-rotaciones-joan-garcia-evita-hazana-cantabra-sardinero-20260115-526749.html\" target=\"_blank\" class=\"intext-link\" rel=\"nofollow noopener\">gracias a un gran Joan Garc\u00eda<\/a>. En el otro choque de este pasado jueves, el Valencia CF resolvi\u00f3 con solvencia el duelo ante el Burgos CF (0-2) con<a href=\"https:\/\/www.estadiodeportivo.com\/futbol\/copa-del-rey\/burgos-valencia-iranzo-sadiq-invitan-otra-ronda-mas-para-despejarse-liga-20260115-526748.html\" target=\"_blank\" class=\"intext-link\" rel=\"nofollow noopener\"> el reestreno goleador de Sadiq<\/a>. El lunes 19 de enero, a las 13:00 horas, se celebrar\u00e1 un sorteo con el Real Madrid como gran ausente y con foco en el Albacete, que al ser el \u00fanico equipo de Segunda que sobrevive tiene asegurado jugarse el pase a semifinales en el Carlos Belmonte. <\/p>\n<p>Europeo de Balonmano: buen estreno de Espa\u00f1a <\/p>\n<p class=\"parrafo\">Los Hispanos abren el Europeo de balonmano a lo grande, con un triunfo de gran m\u00e9rito ante la selecci\u00f3n de Serbia (29-27) en encuentro muy completo, marcado por los momentos de gran brillantez del primer tiempo y por el s\u00f3lido oficio demostrado durante el segundo acto. <\/p>\n<p><a class=\"elementos-rel-t2\" href=\"https:\/\/www.estadiodeportivo.com\/polideportivo\/los-hispanos-abren-europeo-por-todo-alto-20260115-526717.html\" title=\"Los Hispanos abren el Europeo por todo lo alto\" rel=\"nofollow noopener\" target=\"_blank\"><\/p>\n<p class=\"titular titulo-4\">Los Hispanos abren el Europeo por todo lo alto<\/p>\n<p><img decoding=\"async\" src=\"https:\/\/www.europesays.com\/es\/wp-content\/uploads\/2026\/01\/69315a8a-5864-416e-b577-415729ffc5f6_320x180.jpeg\" alt=\"Los Hispanos abren el Europeo por todo lo alto\"\/><\/a><a class=\"elementos-rel-t2\" href=\"https:\/\/www.estadiodeportivo.com\/polideportivo\/asi-queda-europeo-balonmano-masculino-2026-resultados-clasificaciones-tras-jornada-fase-grupos-hoy-enero-20260115-526742.html\" title=\"As\u00ed queda el Europeo de Balonmano Masculino 2026: resultados y clasificaciones tras la jornada 1 de fase de grupos hoy 15 de enero\" rel=\"nofollow noopener\" target=\"_blank\"><\/p>\n<p class=\"titular titulo-4\">As\u00ed queda el Europeo de Balonmano Masculino 2026: resultados y clasificaciones tras la jornada 1 de fase de grupos hoy 15 de enero<\/p>\n<p><img decoding=\"async\" src=\"https:\/\/www.europesays.com\/es\/wp-content\/uploads\/2026\/01\/4b6bf3ed-a237-4497-878c-e0cc1b599f7f_320x180.jpeg\" alt=\"As\u00ed queda el Europeo de Balonmano Masculino 2026: resultados y clasificaciones tras la jornada 1 de fase de grupos hoy 15 de enero\"\/><\/a><\/p>\n","protected":false},"excerpt":{"rendered":"Sergio Ramos, en el Sevilla FC; el Chimy \u00c1vila, en el Betis; los Hispanos, en el Europeo de&hellip;\n","protected":false},"author":2,"featured_media":343626,"comment_status":"","ping_status":"","sticky":false,"template":"","format":"standard","meta":{"footnotes":""},"categories":[268],"tags":[37591,168,25,24,284,280,282,17162,23120,286,6744,2993,281,23,167],"class_list":{"0":"post-343625","1":"post","2":"type-post","3":"status-publish","4":"format-standard","5":"has-post-thumbnail","7":"category-futbol","8":"tag-chimy-avila","9":"tag-deportes","10":"tag-es","11":"tag-espana","12":"tag-estadio-deportivo","13":"tag-football","14":"tag-futbol","15":"tag-hispanos","16":"tag-portada-ed","17":"tag-real-betis-balompie","18":"tag-sergio-ramos","19":"tag-sevilla-futbol-club","20":"tag-soccer","21":"tag-spain","22":"tag-sports"},"share_on_mastodon":{"url":"https:\/\/pubeurope.com\/@es\/115903672326811643","error":""},"_links":{"self":[{"href":"https:\/\/www.europesays.com\/es\/wp-json\/wp\/v2\/posts\/343625","targetHints":{"allow":["GET"]}}],"collection":[{"href":"https:\/\/www.europesays.com\/es\/wp-json\/wp\/v2\/posts"}],"about":[{"href":"https:\/\/www.europesays.com\/es\/wp-json\/wp\/v2\/types\/post"}],"author":[{"embeddable":true,"href":"https:\/\/www.europesays.com\/es\/wp-json\/wp\/v2\/users\/2"}],"replies":[{"embeddable":true,"href":"https:\/\/www.europesays.com\/es\/wp-json\/wp\/v2\/comments?post=343625"}],"version-history":[{"count":0,"href":"https:\/\/www.europesays.com\/es\/wp-json\/wp\/v2\/posts\/343625\/revisions"}],"wp:featuredmedia":[{"embeddable":true,"href":"https:\/\/www.europesays.com\/es\/wp-json\/wp\/v2\/media\/343626"}],"wp:attachment":[{"href":"https:\/\/www.europesays.com\/es\/wp-json\/wp\/v2\/media?parent=343625"}],"wp:term":[{"taxonomy":"category","embeddable":true,"href":"https:\/\/www.europesays.com\/es\/wp-json\/wp\/v2\/categories?post=343625"},{"taxonomy":"post_tag","embeddable":true,"href":"https:\/\/www.europesays.com\/es\/wp-json\/wp\/v2\/tags?post=343625"}],"curies":[{"name":"wp","href":"https:\/\/api.w.org\/{rel}","templated":true}]}}