{"id":343641,"date":"2026-01-16T08:00:45","date_gmt":"2026-01-16T08:00:45","guid":{"rendered":"https:\/\/www.europesays.com\/es\/343641\/"},"modified":"2026-01-16T08:00:45","modified_gmt":"2026-01-16T08:00:45","slug":"lucha-contra-la-manipulacion-extrema-y-la-explotacion-sexual-en-redes-sociales-19-01-2026-noticias","status":"publish","type":"post","link":"https:\/\/www.europesays.com\/es\/343641\/","title":{"rendered":"Lucha contra la manipulaci\u00f3n extrema y la explotaci\u00f3n sexual en redes sociales | 19-01-2026 | Noticias"},"content":{"rendered":"<p class=\"ep-wysiwig_paragraph\">La discusi\u00f3n con representantes del Consejo y la Comisi\u00f3n tendr\u00e1 lugar ante el \u00faltimo esc\u00e1ndalo despu\u00e9s de conocerse que el chatbot de IA de X, Grok, facilita la creaci\u00f3n de im\u00e1genes sexuales expl\u00edcitas de mujeres y ni\u00f1os. Varios Gobiernos han prohibido su uso y otros han anunciado la apertura investigaciones sobre esta funci\u00f3n de \u00abpornificaci\u00f3n\u00bb, que pone en riesgo de abusos a mujeres y menores. Es previsible que los eurodiputados insten a la Comisi\u00f3n a actuar de manera m\u00e1s decidida en el marco de la Ley de Servicios Digitales (DSA, en ingl\u00e9s) y la Ley de Inteligencia Artificial para abordar la generaci\u00f3n de contenido ilegal mediante IA.<\/p>\n<p class=\"ep-wysiwig_paragraph\"><strong> Antecedentes<\/strong><\/p>\n<p class=\"ep-wysiwig_paragraph\">En diciembre de 2025, la Comisi\u00f3n Europea <a href=\"https:\/\/ec.europa.eu\/commission\/presscorner\/detail\/es\/ip_25_2934\" target=\"_blank\" rel=\"noopener nofollow\">impuso la primera multa<\/a> en aplicaci\u00f3n de la Ley de Servicios Digitales contra X por incumplir las obligaciones de transparencia. Tambi\u00e9n hay investigaciones en curso para comprobar si X ha infringido la DSA en \u00e1reas relacionadas con la publicaci\u00f3n de contenido ilegal y la lucha contra la manipulaci\u00f3n de la informaci\u00f3n. La Comisi\u00f3n ha condenado a X por producir im\u00e1genes sexualizadas y le ha ordenado conservar todos los documentos relacionados con su chatbot de IA mientras contin\u00faan las investigaciones.<\/p>\n<p class=\"ep-wysiwig_paragraph\"><strong>Declaraciones del Consejo y la Comisi\u00f3n Europea, sin resoluci\u00f3n<br \/>Debate: martes, 20 de enero<\/strong><\/p>\n","protected":false},"excerpt":{"rendered":"La discusi\u00f3n con representantes del Consejo y la Comisi\u00f3n tendr\u00e1 lugar ante el \u00faltimo esc\u00e1ndalo despu\u00e9s de conocerse&hellip;\n","protected":false},"author":2,"featured_media":193618,"comment_status":"","ping_status":"","sticky":false,"template":"","format":"standard","meta":{"footnotes":""},"categories":[5],"tags":[17,18,25,24,13,14,11,19,20,9,10,15,16,23,12,21,22],"class_list":{"0":"post-343641","1":"post","2":"type-post","3":"status-publish","4":"format-standard","5":"has-post-thumbnail","7":"category-titulares","8":"tag-breaking-news","9":"tag-breakingnews","10":"tag-es","11":"tag-espana","12":"tag-featured-news","13":"tag-featurednews","14":"tag-headlines","15":"tag-latest-news","16":"tag-latestnews","17":"tag-news","18":"tag-noticias","19":"tag-noticias-destacadas","20":"tag-noticiasdestacadas","21":"tag-spain","22":"tag-titulares","23":"tag-ultimas-noticias","24":"tag-ultimasnoticias"},"share_on_mastodon":{"url":"https:\/\/pubeurope.com\/@es\/115903727027122020","error":""},"_links":{"self":[{"href":"https:\/\/www.europesays.com\/es\/wp-json\/wp\/v2\/posts\/343641","targetHints":{"allow":["GET"]}}],"collection":[{"href":"https:\/\/www.europesays.com\/es\/wp-json\/wp\/v2\/posts"}],"about":[{"href":"https:\/\/www.europesays.com\/es\/wp-json\/wp\/v2\/types\/post"}],"author":[{"embeddable":true,"href":"https:\/\/www.europesays.com\/es\/wp-json\/wp\/v2\/users\/2"}],"replies":[{"embeddable":true,"href":"https:\/\/www.europesays.com\/es\/wp-json\/wp\/v2\/comments?post=343641"}],"version-history":[{"count":0,"href":"https:\/\/www.europesays.com\/es\/wp-json\/wp\/v2\/posts\/343641\/revisions"}],"wp:featuredmedia":[{"embeddable":true,"href":"https:\/\/www.europesays.com\/es\/wp-json\/wp\/v2\/media\/193618"}],"wp:attachment":[{"href":"https:\/\/www.europesays.com\/es\/wp-json\/wp\/v2\/media?parent=343641"}],"wp:term":[{"taxonomy":"category","embeddable":true,"href":"https:\/\/www.europesays.com\/es\/wp-json\/wp\/v2\/categories?post=343641"},{"taxonomy":"post_tag","embeddable":true,"href":"https:\/\/www.europesays.com\/es\/wp-json\/wp\/v2\/tags?post=343641"}],"curies":[{"name":"wp","href":"https:\/\/api.w.org\/{rel}","templated":true}]}}