{"id":343648,"date":"2026-01-16T08:09:09","date_gmt":"2026-01-16T08:09:09","guid":{"rendered":"https:\/\/www.europesays.com\/es\/343648\/"},"modified":"2026-01-16T08:09:09","modified_gmt":"2026-01-16T08:09:09","slug":"el-racing-barcelona-de-copa-del-rey-comenzo-15-minutos-tarde-por-motivos-de-seguridad","status":"publish","type":"post","link":"https:\/\/www.europesays.com\/es\/343648\/","title":{"rendered":"El Racing-Barcelona de Copa del Rey comenz\u00f3 15 minutos tarde por motivos de seguridad"},"content":{"rendered":"<p>El inicio del <a href=\"https:\/\/okdiario.com\/deportes\/alineacion-del-barcelona-contra-racing-flick-apuesta-joan-araujo-copa-16072086\" rel=\"nofollow noopener\" target=\"_blank\">Racing de Santander-Barcelona<\/a> de octavos de final de la <a href=\"https:\/\/www.fcbarcelona.es\/es\/\" rel=\"nofollow noopener\" target=\"_blank\">Copa del Rey<\/a> se ha retrasado 15 minutos por motivos de seguridad. El conjunto c\u00e1ntabro informa que las puertas se han abierto demasiado tarde y hay mucha gente sin entrar. El motivo es que el <a href=\"https:\/\/okdiario.com\/deportes\/racing-barcelona-directo-sigue-vivo-online-gratis-minuto-minuto-del-partido-octavos-final-copa-del-rey-16077030\" rel=\"nofollow noopener\" target=\"_blank\">autob\u00fas del equipo local<\/a> lleg\u00f3 tarde y los aficionados han estado esperando en la calle calados hasta los huesos con la que estaba cayendo. Como no dar\u00eda tiempo a llenar el estadio a las 21:00, se ha decidido comenzar el partido a las 21:15 horas.<\/p>\n<p>El partido comenzar\u00e1 a las 21:15. Una situaci\u00f3n que ya le pas\u00f3 al <strong>Barcelona<\/strong> en la anterior ronda de <strong>Copa del Rey<\/strong> contra el Guadalajara por motivos de seguridad tambi\u00e9n. Pero en este caso, fue por otro motivo. Las puertas se abrieron demasiado tarde, y eso cre\u00f3 todo el problema.<\/p>\n<p>De hecho, el<strong> Barcelona<\/strong> lleg\u00f3 al Sardinero casi dos horas antes del inicio de partido. Mucho antes de lo habitual para evitar problemas en los accesos. Algo que no pudo evitar el Racing, que con el tr\u00e1fico lleg\u00f3 algo m\u00e1s tarde al estadio.<\/p>\n<p>\u00abInformaci\u00f3n oficial: debido a un problema de seguridad por acumulaci\u00f3n de gente en los accesos al estadio, se retrasa 15 minutos el inicio del Racing-Barcelona\u00bb, inform\u00f3 la Federaci\u00f3n.<\/p>\n<p>\u00abPor problemas en los accesos, la RFEF acaba de comunicar a ambos clubes que el Racing \u2013 Bar\u00e7a comenzar\u00e1 oficialmente a las 21:15 h\u00bb, dijo el Barcelona.<\/p>\n","protected":false},"excerpt":{"rendered":"El inicio del Racing de Santander-Barcelona de octavos de final de la Copa del Rey se ha retrasado&hellip;\n","protected":false},"author":2,"featured_media":343649,"comment_status":"","ping_status":"","sticky":false,"template":"","format":"standard","meta":{"footnotes":""},"categories":[268],"tags":[168,25,24,280,282,281,23,167],"class_list":{"0":"post-343648","1":"post","2":"type-post","3":"status-publish","4":"format-standard","5":"has-post-thumbnail","7":"category-futbol","8":"tag-deportes","9":"tag-es","10":"tag-espana","11":"tag-football","12":"tag-futbol","13":"tag-soccer","14":"tag-spain","15":"tag-sports"},"share_on_mastodon":{"url":"https:\/\/pubeurope.com\/@es\/115903762567632824","error":""},"_links":{"self":[{"href":"https:\/\/www.europesays.com\/es\/wp-json\/wp\/v2\/posts\/343648","targetHints":{"allow":["GET"]}}],"collection":[{"href":"https:\/\/www.europesays.com\/es\/wp-json\/wp\/v2\/posts"}],"about":[{"href":"https:\/\/www.europesays.com\/es\/wp-json\/wp\/v2\/types\/post"}],"author":[{"embeddable":true,"href":"https:\/\/www.europesays.com\/es\/wp-json\/wp\/v2\/users\/2"}],"replies":[{"embeddable":true,"href":"https:\/\/www.europesays.com\/es\/wp-json\/wp\/v2\/comments?post=343648"}],"version-history":[{"count":0,"href":"https:\/\/www.europesays.com\/es\/wp-json\/wp\/v2\/posts\/343648\/revisions"}],"wp:featuredmedia":[{"embeddable":true,"href":"https:\/\/www.europesays.com\/es\/wp-json\/wp\/v2\/media\/343649"}],"wp:attachment":[{"href":"https:\/\/www.europesays.com\/es\/wp-json\/wp\/v2\/media?parent=343648"}],"wp:term":[{"taxonomy":"category","embeddable":true,"href":"https:\/\/www.europesays.com\/es\/wp-json\/wp\/v2\/categories?post=343648"},{"taxonomy":"post_tag","embeddable":true,"href":"https:\/\/www.europesays.com\/es\/wp-json\/wp\/v2\/tags?post=343648"}],"curies":[{"name":"wp","href":"https:\/\/api.w.org\/{rel}","templated":true}]}}