{"id":343685,"date":"2026-01-16T08:46:13","date_gmt":"2026-01-16T08:46:13","guid":{"rendered":"https:\/\/www.europesays.com\/es\/343685\/"},"modified":"2026-01-16T08:46:13","modified_gmt":"2026-01-16T08:46:13","slug":"concierto-de-adrian-nuez-en-llano-de-maria-rivera-ayuntamiento-de-la-villa-de-santa-brigida","status":"publish","type":"post","link":"https:\/\/www.europesays.com\/es\/343685\/","title":{"rendered":"Concierto de Adri\u00e1n Nuez en Llano de Mar\u00eda Rivera \u00bb Ayuntamiento de la Villa de Santa Br\u00edgida"},"content":{"rendered":"<p><strong>El Ayuntamiento de la Villa de Santa Br\u00edgida<\/strong> invita a disfrutar del concierto de guitarra\u00a0Islas Afortunadas y de tierras latinoamericanas\u00a0interpretado por\u00a0<strong>Adri\u00e1n Nuez Vera.\u00a0<\/strong>La velada tendr\u00e1 lugar en la Asosciacion de Vecinos Llano de Mar\u00eda Rivera el s\u00e1bado\u00a0<strong>17 de enero<\/strong>, a las\u00a018.00 horas. <\/p>\n<p>El concierto pone en valor\u00a0<strong>la guitarra cl\u00e1sica <\/strong>como instrumento solista a trav\u00e9s de un repertorio inspirado en el folclore canario y la m\u00fasica latinoamericana, dos realidades culturales unidas por una profunda<strong> relaci\u00f3n hist\u00f3rica y migratoria. <\/strong><\/p>\n<p><a href=\"https:\/\/www.santabrigida.es\/wp-content\/uploads\/2026\/01\/017-Concierto-Llano-Ma-Rivera-guitarra-1448x2048-1.jpg\" rel=\"nofollow noopener\" target=\"_blank\"><img loading=\"lazy\" decoding=\"async\" width=\"724\" height=\"1024\" src=\"https:\/\/www.europesays.com\/es\/wp-content\/uploads\/2026\/01\/017-Concierto-Llano-Ma-Rivera-guitarra-1448x2048-1-724x1024.jpg\" alt=\"\" class=\"wp-image-42346\"  \/><\/a><\/p>\n<p>El repertorio est\u00e1 formado por obras que abarcan g\u00e9neros diversos como isas, habaneras, joropos, tangos y danzas.<\/p>\n<p>La entrada es de car\u00e1cter libre y gratuita.<\/p>\n<p><a href=\"https:\/\/www.europesays.com\/es\/wp-content\/uploads\/2026\/01\/Sin-titulo-600x690-1.png\"><img loading=\"lazy\" decoding=\"async\" width=\"600\" height=\"690\" src=\"https:\/\/www.europesays.com\/es\/wp-content\/uploads\/2026\/01\/Sin-titulo-600x690-1.png\" alt=\"\" class=\"wp-image-42347\"  \/><\/a><\/p>\n<p>El concierto forma parte de la programaci\u00f3n de la <strong>Concejal\u00eda de Cultura <\/strong>que dirige <strong>Avelina Fern\u00e1ndez Manrique de Lara<\/strong> dise\u00f1ada para este mes de enero. <\/p>\n<p><strong>Adri\u00e1n Nuez<\/strong><\/p>\n<p>Adri\u00e1n Nuez Vera (Santa Luc\u00eda de Tirajana, 2002), Grado Profesional\u00a0en el Conservatorio Profesional de M\u00fasica de Las Palmas de Gran Canaria, con Matr\u00edcula de Honor en Guitarra, debut\u00f3 a los 20 a\u00f1os como\u00a0<strong>solista con la Orquesta Filarm\u00f3nica de Gran Canaria,<\/strong>\u00a0bajo la direcci\u00f3n del maestro Josep Gil, tras superar la Audici\u00f3n para J\u00f3venes Solistas Canarios. <\/p>\n<p><a href=\"https:\/\/www.santabrigida.es\/wp-content\/uploads\/2026\/01\/d.jpg\" rel=\"nofollow noopener\" target=\"_blank\"><img loading=\"lazy\" decoding=\"async\" width=\"1024\" height=\"1024\" src=\"https:\/\/www.europesays.com\/es\/wp-content\/uploads\/2026\/01\/d-1024x1024.jpg\" alt=\"\" class=\"wp-image-42358\"  \/><\/a><\/p>\n<p>Nuez Vera ha ampliado su formaci\u00f3n recibiendo clases magistrales de \u00a0guitarristas como Joaqu\u00edn Clerch, Aniello Desiderio, David Mart\u00ednez, Francisco Bernier, Mitsutoshi Tanaka, entre otros. Tambi\u00e9n ha formado parte de varias orquestas, siendo solista en diversas ocasiones. Actualmente estudia <strong>4\u00ba Curso de Interpretaci\u00f3n (Guitarra)<\/strong> en el Conservatorio Superior de M\u00fasica de Canarias, bajo la tutela de Jos\u00e9 Mar\u00eda Ram\u00edrez.<\/p>\n<p>A lo largo de su trayectoria ha obtenido numerosos premios en concursos nacionales e internacionales y ha participado activamente en proyectos art\u00edsticos, pedag\u00f3gicos y de divulgaci\u00f3n cultural. Su trabajo art\u00edstico se centra en la reivindicaci\u00f3n de <strong>la guitarra como instrumento solista<\/strong> capaz de expresar <strong>la riqueza sonora y emocional del patrimonio musical.<\/strong><\/p>\n<p><a href=\"https:\/\/whatsapp.com\/channel\/0029VahknXBDzgTHGJW3DC1v\" rel=\"nofollow noopener\" target=\"_blank\">S\u00edguenos a trav\u00e9s del canal de WhatsApp<\/a><\/p>\n","protected":false},"excerpt":{"rendered":"El Ayuntamiento de la Villa de Santa Br\u00edgida invita a disfrutar del concierto de guitarra\u00a0Islas Afortunadas y de&hellip;\n","protected":false},"author":2,"featured_media":343686,"comment_status":"","ping_status":"","sticky":false,"template":"","format":"standard","meta":{"footnotes":""},"categories":[5],"tags":[17,18,25,24,13,14,11,19,20,9,10,15,16,23,12,21,22],"class_list":{"0":"post-343685","1":"post","2":"type-post","3":"status-publish","4":"format-standard","5":"has-post-thumbnail","7":"category-titulares","8":"tag-breaking-news","9":"tag-breakingnews","10":"tag-es","11":"tag-espana","12":"tag-featured-news","13":"tag-featurednews","14":"tag-headlines","15":"tag-latest-news","16":"tag-latestnews","17":"tag-news","18":"tag-noticias","19":"tag-noticias-destacadas","20":"tag-noticiasdestacadas","21":"tag-spain","22":"tag-titulares","23":"tag-ultimas-noticias","24":"tag-ultimasnoticias"},"share_on_mastodon":{"url":"https:\/\/pubeurope.com\/@es\/115903907980737171","error":""},"_links":{"self":[{"href":"https:\/\/www.europesays.com\/es\/wp-json\/wp\/v2\/posts\/343685","targetHints":{"allow":["GET"]}}],"collection":[{"href":"https:\/\/www.europesays.com\/es\/wp-json\/wp\/v2\/posts"}],"about":[{"href":"https:\/\/www.europesays.com\/es\/wp-json\/wp\/v2\/types\/post"}],"author":[{"embeddable":true,"href":"https:\/\/www.europesays.com\/es\/wp-json\/wp\/v2\/users\/2"}],"replies":[{"embeddable":true,"href":"https:\/\/www.europesays.com\/es\/wp-json\/wp\/v2\/comments?post=343685"}],"version-history":[{"count":0,"href":"https:\/\/www.europesays.com\/es\/wp-json\/wp\/v2\/posts\/343685\/revisions"}],"wp:featuredmedia":[{"embeddable":true,"href":"https:\/\/www.europesays.com\/es\/wp-json\/wp\/v2\/media\/343686"}],"wp:attachment":[{"href":"https:\/\/www.europesays.com\/es\/wp-json\/wp\/v2\/media?parent=343685"}],"wp:term":[{"taxonomy":"category","embeddable":true,"href":"https:\/\/www.europesays.com\/es\/wp-json\/wp\/v2\/categories?post=343685"},{"taxonomy":"post_tag","embeddable":true,"href":"https:\/\/www.europesays.com\/es\/wp-json\/wp\/v2\/tags?post=343685"}],"curies":[{"name":"wp","href":"https:\/\/api.w.org\/{rel}","templated":true}]}}