{"id":343711,"date":"2026-01-16T09:08:09","date_gmt":"2026-01-16T09:08:09","guid":{"rendered":"https:\/\/www.europesays.com\/es\/343711\/"},"modified":"2026-01-16T09:08:09","modified_gmt":"2026-01-16T09:08:09","slug":"por-que-espana-esta-a-la-cola-de-la-ue-en-aprendizaje-de-ingles-y-que-se-puede-hacer-para-mejorar-el-mundo","status":"publish","type":"post","link":"https:\/\/www.europesays.com\/es\/343711\/","title":{"rendered":"\u00bfPor qu\u00e9 Espa\u00f1a est\u00e1 a la cola de la UE en aprendizaje de ingl\u00e9s y qu\u00e9 se puede hacer para mejorar? &#8211; El Mundo"},"content":{"rendered":"<ol>\n<li><a href=\"https:\/\/news.google.com\/rss\/articles\/CBMiekFVX3lxTE5DQnIyZnl1SVpKUTliVW1FMEVqOG5nX2Z1S2JNZG41dmEtR0lTaGZERGg4djFuQ3RZTnVfQUhCeDFDMFZ6LTZrRklsZzY5bTFYUXdlbnRCczg0WW40Nkt5eGlnNXY4d2hqWmNpYkMxLVk0d29kTlhyMUJB0gF6QVVfeXFMUHBLUUFraHMtMjlhZVdyWklneksxc0dGbjl2VGg4clB5bFJrUXNxa3hNZFA0U1lJUTNDX2FMV2NUZkJTVElFMXV2U3NUMWo2X2E5bDB4NkVFVERDRVAwTmNHTXFPeE0zTEljNzE0S1VsY280VnhYNTZXenc?oc=5\" target=\"_blank\" rel=\"nofollow noopener\">\u00bfPor qu\u00e9 Espa\u00f1a est\u00e1 a la cola de la UE en aprendizaje de ingl\u00e9s y qu\u00e9 se puede hacer para mejorar?<\/a>&nbsp;&nbsp;El Mundo<\/li>\n<li><a href=\"https:\/\/news.google.com\/rss\/articles\/CBMipgFBVV95cUxNRUJvX1daLU5GTjg3MFhwY2VBQXVER2VvVjNiX2JDdjFBdm8taFF0c3YyWHVwMWNEd3BlUld6SWNYS1hWOE80VFhtdC0zakRJWk1lMlMzTG8ydzRlWDFvWmtfRXRqMEI2MHE5UkVKNTVyYkE3clBUVnNHYkNXc0N3WWlDX0plS3p4OFpIYUNKa2JYMGxQY1ZHMEgzdFNhM2NycUVSQ3VR?oc=5\" target=\"_blank\" rel=\"nofollow noopener\">Espa\u00f1a estudia ingl\u00e9s, pero no termina de hablarlo | Formaci\u00f3n | Econom\u00eda<\/a>&nbsp;&nbsp;EL PA\u00cdS<\/li>\n<li><a href=\"https:\/\/news.google.com\/rss\/articles\/CBMilAFBVV95cUxPUUlfUnFxMXU4cGJsZkNzc3VvY3d2cGJzQVhUcXJFc0JPSFF3QWlvdGstRDMtNFZIRXQxTHZWMENxM2FraHB4ZE13cjdNQTBCUmUwNVRfRE1GVjFJZFFGc3VQQUlSNWJtQnkzMFpQNTJzT2tLdE15R09QSFFEUVlsVHJtWjZHQktLYlYyTXJsem1Ib0dv?oc=5\" target=\"_blank\" rel=\"nofollow noopener\">Espa\u00f1a mejora su nivel de ingl\u00e9s, pero sigue siendo mediocre<\/a>&nbsp;&nbsp;El Peri\u00f3dico<\/li>\n<li><a href=\"https:\/\/news.google.com\/rss\/articles\/CBMingFBVV95cUxPOXItcnZBRWZ6U0F2VktiRnNwQmNiZ0swYUNxSERWUExKZmc4OTBYNXdhd1ozVDFmUjlSallkNTNjZjlfTS1UWERLNFJ1NmNvaVBLU2VFTFpiUlVIRWJYcWlfUnVQZ3k2SGRnN0ROTEdjc19Kdk5odE5xRWtLd1RPcWFmX3B3SUdWaGNxMzVSRHlnVUdBQnJnUFdIMGZtdw?oc=5\" target=\"_blank\" rel=\"nofollow noopener\">El nivel de ingl\u00e9s avanza en Espa\u00f1a a un ritmo m\u00e1s lento que su entorno, seg\u00fan informe EF<\/a>&nbsp;&nbsp;ABC<\/li>\n<li><a href=\"https:\/\/news.google.com\/rss\/articles\/CBMi5wFBVV95cUxPMVpDN0JNM1VnbGY2YW43Qm5IOTJ0aUdhR1BMQzVSR055WUI0RjBCVEo3Z196N1d0RzJLSm15WUZFcTM1empZdjFDREUtakZNd01LTVAtZTlRMFBwLXZmcUNqNWlvTndlUEhKcEZ1TlpDUVM4Mlc5M1NCMnlQVnF0djRDVW5YTXlVV0FfYkxFaEFTRmx4d0tVeDB2YmdhN0RSeW1sRTJ6b01aM0pmSDNXQmtfbEt3Z1RIRklWMlRRTHNGV1pLZEdkSDdHY29VT1Btc0Q5ckdIeTFfS0UyWEs0YS1jb2JrQVHSAewBQVVfeXFMUHNieVl1dHFZWUtfUnU3ZF9qQm1aMnB5T3RQbDVLeWVTVTgzRk5CRjZ5S29KTzZjZVc1TGNHdm11ekVjSm03TDV4a2V1Ry1BWkMzZDBVTkdSSXZoTlVsaWRqSjk2WjdTV1J2SVljbG04SEVBSm13dGlOSVBwZUU2U016ZUZkUzVyWVA1TGF5Vjk0ZC1nWG1KTF9RdnRaYW5JV0w5TWsxcFU2X2piT3JidjdDRVhtMGNsa3h2LUdNdExwdTBuUmFnbWpBdkVoazlxVmlQMWxPY1Z1N2NKZ1RqUUFSRTZyVnRjdnJRTGk?oc=5\" target=\"_blank\" rel=\"nofollow noopener\">Los espa\u00f1oles mejoran su ingl\u00e9s, pero seguimos en la mitad del mundo<\/a>&nbsp;&nbsp;Telemadrid<\/li>\n<\/ol>\n","protected":false},"excerpt":{"rendered":"\u00bfPor qu\u00e9 Espa\u00f1a est\u00e1 a la cola de la UE en aprendizaje de ingl\u00e9s y qu\u00e9 se puede&hellip;\n","protected":false},"author":2,"featured_media":343712,"comment_status":"","ping_status":"","sticky":false,"template":"","format":"standard","meta":{"footnotes":""},"categories":[8],"tags":[17,18,2026,25,24,13,14,11,19,20,9,10,15,16,23,12,21,22],"class_list":{"0":"post-343711","1":"post","2":"type-post","3":"status-publish","4":"format-standard","5":"has-post-thumbnail","7":"category-espana","8":"tag-breaking-news","9":"tag-breakingnews","10":"tag-educacion","11":"tag-es","12":"tag-espana","13":"tag-featured-news","14":"tag-featurednews","15":"tag-headlines","16":"tag-latest-news","17":"tag-latestnews","18":"tag-news","19":"tag-noticias","20":"tag-noticias-destacadas","21":"tag-noticiasdestacadas","22":"tag-spain","23":"tag-titulares","24":"tag-ultimas-noticias","25":"tag-ultimasnoticias"},"share_on_mastodon":{"url":"https:\/\/pubeurope.com\/@es\/115903994536193122","error":""},"_links":{"self":[{"href":"https:\/\/www.europesays.com\/es\/wp-json\/wp\/v2\/posts\/343711","targetHints":{"allow":["GET"]}}],"collection":[{"href":"https:\/\/www.europesays.com\/es\/wp-json\/wp\/v2\/posts"}],"about":[{"href":"https:\/\/www.europesays.com\/es\/wp-json\/wp\/v2\/types\/post"}],"author":[{"embeddable":true,"href":"https:\/\/www.europesays.com\/es\/wp-json\/wp\/v2\/users\/2"}],"replies":[{"embeddable":true,"href":"https:\/\/www.europesays.com\/es\/wp-json\/wp\/v2\/comments?post=343711"}],"version-history":[{"count":0,"href":"https:\/\/www.europesays.com\/es\/wp-json\/wp\/v2\/posts\/343711\/revisions"}],"wp:featuredmedia":[{"embeddable":true,"href":"https:\/\/www.europesays.com\/es\/wp-json\/wp\/v2\/media\/343712"}],"wp:attachment":[{"href":"https:\/\/www.europesays.com\/es\/wp-json\/wp\/v2\/media?parent=343711"}],"wp:term":[{"taxonomy":"category","embeddable":true,"href":"https:\/\/www.europesays.com\/es\/wp-json\/wp\/v2\/categories?post=343711"},{"taxonomy":"post_tag","embeddable":true,"href":"https:\/\/www.europesays.com\/es\/wp-json\/wp\/v2\/tags?post=343711"}],"curies":[{"name":"wp","href":"https:\/\/api.w.org\/{rel}","templated":true}]}}