{"id":343713,"date":"2026-01-16T09:09:08","date_gmt":"2026-01-16T09:09:08","guid":{"rendered":"https:\/\/www.europesays.com\/es\/343713\/"},"modified":"2026-01-16T09:09:08","modified_gmt":"2026-01-16T09:09:08","slug":"julio-iglesias-hoy-en-directo-ultima-hora-del-comunicado-del-cantante-su-abogado-jose-antonio-choclan-y-reacciones-el-periodico","status":"publish","type":"post","link":"https:\/\/www.europesays.com\/es\/343713\/","title":{"rendered":"Julio Iglesias, hoy en directo: \u00faltima hora del comunicado del cantante, su abogado Jos\u00e9 Antonio Chocl\u00e1n y reacciones &#8211; El Peri\u00f3dico"},"content":{"rendered":"<ol>\n<li><a href=\"https:\/\/news.google.com\/rss\/articles\/CBMioAFBVV95cUxQTnNhZmdHUWRnZ3JKRzM2eWdXcHR1NDNKVlZCOE5OQmw1SjA2M0pnMmdRemlIMzVGc2ZQTkc5OWQ3QmZFVThOclExZnU5UW40MG5TaWVQRVdhc3RRVzdiSTZMa0FxWEw2RUhKeVRxQ05jdGZydVhNZW93TmkzSWJwY1kxc3c4NmduYXhMV2hWTkVXc2FlV21mQWpBdHo3VDdx?oc=5\" target=\"_blank\" rel=\"nofollow noopener\">Julio Iglesias, hoy en directo: \u00faltima hora del comunicado del cantante, su abogado Jos\u00e9 Antonio Chocl\u00e1n y reacciones<\/a>&nbsp;&nbsp;El Peri\u00f3dico<\/li>\n<li><a href=\"https:\/\/news.google.com\/rss\/articles\/CBMi8AFBVV95cUxPN2FKSkNySk9WWTJqeUJVMlhrTDBLZmFBa3ZXY25CbFNpamdvLVlNc1RNbE45elpMUFhBdzBOcjJZUGE5WTAyY1dLZWJ0a1kxUGNacXhELWR2UEJKd1MyU2k0bnh4OFBKYnlMdVFrM1l0dnNVV2lxNzB2aHNIdFUwV2FDaElaSXVXbkdpYkxXZlRSLVdnS0gwQUR4cF9LcmNRdmJQdVFtbEVJSWd3RDNXNU50cFoxWjlyQXZ4X005STJaXzFqVUlhbndJYldfMk1iSW9NTVdOV1NRdUc4dy1LXzRwenN0dEwzem4zeGlla2g?oc=5\" target=\"_blank\" rel=\"nofollow noopener\">Habla la ONG que ha denunciado a Julio Iglesias: \u201cSiempre las solicitaba j\u00f3venes, latinas y con un f\u00edsico de su agrado\u201d<\/a>&nbsp;&nbsp;EL PA\u00cdS<\/li>\n<li><a href=\"https:\/\/news.google.com\/rss\/articles\/CBMigAFBVV95cUxPRXEybzVHNnhjamUtSXBkekQ0eTBWdVA3YkYtX25nSHVFU1B1Z2VuRHFiNGxBOU5IOUtzeWlqOUFLeU1JN1pGMzNtT0w2MEdyc09jbDNCYlBLMEwtMUVZTXBnaDQ5UXFmRGlaOUQzNFpadzZmZEc2dFROcVE2aXo3TdIBgAFBVV95cUxPcVBGc2RrdjdNeGg1ZVE1RFQyaHNVMXZSeTRlLXNVNlctS3F3Yllha0UtRzI4cVFuZmdKeGZKSVUyUERfeEhYM3NudTlWQzQxdkJCdjlhUUxCTU9uYU5mZzNGcGh4MnYwVXpxTUZydFJUTFlfdXN2TGVNajdreWprVA?oc=5\" target=\"_blank\" rel=\"nofollow noopener\">El episodio de Ver\u00f3nica Castro \u00abno consentido\u00bb con Julio Iglesias: \u00abMe agarr\u00f3 la cabeza. Me dio un beso\u00bb<\/a>&nbsp;&nbsp;El Mundo<\/li>\n<li><a href=\"https:\/\/news.google.com\/rss\/articles\/CBMiwAFBVV95cUxQdmF6bVJkQlJRTUxfMmd4TW9kemZpdk13X0x1cDlZVTFpNUhLOEJfaFQ1SzhmSlBITW9yTHNjWTNyTnBZMkc5RFZiOUFrajUxYnUwXzItV0s4dFFBdXBOWlRXWTJxWlBtOV9aTlBFRDJlTGtKRFIwY3NkOVE5WmFmSWJVc3FvcG44VXRMX3J0aU1UdklRWU5GMi1KMk9HUUhiLTd6dnk0MW0yQVpUSE9VclIzVFZuR1NjMEcxUERxYUc?oc=5\" target=\"_blank\" rel=\"nofollow noopener\">Extrabajadoras de las mansiones de Julio Iglesias acusan al cantante de agresiones sexuales<\/a>&nbsp;&nbsp;elDiario.es<\/li>\n<li><a href=\"https:\/\/news.google.com\/rss\/articles\/CBMiowFBVV95cUxNanZyNmJ5REppVWdvLXNLb1NWeWEybHhmRHM1RFRhS0FWZVZBT1ppTTcwaElXQjhjSmxnNVMtZHRhSHJUYk1TNmwwdnlBN0dMdTVUTzFDYmlEcW5td0tkaTJSdWdwUjZKYl9fNkRoMG9sY05Ba2NRQWpwbFk5bXN2Q3BXLXNEY19sMm50ajhuYlFuRll1N0JvTTgyX0VqemM1VTlZ?oc=5\" target=\"_blank\" rel=\"nofollow noopener\">Julio Iglesias responde por primera vez a las acusaciones contra \u00e9l: \u00abNiego haber abusado, coaccionado o faltado el respeto a ninguna mujer\u00bb<\/a>&nbsp;&nbsp;ABC<\/li>\n<\/ol>\n","protected":false},"excerpt":{"rendered":"Julio Iglesias, hoy en directo: \u00faltima hora del comunicado del cantante, su abogado Jos\u00e9 Antonio Chocl\u00e1n y reacciones&nbsp;&nbsp;El&hellip;\n","protected":false},"author":2,"featured_media":343714,"comment_status":"","ping_status":"","sticky":false,"template":"","format":"standard","meta":{"footnotes":""},"categories":[5],"tags":[17,18,25,24,13,14,11,8216,78038,19,20,9,10,15,16,23,12,21,22],"class_list":{"0":"post-343713","1":"post","2":"type-post","3":"status-publish","4":"format-standard","5":"has-post-thumbnail","7":"category-titulares","8":"tag-breaking-news","9":"tag-breakingnews","10":"tag-es","11":"tag-espana","12":"tag-featured-news","13":"tag-featurednews","14":"tag-headlines","15":"tag-julio-iglesias","16":"tag-julio-iglesias-ultima-hora-directo","17":"tag-latest-news","18":"tag-latestnews","19":"tag-news","20":"tag-noticias","21":"tag-noticias-destacadas","22":"tag-noticiasdestacadas","23":"tag-spain","24":"tag-titulares","25":"tag-ultimas-noticias","26":"tag-ultimasnoticias"},"share_on_mastodon":{"url":"https:\/\/pubeurope.com\/@es\/115903998359103795","error":""},"_links":{"self":[{"href":"https:\/\/www.europesays.com\/es\/wp-json\/wp\/v2\/posts\/343713","targetHints":{"allow":["GET"]}}],"collection":[{"href":"https:\/\/www.europesays.com\/es\/wp-json\/wp\/v2\/posts"}],"about":[{"href":"https:\/\/www.europesays.com\/es\/wp-json\/wp\/v2\/types\/post"}],"author":[{"embeddable":true,"href":"https:\/\/www.europesays.com\/es\/wp-json\/wp\/v2\/users\/2"}],"replies":[{"embeddable":true,"href":"https:\/\/www.europesays.com\/es\/wp-json\/wp\/v2\/comments?post=343713"}],"version-history":[{"count":0,"href":"https:\/\/www.europesays.com\/es\/wp-json\/wp\/v2\/posts\/343713\/revisions"}],"wp:featuredmedia":[{"embeddable":true,"href":"https:\/\/www.europesays.com\/es\/wp-json\/wp\/v2\/media\/343714"}],"wp:attachment":[{"href":"https:\/\/www.europesays.com\/es\/wp-json\/wp\/v2\/media?parent=343713"}],"wp:term":[{"taxonomy":"category","embeddable":true,"href":"https:\/\/www.europesays.com\/es\/wp-json\/wp\/v2\/categories?post=343713"},{"taxonomy":"post_tag","embeddable":true,"href":"https:\/\/www.europesays.com\/es\/wp-json\/wp\/v2\/tags?post=343713"}],"curies":[{"name":"wp","href":"https:\/\/api.w.org\/{rel}","templated":true}]}}