{"id":343721,"date":"2026-01-16T09:18:09","date_gmt":"2026-01-16T09:18:09","guid":{"rendered":"https:\/\/www.europesays.com\/es\/343721\/"},"modified":"2026-01-16T09:18:09","modified_gmt":"2026-01-16T09:18:09","slug":"espana-presume-de-estabilidad-laliga-la-mas-solida-del-mundo","status":"publish","type":"post","link":"https:\/\/www.europesays.com\/es\/343721\/","title":{"rendered":"Espa\u00f1a presume de estabilidad: LaLiga, la m\u00e1s s\u00f3lida del mundo"},"content":{"rendered":"<p class=\"\"><b>LaLiga<\/b> confirma su posici\u00f3n como la competici\u00f3n m\u00e1s estable del mundo, seg\u00fan el \u00faltimo informe del<b> CIES Football Observatory<\/b>, que mide la continuidad de las plantillas por meses que los jugadores permanecen en el primer equipo, un indicador de cohesi\u00f3n, identidad y solidez deportiva.<\/p>\n<p>El Athletic, modelo de continuidad<\/p>\n<p class=\"\">El <b>Athletic Club<\/b> lidera a los equipos espa\u00f1oles y es el tercer club m\u00e1s estable del mundo, con 52,5 meses por jugador, solo superado por <b>Seattle Sounders y Al-Sadd. <\/b><\/p>\n<p class=\"\">Su apuesta por la cantera y por jugadores vascos les permite mantener bloques experimentados con identidad definida, lo que se traduce en regularidad temporada tras temporada.<\/p>\n<p>Cantera y proyectos s\u00f3lidos<\/p>\n<p class=\"\"><b>La Real Sociedad <\/b>(46,8 meses) y <b>Osasuna <\/b>(46,2) refuerzan esta tendencia, apostando por futbolistas formados en casa y <b>proyectos a medio y largo plazo. <\/b><\/p>\n<p class=\"\"><b>El Getafe<\/b> (42,2) combina continuidad de su n\u00facleo con fichajes estrat\u00e9gicos, mientras que <b>Atl\u00e9tico<\/b> (45,9) y <b>Real Madrid<\/b> (45,6) demuestran que incluso clubes con alta presi\u00f3n medi\u00e1tica pueden mantener una columna vertebral reconocible. Por su parte, el <b>Fc Barcelona<\/b> (33,5) refleja un proceso de renovaci\u00f3n m\u00e1s intenso en los \u00faltimos a\u00f1os, aunque mantiene una base que aporta <b>identidad y coherencia al proyecto.<\/b><\/p>\n<p>Los que m\u00e1s cambian<\/p>\n<p class=\"\">No todos los clubes espa\u00f1oles siguen esta l\u00ednea continuista. Seg\u00fan el <b>CIES<\/b>, <b>el Betis<\/b> (16,8 meses), <b>el Elche <\/b>(15,8) y<b> el Levante<\/b> (14,6) son los equipos de <b>LaLiga <\/b>con menor estabilidad de plantilla, cifras que responden a procesos de reconstrucci\u00f3n, cambios de rumbo deportivo y contextos <b>marcados por ascensos, descensos o ajustes econ\u00f3micos.<\/b><\/p>\n<p>Por delante de EuropaNoticias relacionadas<a href=\"https:\/\/as.com\/futbol\/real-madrid\/el-dato-que-sentencia-a-xabi-alonso-por-debajo-de-benitez-y-muy-lejos-de-ancelotti-f202601-n\/\" class=\"s_m_w\" title=\"La etapa del entrenador vasco al mando del Real Madrid no ha cumplido las expectativas y sus estad\u00edsticas as\u00ed lo reflejan.\" data-tb-link=\"\" rel=\"nofollow noopener\" target=\"_blank\"><img decoding=\"async\" src=\"https:\/\/www.europesays.com\/es\/wp-content\/uploads\/2026\/01\/EW3WOGA66ZI7TDPPL5AWLW3HJA.jpg\" alt=\"El dato que sentencia a Xabi Alonso: por debajo de Ben\u00edtez y muy lejos de Ancelotti\" class=\"\" height=\"9\" width=\"16\"   loading=\"lazy\" data-tb-thumbnail=\"\"\/><\/a><a href=\"https:\/\/as.com\/futbol\/real-madrid\/terremoto-mundial-por-el-despido-de-xabi-alonso-f202601-n\/\" class=\"s_m_w\" title=\"La prensa internacional repasa la noticia del cambio en el banquillo del Real Madrid. Sorpresa a nivel general por la salida de Xabi.\" data-tb-link=\"\" rel=\"nofollow noopener\" target=\"_blank\"><img decoding=\"async\" src=\"https:\/\/www.europesays.com\/es\/wp-content\/uploads\/2026\/01\/LAPUS6OOXZHUTADM4W7U7GXMFM.JPG\" alt=\"Terremoto mundial por el despido de Xabi Alonso\" class=\"\" height=\"9\" width=\"16\"   loading=\"lazy\" data-tb-thumbnail=\"\"\/><\/a><\/p>\n<p class=\"\">Pese a estas excepciones, varios clubes espa\u00f1oles superan a hist\u00f3ricos europeos como <b>Bayern M\u00fanich<\/b> (45,6 meses), <b>Liverpool <\/b>(44,4),<b> Aston Vill<\/b>a (43,5) o <b>RB Leipzig<\/b> (42,4). Una diferencia que refuerza el modelo de planificaci\u00f3n de <b>LaLiga <\/b>frente a otras grandes ligas, donde la rotaci\u00f3n de futbolistas es m\u00e1s habitual. En un f\u00fatbol marcado por cambios constantes, el campeonato espa\u00f1ol sigue apostando por la paciencia y la continuidad como valor diferencial.<\/p>\n<p class=\"\"><b>\u00a1Tus opiniones importan!<\/b> Comenta en los art\u00edculos y suscr\u00edbete gratis a nuestra <a href=\"https:\/\/asfan.as.com\/newsletters\/\" target=\"_blank\" rel=\"nofollow noopener\" title=\"https:\/\/asfan.as.com\/newsletters\/\">newsletter<\/a> y a las alertas informativas en la <a href=\"https:\/\/as.com\/aplicacion-de-as-n\/\" target=\"_blank\" rel=\"nofollow noopener\" title=\"https:\/\/as.com\/aplicacion-de-as-n\/\">App<\/a> o el canal de <a href=\"https:\/\/www.whatsapp.com\/channel\/0029VaAasdA7j6g745nz9M10\" target=\"_blank\" rel=\"nofollow noopener\" title=\"https:\/\/www.whatsapp.com\/channel\/0029VaAasdA7j6g745nz9M10\">WhatsApp<\/a>. \u00bfBuscas licenciar contenido? Haz clic <a href=\"https:\/\/profesional.elpais.com\/soluciones-sindicacion?utm_medium=interno&amp;utm_source=crosslinking&amp;utm_campaign=sindicacion_as_pie_articulos\" target=\"_blank\" rel=\"nofollow noopener\" title=\"https:\/\/profesional.elpais.com\/soluciones-sindicacion?utm_medium=interno&amp;utm_source=crosslinking&amp;utm_campaign=sindicacion_as_pie_articulos\">aqu\u00ed<\/a><\/p>\n","protected":false},"excerpt":{"rendered":"LaLiga confirma su posici\u00f3n como la competici\u00f3n m\u00e1s estable del mundo, seg\u00fan el \u00faltimo informe del CIES Football&hellip;\n","protected":false},"author":2,"featured_media":343722,"comment_status":"","ping_status":"","sticky":false,"template":"","format":"standard","meta":{"footnotes":""},"categories":[268],"tags":[168,25,24,280,282,281,23,167],"class_list":{"0":"post-343721","1":"post","2":"type-post","3":"status-publish","4":"format-standard","5":"has-post-thumbnail","7":"category-futbol","8":"tag-deportes","9":"tag-es","10":"tag-espana","11":"tag-football","12":"tag-futbol","13":"tag-soccer","14":"tag-spain","15":"tag-sports"},"share_on_mastodon":{"url":"https:\/\/pubeurope.com\/@es\/115904033906657905","error":""},"_links":{"self":[{"href":"https:\/\/www.europesays.com\/es\/wp-json\/wp\/v2\/posts\/343721","targetHints":{"allow":["GET"]}}],"collection":[{"href":"https:\/\/www.europesays.com\/es\/wp-json\/wp\/v2\/posts"}],"about":[{"href":"https:\/\/www.europesays.com\/es\/wp-json\/wp\/v2\/types\/post"}],"author":[{"embeddable":true,"href":"https:\/\/www.europesays.com\/es\/wp-json\/wp\/v2\/users\/2"}],"replies":[{"embeddable":true,"href":"https:\/\/www.europesays.com\/es\/wp-json\/wp\/v2\/comments?post=343721"}],"version-history":[{"count":0,"href":"https:\/\/www.europesays.com\/es\/wp-json\/wp\/v2\/posts\/343721\/revisions"}],"wp:featuredmedia":[{"embeddable":true,"href":"https:\/\/www.europesays.com\/es\/wp-json\/wp\/v2\/media\/343722"}],"wp:attachment":[{"href":"https:\/\/www.europesays.com\/es\/wp-json\/wp\/v2\/media?parent=343721"}],"wp:term":[{"taxonomy":"category","embeddable":true,"href":"https:\/\/www.europesays.com\/es\/wp-json\/wp\/v2\/categories?post=343721"},{"taxonomy":"post_tag","embeddable":true,"href":"https:\/\/www.europesays.com\/es\/wp-json\/wp\/v2\/tags?post=343721"}],"curies":[{"name":"wp","href":"https:\/\/api.w.org\/{rel}","templated":true}]}}