{"id":343727,"date":"2026-01-16T09:24:09","date_gmt":"2026-01-16T09:24:09","guid":{"rendered":"https:\/\/www.europesays.com\/es\/343727\/"},"modified":"2026-01-16T09:24:09","modified_gmt":"2026-01-16T09:24:09","slug":"es-la-tercera-parte-de-una-famosa-saga-y-acaba-de-llegar-a-disney-una-estremecedora-banda-sonora","status":"publish","type":"post","link":"https:\/\/www.europesays.com\/es\/343727\/","title":{"rendered":"Es la tercera parte de una famosa saga, y acaba de llegar a Disney+: \u00abUna estremecedora banda sonora\u00bb"},"content":{"rendered":"\n<ul class=\"bodyList bodyList--unordered\">\n<li class=\"bodyList__item\"><strong><a href=\"https:\/\/www.elconfidencial.com\/cultura\/cine\/2026-01-13\/premios-goya-2026-actores-peliculas-nominados-directo_4282815\/\" target=\"_self\" rel=\"nofollow noopener\">Nominaciones Premios Goya 2026: todas las pel\u00edculas y actores nominados<\/a><\/strong><\/li>\n<li class=\"bodyList__item\"><strong><a href=\"https:\/\/www.elconfidencial.com\/cultura\/2026-01-13\/donde-ver-sirat-pelicula-11-nominaciones-goya-2026-finalista-oscar-1qrt_4283187\/\" target=\"_self\" rel=\"nofollow noopener\">D\u00f3nde ver Sirat, la pel\u00edcula que ha recibido 11 nominaciones a los Goya 2026 y es finalista al Oscar a Mejor Pel\u00edcula Internacional<\/a><\/strong><\/li>\n<\/ul>\n<p> Una ambiciosa superproducci\u00f3n de ciencia ficci\u00f3n acaba de incorporarse al cat\u00e1logo de la plataforma de streaming <a href=\"https:\/\/www.elconfidencial.com\/tags\/otros\/disney-20659\/\" target=\"_self\" rel=\"nofollow noopener\">Disney+<\/a>. Se trata de la continuaci\u00f3n de una conocida saga, con un fuerte componente tecnol\u00f3gico, <a href=\"https:\/\/www.elconfidencial.com\/tags\/otros\/inteligencia-artificial-13783\/\" target=\"_self\" rel=\"nofollow noopener\">Inteligencia Artificial<\/a> como eje narrativo y <strong>un despliegue visual<\/strong> que conecta el pasado con el presente de la franquicia. <\/p>\n<p> La pel\u00edcula es Tron: Ares, tercera entrega de la saga Tron y secuela de Tron: Legacy (2010). Dirigida por Joachim R\u00f8nning y producida por Walt Disney Pictures, la cinta lleg\u00f3 a Disney+ el pasado 7 de enero. Protagonizada por <strong>Jared Leto, Greta Lee y Evan Peters<\/strong>, la historia introduce a Ares, un avanzado programa digital que logra cruzar del mundo virtual al real, planteando un conflicto directo entre corporaciones tecnol\u00f3gicas, poder y conciencia artificial. <\/p>\n<p> Tron: Ares supone un punto de inflexi\u00f3n dentro de la franquicia al apostar por un tratamiento m\u00e1s aut\u00f3nomo, aunque manteniendo la continuidad can\u00f3nica del <strong>universo creado en 1982<\/strong>. <a href=\"https:\/\/www.elconfidencial.com\/cultura\/2025-10-10\/pelicula-clint-eastwood-jeff-bridges-prime-video-1qrt_4225017\/\" target=\"_self\" rel=\"nofollow noopener\">Jeff Bridges<\/a> regresa como Kevin Flynn, \u00fanico personaje heredado de las dos entregas anteriores, en una decisi\u00f3n creativa que, seg\u00fan los productores, buscaba evitar el llamado fan service gratuito y priorizar el relato. <\/p>\n<p>            \u200bUn proyecto dif\u00edcil           <\/p>\n<p> El desarrollo del proyecto fue largo y complejo, con cambios de direcci\u00f3n, reescrituras de guion y retrasos derivados de las huelgas de guionistas y actores en 2023, hasta que el rodaje se complet\u00f3 en Vancouver entre enero y mayo de 2024. Uno de los elementos m\u00e1s destacados del filme es su apartado musical. La banda <strong>Nine Inch Nails (NIN)<\/strong>, con Trent Reznor y Atticus Ross al frente, firm\u00f3 la banda sonora bajo el nombre del grupo. <\/p>\n<p> Esta \u201cestremecedora banda sonora\u201d, tal y como describi\u00f3 el medio <a href=\"https:\/\/www.empireonline.com\/movies\/reviews\/tron-ares\/\" target=\"_blank\" rel=\"nofollow noopener\">Empire<\/a>, marc\u00f3 el tono industrial y m\u00e1s \u00e1spero de la pel\u00edcula, diferenciando el mundo real del entorno digital del Grid. Tras su estreno en cines en octubre de 2025, Tron: Ares <strong>obtuvo una recepci\u00f3n cr\u00edtica dispar<\/strong> y un rendimiento comercial por debajo de lo esperado, aunque su llegada al streaming ha impulsado un nuevo recorrido. <\/p>\n<p>              <img decoding=\"async\" class=\"inTextNews__img\" alt=\"Foto: pelicula-ciberpunk-ciencia-ficcion-movistar-plus-1qrt\" src=\"https:\/\/www.europesays.com\/es\/wp-content\/uploads\/2026\/01\/f.elconfidencial.com\/original\/52e\/f7b\/c42\/52ef7bc42462e65a8c49b5b3825285e2.jpg\"  \/>     <\/p>\n<p>TE PUEDE INTERESAR<\/p>\n<p>      <a class=\"inTextNews__title\" href=\"https:\/\/www.elconfidencial.com\/cultura\/cine\/2026-01-08\/pelicula-ciberpunk-ciencia-ficcion-movistar-plus-1qrt_4280030\/\" onclick=\"window.ECCO.emit(&#039;amplitude&#039;, { dataEventName: &#039;click_related_article_module&#039;, data: { related_article_url: &#039;https:\/\/www.elconfidencial.com\/cultura\/cine\/2026-01-08\/pelicula-ciberpunk-ciencia-ficcion-movistar-plus-1qrt_4280030\/&#039;, related_article_author: &#039;Alberto Richart&#039;, related_article_section: &#039;cine&#039; } })\" rel=\"nofollow noopener\" target=\"_blank\"> La pel\u00edcula &#8216;ciberpunk&#8217; de ciencia ficci\u00f3n que tienes que ver en Movistar Plus+: mezcla animaci\u00f3n digital con &#8216;live-action&#8217; <\/a>   <\/p>\n<p>    A. R.   <\/p>\n<p> Seg\u00fan datos de FlixPatrol, la pel\u00edcula se situ\u00f3 entre los t\u00edtulos m\u00e1s vistos de Disney+ en numerosos pa\u00edses durante sus primeros d\u00edas, consolidando su segunda vida lejos de la taquilla y reforzando su potencial como <strong>obra de culto<\/strong> dentro del cine de <a href=\"https:\/\/www.elconfidencial.com\/cultura\/cine\/2025-06-22\/pelicula-ciencia-ficcion-disney-saga-predator-1qrt_4154164\/\" target=\"_self\" rel=\"nofollow noopener\">ciencia ficci\u00f3n<\/a> contempor\u00e1neo. <\/p>\n","protected":false},"excerpt":{"rendered":"Nominaciones Premios Goya 2026: todas las pel\u00edculas y actores nominados D\u00f3nde ver Sirat, la pel\u00edcula que ha recibido&hellip;\n","protected":false},"author":2,"featured_media":343728,"comment_status":"","ping_status":"","sticky":false,"template":"","format":"standard","meta":{"footnotes":""},"categories":[169],"tags":[177,146,147,25,24,176,175,23],"class_list":{"0":"post-343727","1":"post","2":"type-post","3":"status-publish","4":"format-standard","5":"has-post-thumbnail","7":"category-cine","8":"tag-cine","9":"tag-entertainment","10":"tag-entretenimiento","11":"tag-es","12":"tag-espana","13":"tag-film","14":"tag-movies","15":"tag-spain"},"share_on_mastodon":{"url":"https:\/\/pubeurope.com\/@es\/115904057524685702","error":""},"_links":{"self":[{"href":"https:\/\/www.europesays.com\/es\/wp-json\/wp\/v2\/posts\/343727","targetHints":{"allow":["GET"]}}],"collection":[{"href":"https:\/\/www.europesays.com\/es\/wp-json\/wp\/v2\/posts"}],"about":[{"href":"https:\/\/www.europesays.com\/es\/wp-json\/wp\/v2\/types\/post"}],"author":[{"embeddable":true,"href":"https:\/\/www.europesays.com\/es\/wp-json\/wp\/v2\/users\/2"}],"replies":[{"embeddable":true,"href":"https:\/\/www.europesays.com\/es\/wp-json\/wp\/v2\/comments?post=343727"}],"version-history":[{"count":0,"href":"https:\/\/www.europesays.com\/es\/wp-json\/wp\/v2\/posts\/343727\/revisions"}],"wp:featuredmedia":[{"embeddable":true,"href":"https:\/\/www.europesays.com\/es\/wp-json\/wp\/v2\/media\/343728"}],"wp:attachment":[{"href":"https:\/\/www.europesays.com\/es\/wp-json\/wp\/v2\/media?parent=343727"}],"wp:term":[{"taxonomy":"category","embeddable":true,"href":"https:\/\/www.europesays.com\/es\/wp-json\/wp\/v2\/categories?post=343727"},{"taxonomy":"post_tag","embeddable":true,"href":"https:\/\/www.europesays.com\/es\/wp-json\/wp\/v2\/tags?post=343727"}],"curies":[{"name":"wp","href":"https:\/\/api.w.org\/{rel}","templated":true}]}}