{"id":343769,"date":"2026-01-16T09:54:09","date_gmt":"2026-01-16T09:54:09","guid":{"rendered":"https:\/\/www.europesays.com\/es\/343769\/"},"modified":"2026-01-16T09:54:09","modified_gmt":"2026-01-16T09:54:09","slug":"reivindican-medidas-contra-la-disminucion-de-la-pac-y-el-acuerdo-mercosur","status":"publish","type":"post","link":"https:\/\/www.europesays.com\/es\/343769\/","title":{"rendered":"Reivindican medidas contra la disminuci\u00f3n de la PAC y el acuerdo Mercosur"},"content":{"rendered":"<p>Una caravana de tractores ha partido de Almendralejo esta ma\u00f1ana para reivindicar medidas contra la disminuci\u00f3n de la Pol\u00edtica Agraria Com\u00fan (PAC), as\u00ed como mostrar su rechazo al acuerdo Mercosur. La salida convocada en la capital de Tierra de Barros ha contado con escaso seguimiento por parte del sector, de modo que el propio presidente de la Comunidad de Labradores y Ganadores (CLYGAL) ha entendido el \u201cdes\u00e1nimo\u201d porque \u201cla gente no ve resultado\u201d, aunque ha manifestado que \u201chay que acudir\u201d a este tipo de concentraciones.<\/p>\n<p>Tras Almendralejo, la ruta continuaba en sentido Aceuchal, uni\u00e9ndose agricultores de Villalba para continuar por Santa Marta y Zafra. As\u00ed las cosas, Rama tambi\u00e9n ha mostrado su rechazo a la Agenda 2030, abogando por \u201chacer presiones\u201d y lamentando que \u201cla PAC cada vez se reduce m\u00e1s\u201d. En este sentido, ha afirmando que no el sector del campo extreme\u00f1o no puede continuar con limitaciones laborales, fitosanitarias y fiscales. Considera el presidente de CLYGAL que la situaci\u00f3n empeorar\u00e1 en pocos a\u00f1os porque \u201clos grandes grupos se est\u00e1n apoderando de las grandes explotaciones y acabar\u00e1n dominando el sector agroalimentario\u201d.\u00a0<\/p>\n<ul class=\"wp-block-gallery columns-2 is-cropped\">\n<li class=\"blocks-gallery-item\"><img decoding=\"async\" src=\"https:\/\/www.europesays.com\/es\/wp-content\/uploads\/2026\/01\/15031.jpg\" alt=\"Reivindican medidas contra la disminuci\u00f3n de la PAC y el acuerdo Mercosur\"\/><\/li>\n<li class=\"blocks-gallery-item\"><img decoding=\"async\" src=\"https:\/\/www.europesays.com\/es\/wp-content\/uploads\/2026\/01\/15032.jpg\" alt=\"Reivindican medidas contra la disminuci\u00f3n de la PAC y el acuerdo Mercosur\"\/><\/li>\n<\/ul>\n","protected":false},"excerpt":{"rendered":"Una caravana de tractores ha partido de Almendralejo esta ma\u00f1ana para reivindicar medidas contra la disminuci\u00f3n de la&hellip;\n","protected":false},"author":2,"featured_media":343770,"comment_status":"","ping_status":"","sticky":false,"template":"","format":"standard","meta":{"footnotes":""},"categories":[8],"tags":[17,18,25,24,13,14,11,19,20,9,10,15,16,23,12,21,22],"class_list":{"0":"post-343769","1":"post","2":"type-post","3":"status-publish","4":"format-standard","5":"has-post-thumbnail","7":"category-espana","8":"tag-breaking-news","9":"tag-breakingnews","10":"tag-es","11":"tag-espana","12":"tag-featured-news","13":"tag-featurednews","14":"tag-headlines","15":"tag-latest-news","16":"tag-latestnews","17":"tag-news","18":"tag-noticias","19":"tag-noticias-destacadas","20":"tag-noticiasdestacadas","21":"tag-spain","22":"tag-titulares","23":"tag-ultimas-noticias","24":"tag-ultimasnoticias"},"share_on_mastodon":{"url":"https:\/\/pubeurope.com\/@es\/115904175512188606","error":""},"_links":{"self":[{"href":"https:\/\/www.europesays.com\/es\/wp-json\/wp\/v2\/posts\/343769","targetHints":{"allow":["GET"]}}],"collection":[{"href":"https:\/\/www.europesays.com\/es\/wp-json\/wp\/v2\/posts"}],"about":[{"href":"https:\/\/www.europesays.com\/es\/wp-json\/wp\/v2\/types\/post"}],"author":[{"embeddable":true,"href":"https:\/\/www.europesays.com\/es\/wp-json\/wp\/v2\/users\/2"}],"replies":[{"embeddable":true,"href":"https:\/\/www.europesays.com\/es\/wp-json\/wp\/v2\/comments?post=343769"}],"version-history":[{"count":0,"href":"https:\/\/www.europesays.com\/es\/wp-json\/wp\/v2\/posts\/343769\/revisions"}],"wp:featuredmedia":[{"embeddable":true,"href":"https:\/\/www.europesays.com\/es\/wp-json\/wp\/v2\/media\/343770"}],"wp:attachment":[{"href":"https:\/\/www.europesays.com\/es\/wp-json\/wp\/v2\/media?parent=343769"}],"wp:term":[{"taxonomy":"category","embeddable":true,"href":"https:\/\/www.europesays.com\/es\/wp-json\/wp\/v2\/categories?post=343769"},{"taxonomy":"post_tag","embeddable":true,"href":"https:\/\/www.europesays.com\/es\/wp-json\/wp\/v2\/tags?post=343769"}],"curies":[{"name":"wp","href":"https:\/\/api.w.org\/{rel}","templated":true}]}}